{"id":82990,"date":"2019-10-02T11:21:35","date_gmt":"2019-10-02T08:21:35","guid":{"rendered":"http:\/\/arantv.az\/?p=82990"},"modified":"2019-10-02T11:21:35","modified_gmt":"2019-10-02T08:21:35","slug":"avropa-ittifaqi-az%c9%99rbaycandaki-%c9%99m%c9%99kdasliq-layih%c9%99l%c9%99rinin-t%c9%99xmin%c9%99n-30-faizi-t%c9%99hsill%c9%99-baglidir","status":"publish","type":"post","link":"https:\/\/arantv.az\/?p=82990","title":{"rendered":"Avropa \u0130ttifaq\u0131: Az\u0259rbaycandak\u0131 \u0259m\u0259kda\u015fl\u0131q layih\u0259l\u0259rinin t\u0259xmin\u0259n 30 faizi t\u0259hsill\u0259 ba\u011fl\u0131d\u0131r"},"content":{"rendered":"<blockquote><p><em><strong>Az\u0259rbaycan\u0131n m\u00fcxt\u0259lif qurumlar\u0131 il\u0259 h\u0259yata ke\u00e7iril\u0259n \u0259m\u0259kda\u015fl\u0131q layih\u0259l\u0259rinin t\u0259xmin\u0259n 30 faizi m\u0259hz t\u0259hsill\u0259 ba\u011fl\u0131d\u0131r.<\/strong><\/em><\/p><\/blockquote>\n<p><strong>ARANTV.AZ<\/strong>\u00a0\u00a0<a href=\"https:\/\/az.trend.az\/\" target=\"_blank\" rel=\"noopener\">Trend<\/a>-\u0259 istinad\u0259n x\u0259b\u0259r verir ki, bunu Avropa \u0130ttifaq\u0131n\u0131n maliyy\u0259l\u0259\u015fdirdiyi v\u0259 YUN\u0130SEF-in d\u0259st\u0259yi il\u0259 T\u0259hsil \u0130nstitutu t\u0259r\u0259find\u0259n icra olunan &#8220;\u0130cma qruplar\u0131 vasit\u0259sil\u0259 m\u0259kt\u0259b\u0259q\u0259d\u0259r v\u0259 ibtidai t\u0259hsilin yax\u015f\u0131la\u015fd\u0131r\u0131lmas\u0131&#8221; layih\u0259sinin t\u0259qdimat m\u0259rasimind\u0259 \u00e7\u0131x\u0131\u015f ed\u0259n Avropa \u0130ttifaq\u0131n\u0131n Az\u0259rbaycandak\u0131 N\u00fcmay\u0259nd\u0259liyinin r\u0259hb\u0259ri Kestutis Yankauskas deyib.<\/p>\n<p>Onun s\u00f6zl\u0259rin\u0259 g\u00f6r\u0259, bu layih\u0259 Avropa \u0130ttifaq\u0131n\u0131n T\u0259hsil Nazirliyi il\u0259 birlikd\u0259 h\u0259yata ke\u00e7irdiyi 6 layih\u0259d\u0259n biridir: &#8220;Hesab edirik ki, t\u0259hsil \u0259n fundamental v\u0259 vacib m\u0259s\u0259l\u0259dir. Bizim \u00f6hd\u0259liyimiz odur ki, u\u015faqlara \u0259n yax\u015f\u0131 t\u0259hsili ver\u0259 bil\u0259k. Biz \u0259n h\u0259ssas qruplar\u0131 m\u00fc\u0259yy\u0259n edirik. \u0130cmalar v\u0259 valideynl\u0259rl\u0259 dan\u0131\u015f\u0131b onlar\u0131 bu i\u015f\u0259 c\u0259lb edirik ki, layih\u0259l\u0259rimizi d\u0259st\u0259kl\u0259sinl\u0259r. Bir ild\u0259n sonra biz \u0259minlikl\u0259 dey\u0259 bil\u0259rik ki, t\u0259xmin\u0259n 8 min\u0259 yax\u0131n u\u015fa\u011f\u0131n m\u0259kt\u0259b\u0259q\u0259d\u0259r t\u0259hsil\u0259 \u00e7\u0131x\u0131\u015f imkan\u0131 olacaq. Onlar dig\u0259r u\u015faqlar kimi sosialla\u015facaqlar. Onlar m\u0259kt\u0259bd\u0259 daha yax\u015f\u0131 t\u0259hsil alma\u011fa haz\u0131rla\u015f\u0131rlar&#8221;.<\/p>\n<p>K.Yankauskas \u0259lav\u0259 edib ki, Avropa \u0130ttifaq\u0131 u\u015faqlar\u0131n m\u0259kt\u0259b\u0259q\u0259d\u0259r t\u0259hsild\u0259n yararlana bilm\u0259si \u00fc\u00e7\u00fcn imkanlar yarad\u0131r v\u0259 bunun \u00fc\u00e7\u00fcn Avropa \u00f6lk\u0259l\u0259rinin \u0259n yax\u015f\u0131 modell\u0259rini axtar\u0131r: &#8220;Avropa \u0130ttifaq\u0131 v\u0259 Az\u0259rbaycan\u0131n u\u011furlu \u0259m\u0259kda\u015fl\u0131\u011f\u0131n\u0131 g\u00f6r\u0259 bilirik v\u0259 probleml\u0259ri birg\u0259 m\u00fc\u0259yy\u0259nl\u0259\u015fdiririk. Avropa \u0130ttifaq\u0131 v\u0259 Az\u0259rbaycan \u0259m\u0259kda\u015fl\u0131\u011f\u0131 \u0259n yax\u015f\u0131 \u0259m\u0259kda\u015fl\u0131q n\u00fcmun\u0259sidir&#8221;.<\/p>\n","protected":false},"excerpt":{"rendered":"<p>Az\u0259rbaycan\u0131n m\u00fcxt\u0259lif qurumlar\u0131 il\u0259 h\u0259yata ke\u00e7iril\u0259n \u0259m\u0259kda\u015fl\u0131q layih\u0259l\u0259rinin t\u0259xmin\u0259n 30 faizi m\u0259hz t\u0259hsill\u0259 ba\u011fl\u0131d\u0131r. ARANTV.AZ\u00a0\u00a0Trend-\u0259 istinad\u0259n x\u0259b\u0259r verir ki, bunu Avropa \u0130ttifaq\u0131n\u0131n maliyy\u0259l\u0259\u015fdirdiyi v\u0259 YUN\u0130SEF-in d\u0259st\u0259yi il\u0259 T\u0259hsil \u0130nstitutu t\u0259r\u0259find\u0259n icra olunan &#8220;\u0130cma qruplar\u0131 vasit\u0259sil\u0259 m\u0259kt\u0259b\u0259q\u0259d\u0259r v\u0259 ibtidai t\u0259hsilin yax\u015f\u0131la\u015fd\u0131r\u0131lmas\u0131&#8221; layih\u0259sinin t\u0259qdimat m\u0259rasimind\u0259 \u00e7\u0131x\u0131\u015f ed\u0259n Avropa \u0130ttifaq\u0131n\u0131n Az\u0259rbaycandak\u0131 N\u00fcmay\u0259nd\u0259liyinin r\u0259hb\u0259ri Kestutis Yankauskas deyib. Onun s\u00f6zl\u0259rin\u0259 g\u00f6r\u0259, bu layih\u0259 Avropa \u0130ttifaq\u0131n\u0131n T\u0259hsil Nazirliyi il\u0259 birlikd\u0259 h\u0259yata ke\u00e7irdiyi 6 layih\u0259d\u0259n biridir: &#8220;Hesab edirik ki, t\u0259hsil \u0259n fundamental v\u0259 vacib m\u0259s\u0259l\u0259dir. Bizim \u00f6hd\u0259liyimiz odur ki, u\u015faqlara \u0259n yax\u015f\u0131 t\u0259hsili ver\u0259 bil\u0259k. Biz \u0259n&hellip;<\/p>\n","protected":false},"author":2,"featured_media":82991,"comment_status":"closed","ping_status":"closed","sticky":false,"template":"","format":"standard","meta":{"om_disable_all_campaigns":false,"_monsterinsights_skip_tracking":false,"_monsterinsights_sitenote_active":false,"_monsterinsights_sitenote_note":"","_monsterinsights_sitenote_category":0},"categories":[4],"tags":[],"aioseo_notices":[],"gutentor_comment":0,"rttpg_featured_image_url":{"full":["https:\/\/arantv.az\/wp-content\/uploads\/2019\/10\/azerbaycan_avropa_ittfaqi_bayraq_088.jpg",800,600,false],"landscape":["https:\/\/arantv.az\/wp-content\/uploads\/2019\/10\/azerbaycan_avropa_ittfaqi_bayraq_088.jpg",800,600,false],"portraits":["https:\/\/arantv.az\/wp-content\/uploads\/2019\/10\/azerbaycan_avropa_ittfaqi_bayraq_088.jpg",800,600,false],"thumbnail":["https:\/\/arantv.az\/wp-content\/uploads\/2019\/10\/azerbaycan_avropa_ittfaqi_bayraq_088-150x150.jpg",150,150,true],"medium":["https:\/\/arantv.az\/wp-content\/uploads\/2019\/10\/azerbaycan_avropa_ittfaqi_bayraq_088-300x225.jpg",300,225,true],"large":["https:\/\/arantv.az\/wp-content\/uploads\/2019\/10\/azerbaycan_avropa_ittfaqi_bayraq_088.jpg",640,480,false],"1536x1536":["https:\/\/arantv.az\/wp-content\/uploads\/2019\/10\/azerbaycan_avropa_ittfaqi_bayraq_088.jpg",800,600,false],"2048x2048":["https:\/\/arantv.az\/wp-content\/uploads\/2019\/10\/azerbaycan_avropa_ittfaqi_bayraq_088.jpg",800,600,false],"post-thumbnail":["https:\/\/arantv.az\/wp-content\/uploads\/2019\/10\/azerbaycan_avropa_ittfaqi_bayraq_088-240x172.jpg",240,172,true],"advps-thumb-one":["https:\/\/arantv.az\/wp-content\/uploads\/2019\/10\/azerbaycan_avropa_ittfaqi_bayraq_088.jpg",800,600,false]},"rttpg_author":{"display_name":"V\u00fcsal Rafiqo\u011flu","author_link":"https:\/\/arantv.az\/?author=2"},"rttpg_comment":0,"rttpg_category":"<a href=\"https:\/\/arantv.az\/?cat=4\" rel=\"category\">Siyas\u0259t<\/a>","rttpg_excerpt":"Az\u0259rbaycan\u0131n m\u00fcxt\u0259lif qurumlar\u0131 il\u0259 h\u0259yata ke\u00e7iril\u0259n \u0259m\u0259kda\u015fl\u0131q layih\u0259l\u0259rinin t\u0259xmin\u0259n 30 faizi m\u0259hz t\u0259hsill\u0259 ba\u011fl\u0131d\u0131r. ARANTV.AZ\u00a0\u00a0Trend-\u0259 istinad\u0259n x\u0259b\u0259r verir ki, bunu Avropa \u0130ttifaq\u0131n\u0131n maliyy\u0259l\u0259\u015fdirdiyi v\u0259 YUN\u0130SEF-in d\u0259st\u0259yi il\u0259 T\u0259hsil \u0130nstitutu t\u0259r\u0259find\u0259n icra olunan &#8220;\u0130cma qruplar\u0131 vasit\u0259sil\u0259 m\u0259kt\u0259b\u0259q\u0259d\u0259r v\u0259 ibtidai t\u0259hsilin yax\u015f\u0131la\u015fd\u0131r\u0131lmas\u0131&#8221; layih\u0259sinin t\u0259qdimat m\u0259rasimind\u0259 \u00e7\u0131x\u0131\u015f ed\u0259n Avropa \u0130ttifaq\u0131n\u0131n Az\u0259rbaycandak\u0131 N\u00fcmay\u0259nd\u0259liyinin r\u0259hb\u0259ri Kestutis Yankauskas deyib. Onun s\u00f6zl\u0259rin\u0259&hellip;","_links":{"self":[{"href":"https:\/\/arantv.az\/index.php?rest_route=\/wp\/v2\/posts\/82990"}],"collection":[{"href":"https:\/\/arantv.az\/index.php?rest_route=\/wp\/v2\/posts"}],"about":[{"href":"https:\/\/arantv.az\/index.php?rest_route=\/wp\/v2\/types\/post"}],"author":[{"embeddable":true,"href":"https:\/\/arantv.az\/index.php?rest_route=\/wp\/v2\/users\/2"}],"replies":[{"embeddable":true,"href":"https:\/\/arantv.az\/index.php?rest_route=%2Fwp%2Fv2%2Fcomments&post=82990"}],"version-history":[{"count":0,"href":"https:\/\/arantv.az\/index.php?rest_route=\/wp\/v2\/posts\/82990\/revisions"}],"wp:featuredmedia":[{"embeddable":true,"href":"https:\/\/arantv.az\/index.php?rest_route=\/wp\/v2\/media\/82991"}],"wp:attachment":[{"href":"https:\/\/arantv.az\/index.php?rest_route=%2Fwp%2Fv2%2Fmedia&parent=82990"}],"wp:term":[{"taxonomy":"category","embeddable":true,"href":"https:\/\/arantv.az\/index.php?rest_route=%2Fwp%2Fv2%2Fcategories&post=82990"},{"taxonomy":"post_tag","embeddable":true,"href":"https:\/\/arantv.az\/index.php?rest_route=%2Fwp%2Fv2%2Ftags&post=82990"}],"curies":[{"name":"wp","href":"https:\/\/api.w.org\/{rel}","templated":true}]}}