{"id":82994,"date":"2019-10-02T11:22:35","date_gmt":"2019-10-02T08:22:35","guid":{"rendered":"http:\/\/arantv.az\/?p=82994"},"modified":"2019-10-02T11:22:35","modified_gmt":"2019-10-02T08:22:35","slug":"rovn%c9%99q-abdullayev-neft-qaz-layih%c9%99l%c9%99ri-olk%c9%99mizi-butun-dunyada-enerji-dasiyicilarinin-etibarli-ixracatcisi-kimi-tanidib","status":"publish","type":"post","link":"https:\/\/arantv.az\/?p=82994","title":{"rendered":"R\u00f6vn\u0259q Abdullayev: &#8220;Neft-qaz layih\u0259l\u0259ri \u00f6lk\u0259mizi b\u00fct\u00fcn d\u00fcnyada enerji da\u015f\u0131y\u0131c\u0131lar\u0131n\u0131n etibarl\u0131 ixra\u00e7at\u00e7\u0131s\u0131 kimi tan\u0131d\u0131b&#8221;"},"content":{"rendered":"<blockquote><p><em><strong>Bir q\u0259d\u0259r \u0259vv\u0259l xalq\u0131m\u0131z ulu \u00f6nd\u0259r Heyd\u0259r \u018fliyevin \u015fah \u0259s\u0259ri olan &#8220;\u018fsrin m\u00fcqavil\u0259si&#8221;nin 25 illiyini t\u0259nt\u0259n\u0259 il\u0259 qeyd etdi. Enerji strategiyam\u0131z\u0131n &#8220;\u018fsrin m\u00fcqavil\u0259si&#8221;nd\u0259n ba\u015flanan z\u0259f\u0259r yolu Az\u0259rbaycan\u0131 d\u00fc\u015fd\u00fcy\u00fc d\u0259rin b\u00f6hran v\u0259ziyy\u0259tind\u0259n tez bir zamanda misilsiz sosial-iqtisadi inki\u015faf m\u0259rh\u0259l\u0259sin\u0259 \u00e7\u0131xar\u0131b, regionun lider d\u00f6vl\u0259tin\u0259 \u00e7evirib.<\/strong><\/em><\/p><\/blockquote>\n<p><strong>ARANTV.AZ<\/strong>\u00a0\u00a0<a href=\"https:\/\/az.trend.az\/\" target=\"_blank\" rel=\"noopener\">Trend<\/a>-\u0259 istinad\u0259n x\u0259b\u0259r verir ki, bunu SOCAR-\u0131n prezidenti R\u00f6vn\u0259q Abdullayev Az\u0259rbaycan Milli Elml\u0259r Akademiyas\u0131n\u0131n akademik Yusif M\u0259mm\u0259d\u0259liyev ad\u0131na Neft-Kimya Prosesl\u0259ri \u0130nstitutunun yarad\u0131lmas\u0131n\u0131n 90 illik yubileyin\u0259 h\u0259sr olunmu\u015f y\u0131\u011f\u0131ncaqda deyib.<\/p>\n<p>O qeyd edib ki, Az\u0259rbaycan\u0131n t\u0259\u015f\u0259bb\u00fcs\u00fc v\u0259 f\u0259al i\u015ftirak\u0131 il\u0259 h\u0259yata ke\u00e7iril\u0259n neft-qaz layih\u0259l\u0259ri neft strategiyas\u0131n\u0131n ayr\u0131lmaz t\u0259rkib hiss\u0259sin\u0259 \u00e7evrilib v\u0259 \u00f6lk\u0259mizi b\u00fct\u00fcn d\u00fcnyada enerji da\u015f\u0131y\u0131c\u0131lar\u0131n\u0131n etibarl\u0131 ixra\u00e7at\u00e7\u0131s\u0131 kimi tan\u0131d\u0131b. B\u00fct\u00fcn bunlar g\u0259rgin \u0259m\u0259yin n\u0259tic\u0259sidir.<\/p>\n","protected":false},"excerpt":{"rendered":"<p>Bir q\u0259d\u0259r \u0259vv\u0259l xalq\u0131m\u0131z ulu \u00f6nd\u0259r Heyd\u0259r \u018fliyevin \u015fah \u0259s\u0259ri olan &#8220;\u018fsrin m\u00fcqavil\u0259si&#8221;nin 25 illiyini t\u0259nt\u0259n\u0259 il\u0259 qeyd etdi. Enerji strategiyam\u0131z\u0131n &#8220;\u018fsrin m\u00fcqavil\u0259si&#8221;nd\u0259n ba\u015flanan z\u0259f\u0259r yolu Az\u0259rbaycan\u0131 d\u00fc\u015fd\u00fcy\u00fc d\u0259rin b\u00f6hran v\u0259ziyy\u0259tind\u0259n tez bir zamanda misilsiz sosial-iqtisadi inki\u015faf m\u0259rh\u0259l\u0259sin\u0259 \u00e7\u0131xar\u0131b, regionun lider d\u00f6vl\u0259tin\u0259 \u00e7evirib. ARANTV.AZ\u00a0\u00a0Trend-\u0259 istinad\u0259n x\u0259b\u0259r verir ki, bunu SOCAR-\u0131n prezidenti R\u00f6vn\u0259q Abdullayev Az\u0259rbaycan Milli Elml\u0259r Akademiyas\u0131n\u0131n akademik Yusif M\u0259mm\u0259d\u0259liyev ad\u0131na Neft-Kimya Prosesl\u0259ri \u0130nstitutunun yarad\u0131lmas\u0131n\u0131n 90 illik yubileyin\u0259 h\u0259sr olunmu\u015f y\u0131\u011f\u0131ncaqda deyib. O qeyd edib ki, Az\u0259rbaycan\u0131n t\u0259\u015f\u0259bb\u00fcs\u00fc v\u0259 f\u0259al i\u015ftirak\u0131 il\u0259 h\u0259yata ke\u00e7iril\u0259n neft-qaz layih\u0259l\u0259ri neft strategiyas\u0131n\u0131n ayr\u0131lmaz t\u0259rkib&hellip;<\/p>\n","protected":false},"author":2,"featured_media":82995,"comment_status":"closed","ping_status":"closed","sticky":false,"template":"","format":"standard","meta":{"om_disable_all_campaigns":false,"_monsterinsights_skip_tracking":false,"_monsterinsights_sitenote_active":false,"_monsterinsights_sitenote_note":"","_monsterinsights_sitenote_category":0},"categories":[19],"tags":[],"aioseo_notices":[],"gutentor_comment":0,"rttpg_featured_image_url":{"full":["https:\/\/arantv.az\/wp-content\/uploads\/2019\/10\/rovneq_abdullayev_041.jpg",800,600,false],"landscape":["https:\/\/arantv.az\/wp-content\/uploads\/2019\/10\/rovneq_abdullayev_041.jpg",800,600,false],"portraits":["https:\/\/arantv.az\/wp-content\/uploads\/2019\/10\/rovneq_abdullayev_041.jpg",800,600,false],"thumbnail":["https:\/\/arantv.az\/wp-content\/uploads\/2019\/10\/rovneq_abdullayev_041-150x150.jpg",150,150,true],"medium":["https:\/\/arantv.az\/wp-content\/uploads\/2019\/10\/rovneq_abdullayev_041-300x225.jpg",300,225,true],"large":["https:\/\/arantv.az\/wp-content\/uploads\/2019\/10\/rovneq_abdullayev_041.jpg",640,480,false],"1536x1536":["https:\/\/arantv.az\/wp-content\/uploads\/2019\/10\/rovneq_abdullayev_041.jpg",800,600,false],"2048x2048":["https:\/\/arantv.az\/wp-content\/uploads\/2019\/10\/rovneq_abdullayev_041.jpg",800,600,false],"post-thumbnail":["https:\/\/arantv.az\/wp-content\/uploads\/2019\/10\/rovneq_abdullayev_041-240x172.jpg",240,172,true],"advps-thumb-one":["https:\/\/arantv.az\/wp-content\/uploads\/2019\/10\/rovneq_abdullayev_041.jpg",800,600,false]},"rttpg_author":{"display_name":"V\u00fcsal Rafiqo\u011flu","author_link":"https:\/\/arantv.az\/?author=2"},"rttpg_comment":0,"rttpg_category":"<a href=\"https:\/\/arantv.az\/?cat=19\" rel=\"category\">G\u00fcnd\u0259m<\/a>","rttpg_excerpt":"Bir q\u0259d\u0259r \u0259vv\u0259l xalq\u0131m\u0131z ulu \u00f6nd\u0259r Heyd\u0259r \u018fliyevin \u015fah \u0259s\u0259ri olan &#8220;\u018fsrin m\u00fcqavil\u0259si&#8221;nin 25 illiyini t\u0259nt\u0259n\u0259 il\u0259 qeyd etdi. Enerji strategiyam\u0131z\u0131n &#8220;\u018fsrin m\u00fcqavil\u0259si&#8221;nd\u0259n ba\u015flanan z\u0259f\u0259r yolu Az\u0259rbaycan\u0131 d\u00fc\u015fd\u00fcy\u00fc d\u0259rin b\u00f6hran v\u0259ziyy\u0259tind\u0259n tez bir zamanda misilsiz sosial-iqtisadi inki\u015faf m\u0259rh\u0259l\u0259sin\u0259 \u00e7\u0131xar\u0131b, regionun lider d\u00f6vl\u0259tin\u0259 \u00e7evirib. ARANTV.AZ\u00a0\u00a0Trend-\u0259 istinad\u0259n x\u0259b\u0259r verir ki, bunu SOCAR-\u0131n prezidenti R\u00f6vn\u0259q Abdullayev Az\u0259rbaycan Milli&hellip;","_links":{"self":[{"href":"https:\/\/arantv.az\/index.php?rest_route=\/wp\/v2\/posts\/82994"}],"collection":[{"href":"https:\/\/arantv.az\/index.php?rest_route=\/wp\/v2\/posts"}],"about":[{"href":"https:\/\/arantv.az\/index.php?rest_route=\/wp\/v2\/types\/post"}],"author":[{"embeddable":true,"href":"https:\/\/arantv.az\/index.php?rest_route=\/wp\/v2\/users\/2"}],"replies":[{"embeddable":true,"href":"https:\/\/arantv.az\/index.php?rest_route=%2Fwp%2Fv2%2Fcomments&post=82994"}],"version-history":[{"count":0,"href":"https:\/\/arantv.az\/index.php?rest_route=\/wp\/v2\/posts\/82994\/revisions"}],"wp:featuredmedia":[{"embeddable":true,"href":"https:\/\/arantv.az\/index.php?rest_route=\/wp\/v2\/media\/82995"}],"wp:attachment":[{"href":"https:\/\/arantv.az\/index.php?rest_route=%2Fwp%2Fv2%2Fmedia&parent=82994"}],"wp:term":[{"taxonomy":"category","embeddable":true,"href":"https:\/\/arantv.az\/index.php?rest_route=%2Fwp%2Fv2%2Fcategories&post=82994"},{"taxonomy":"post_tag","embeddable":true,"href":"https:\/\/arantv.az\/index.php?rest_route=%2Fwp%2Fv2%2Ftags&post=82994"}],"curies":[{"name":"wp","href":"https:\/\/api.w.org\/{rel}","templated":true}]}}