{"id":83019,"date":"2019-10-02T11:49:47","date_gmt":"2019-10-02T08:49:47","guid":{"rendered":"http:\/\/arantv.az\/?p=83019"},"modified":"2019-10-02T11:49:47","modified_gmt":"2019-10-02T08:49:47","slug":"bakida-ruhi-x%c9%99st%c9%99-itkin-dusdu","status":"publish","type":"post","link":"https:\/\/arantv.az\/?p=83019","title":{"rendered":"Bak\u0131da ruhi x\u0259st\u0259 itkin d\u00fc\u015fd\u00fc"},"content":{"rendered":"<p>Bak\u0131da 46 ya\u015fl\u0131 ki\u015fi itkin d\u00fc\u015f\u00fcb.<\/p>\n<p><b>ARANTV.AZ\u00a0<\/b> x\u0259b\u0259r verir ki, paytaxt\u0131n N\u0259simi rayonu, Azadl\u0131q prospekti 86 \u00fcnvan\u0131nda qeydiyyatda olan Bin\u0259q\u0259di rayonu, Bil\u0259c\u0259ri q\u0259s\u0259b\u0259si, M.Aslanov k\u00fc\u00e7\u0259si, d\u00f6ng\u0259 11-d\u0259 ya\u015fayan, ruhi \u0259s\u0259b x\u0259st\u0259liyin\u0259 g\u00f6r\u0259 birinci qrup \u0259lil olan 1973-c\u00fc il t\u0259v\u0259ll\u00fcdl\u00fc Ta\u011f\u0131yev Arzuyar Sayad o\u011flu d\u00fcn\u0259n evd\u0259n \u00e7\u0131x\u0131b v\u0259 bir daha geri qay\u0131tmay\u0131b.<\/p>\n<div id=\"AdviadNativeVideo0\" class=\"AdviadNativeVideo\"><\/div>\n<p>Bu bar\u0259d\u0259 h\u00fcquq-m\u00fchafiz\u0259 orqanlar\u0131na onunla bir \u00fcnvanda ya\u015fayan qarda\u015f\u0131 Ta\u011f\u0131yev Hafiz Sayad o\u011flu \u0259riz\u0259 il\u0259 m\u00fcraci\u0259t edib.<\/p>\n<p>Faktla ba\u011fl\u0131 ara\u015fd\u0131rma apar\u0131l\u0131r.oxu.az<\/p>\n","protected":false},"excerpt":{"rendered":"<p>Bak\u0131da 46 ya\u015fl\u0131 ki\u015fi itkin d\u00fc\u015f\u00fcb. ARANTV.AZ\u00a0 x\u0259b\u0259r verir ki, paytaxt\u0131n N\u0259simi rayonu, Azadl\u0131q prospekti 86 \u00fcnvan\u0131nda qeydiyyatda olan Bin\u0259q\u0259di rayonu, Bil\u0259c\u0259ri q\u0259s\u0259b\u0259si, M.Aslanov k\u00fc\u00e7\u0259si, d\u00f6ng\u0259 11-d\u0259 ya\u015fayan, ruhi \u0259s\u0259b x\u0259st\u0259liyin\u0259 g\u00f6r\u0259 birinci qrup \u0259lil olan 1973-c\u00fc il t\u0259v\u0259ll\u00fcdl\u00fc Ta\u011f\u0131yev Arzuyar Sayad o\u011flu d\u00fcn\u0259n evd\u0259n \u00e7\u0131x\u0131b v\u0259 bir daha geri qay\u0131tmay\u0131b. Bu bar\u0259d\u0259 h\u00fcquq-m\u00fchafiz\u0259 orqanlar\u0131na onunla bir \u00fcnvanda ya\u015fayan qarda\u015f\u0131 Ta\u011f\u0131yev Hafiz Sayad o\u011flu \u0259riz\u0259 il\u0259 m\u00fcraci\u0259t edib. Faktla ba\u011fl\u0131 ara\u015fd\u0131rma apar\u0131l\u0131r.oxu.az<\/p>\n","protected":false},"author":2,"featured_media":83020,"comment_status":"closed","ping_status":"closed","sticky":false,"template":"","format":"standard","meta":{"om_disable_all_campaigns":false,"_monsterinsights_skip_tracking":false,"_monsterinsights_sitenote_active":false,"_monsterinsights_sitenote_note":"","_monsterinsights_sitenote_category":0},"categories":[1],"tags":[],"aioseo_notices":[],"gutentor_comment":0,"rttpg_featured_image_url":{"full":["https:\/\/arantv.az\/wp-content\/uploads\/2019\/10\/120093_m3l5abwb5n.jpg",620,385,false],"landscape":["https:\/\/arantv.az\/wp-content\/uploads\/2019\/10\/120093_m3l5abwb5n.jpg",620,385,false],"portraits":["https:\/\/arantv.az\/wp-content\/uploads\/2019\/10\/120093_m3l5abwb5n.jpg",620,385,false],"thumbnail":["https:\/\/arantv.az\/wp-content\/uploads\/2019\/10\/120093_m3l5abwb5n-150x150.jpg",150,150,true],"medium":["https:\/\/arantv.az\/wp-content\/uploads\/2019\/10\/120093_m3l5abwb5n-300x186.jpg",300,186,true],"large":["https:\/\/arantv.az\/wp-content\/uploads\/2019\/10\/120093_m3l5abwb5n.jpg",620,385,false],"1536x1536":["https:\/\/arantv.az\/wp-content\/uploads\/2019\/10\/120093_m3l5abwb5n.jpg",620,385,false],"2048x2048":["https:\/\/arantv.az\/wp-content\/uploads\/2019\/10\/120093_m3l5abwb5n.jpg",620,385,false],"post-thumbnail":["https:\/\/arantv.az\/wp-content\/uploads\/2019\/10\/120093_m3l5abwb5n-240x172.jpg",240,172,true],"advps-thumb-one":["https:\/\/arantv.az\/wp-content\/uploads\/2019\/10\/120093_m3l5abwb5n.jpg",620,385,false]},"rttpg_author":{"display_name":"V\u00fcsal Rafiqo\u011flu","author_link":"https:\/\/arantv.az\/?author=2"},"rttpg_comment":0,"rttpg_category":"<a href=\"https:\/\/arantv.az\/?cat=1\" rel=\"category\">C\u0259miyy\u0259t<\/a>","rttpg_excerpt":"Bak\u0131da 46 ya\u015fl\u0131 ki\u015fi itkin d\u00fc\u015f\u00fcb. ARANTV.AZ\u00a0 x\u0259b\u0259r verir ki, paytaxt\u0131n N\u0259simi rayonu, Azadl\u0131q prospekti 86 \u00fcnvan\u0131nda qeydiyyatda olan Bin\u0259q\u0259di rayonu, Bil\u0259c\u0259ri q\u0259s\u0259b\u0259si, M.Aslanov k\u00fc\u00e7\u0259si, d\u00f6ng\u0259 11-d\u0259 ya\u015fayan, ruhi \u0259s\u0259b x\u0259st\u0259liyin\u0259 g\u00f6r\u0259 birinci qrup \u0259lil olan 1973-c\u00fc il t\u0259v\u0259ll\u00fcdl\u00fc Ta\u011f\u0131yev Arzuyar Sayad o\u011flu d\u00fcn\u0259n evd\u0259n \u00e7\u0131x\u0131b v\u0259 bir daha geri qay\u0131tmay\u0131b. Bu bar\u0259d\u0259 h\u00fcquq-m\u00fchafiz\u0259 orqanlar\u0131na&hellip;","_links":{"self":[{"href":"https:\/\/arantv.az\/index.php?rest_route=\/wp\/v2\/posts\/83019"}],"collection":[{"href":"https:\/\/arantv.az\/index.php?rest_route=\/wp\/v2\/posts"}],"about":[{"href":"https:\/\/arantv.az\/index.php?rest_route=\/wp\/v2\/types\/post"}],"author":[{"embeddable":true,"href":"https:\/\/arantv.az\/index.php?rest_route=\/wp\/v2\/users\/2"}],"replies":[{"embeddable":true,"href":"https:\/\/arantv.az\/index.php?rest_route=%2Fwp%2Fv2%2Fcomments&post=83019"}],"version-history":[{"count":0,"href":"https:\/\/arantv.az\/index.php?rest_route=\/wp\/v2\/posts\/83019\/revisions"}],"wp:featuredmedia":[{"embeddable":true,"href":"https:\/\/arantv.az\/index.php?rest_route=\/wp\/v2\/media\/83020"}],"wp:attachment":[{"href":"https:\/\/arantv.az\/index.php?rest_route=%2Fwp%2Fv2%2Fmedia&parent=83019"}],"wp:term":[{"taxonomy":"category","embeddable":true,"href":"https:\/\/arantv.az\/index.php?rest_route=%2Fwp%2Fv2%2Fcategories&post=83019"},{"taxonomy":"post_tag","embeddable":true,"href":"https:\/\/arantv.az\/index.php?rest_route=%2Fwp%2Fv2%2Ftags&post=83019"}],"curies":[{"name":"wp","href":"https:\/\/api.w.org\/{rel}","templated":true}]}}