{"id":83031,"date":"2019-10-02T12:08:44","date_gmt":"2019-10-02T09:08:44","guid":{"rendered":"http:\/\/arantv.az\/?p=83031"},"modified":"2019-10-02T12:08:44","modified_gmt":"2019-10-02T09:08:44","slug":"az%c9%99rbaycanda-m%c9%99kt%c9%99b%c9%99q%c9%99d%c9%99r-t%c9%99hsill%c9%99-bagli-n%c9%99tic%c9%99l%c9%99r-ur%c9%99kacan-deyil","status":"publish","type":"post","link":"https:\/\/arantv.az\/?p=83031","title":{"rendered":"&#8220;Az\u0259rbaycanda m\u0259kt\u0259b\u0259q\u0259d\u0259r t\u0259hsill\u0259 ba\u011fl\u0131 n\u0259tic\u0259l\u0259r \u00fcr\u0259ka\u00e7an deyil&#8221;"},"content":{"rendered":"<blockquote><p><em><strong>Beyn\u0259lxalq qiym\u0259tl\u0259ndirm\u0259l\u0259rin n\u0259tic\u0259l\u0259rin\u0259 g\u00f6r\u0259, Az\u0259rbaycanda m\u0259kt\u0259b\u0259q\u0259d\u0259r t\u0259hsil, evd\u0259 \u00f6yr\u0259nm\u0259 m\u00fchiti, valideynl\u0259rin u\u015faqlar\u0131n t\u0259hsilind\u0259 i\u015ftirak\u0131 meyarlar\u0131 \u00fczr\u0259 n\u0259tic\u0259l\u0259r \u00fcr\u0259ka\u00e7an deyil.<\/strong><\/em><\/p><\/blockquote>\n<p><strong>ARANTV.AZ<\/strong>\u00a0\u00a0<a href=\"https:\/\/az.trend.az\/\" target=\"_blank\" rel=\"noopener\">Trend<\/a>-\u0259 istinad\u0259n x\u0259b\u0259r verir ki, bunu Avropa \u0130ttifaq\u0131n\u0131n maliyy\u0259l\u0259\u015fdirdiyi v\u0259 YUN\u0130SEF-in d\u0259st\u0259yi il\u0259 T\u0259hsil \u0130nstitutu t\u0259r\u0259find\u0259n icra olunan &#8220;\u0130cma qruplar\u0131 vasit\u0259sil\u0259 m\u0259kt\u0259b\u0259q\u0259d\u0259r v\u0259 ibtidai t\u0259hsilin yax\u015f\u0131la\u015fd\u0131r\u0131lmas\u0131&#8221; layih\u0259sinin t\u0259qdimat m\u0259rasimind\u0259 \u00e7\u0131x\u0131\u015f ed\u0259n T\u0259hsil nazirinin m\u00fcavini M\u0259h\u0259bb\u0259t V\u0259liyeva deyib.<\/p>\n<p>Onun s\u00f6zl\u0259rin\u0259 g\u00f6r\u0259, m\u0259kt\u0259b\u0259q\u0259d\u0259r t\u0259hsil u\u015faqlar\u0131n g\u0259l\u0259c\u0259k inki\u015faf\u0131na \u00e7ox ciddi t\u0259sir g\u00f6st\u0259rir: &#8220;M\u0259kt\u0259b\u0259q\u0259d\u0259r t\u0259hsil, evd\u0259 \u00f6yr\u0259nm\u0259 m\u00fchiti, valideynl\u0259rin u\u015faqlar\u0131n t\u0259hsilind\u0259 i\u015ftirak\u0131 \u015fagirdl\u0259rin t\u0259lim nailiyy\u0259tl\u0259rin\u0259 ciddi t\u0259sir g\u00f6st\u0259rir. T\u0259hsil Nazirliyi beyn\u0259lxalq qiym\u0259tl\u0259ndirm\u0259l\u0259rd\u0259 i\u015ftirak edir. H\u0259min qiym\u0259tl\u0259ndirm\u0259l\u0259rd\u0259 bu \u00fc\u00e7 meyar \u00fczr\u0259 n\u0259tic\u0259l\u0259r he\u00e7 d\u0259 \u00fcr\u0259ka\u00e7an deyil. T\u0259\u0259ss\u00fcf olsun ki, \u00f6lk\u0259mizd\u0259 m\u0259kt\u0259b\u0259q\u0259d\u0259r t\u0259hsil\u0259 c\u0259lb olunan 3-4 ya\u015fl\u0131 u\u015faqlar \u00f6lk\u0259 \u0259halisinin c\u0259mi 15 faizini t\u0259\u015fkil edir. Bu da g\u00f6st\u0259ricil\u0259rin a\u015fa\u011f\u0131 s\u0259viyy\u0259d\u0259 olmas\u0131n\u0131n s\u0259b\u0259bl\u0259rind\u0259n biridir. Evd\u0259ki t\u0259hsil m\u00fchiti d\u0259 u\u015faqlar\u0131n t\u0259hsilin\u0259 \u00e7ox ciddi \u015f\u0259kild\u0259 t\u0259sir edir. T\u0259\u0259ss\u00fcf ki, bu g\u00f6st\u0259ricil\u0259r \u00fczr\u0259 d\u0259 \u00f6lk\u0259mizin n\u0259tic\u0259l\u0259ri a\u015fa\u011f\u0131 s\u0131ralardad\u0131r. Bununla yana\u015f\u0131, valideynl\u0259rin u\u015faqlar\u0131n t\u0259hsilind\u0259 rolu u\u015faqlar\u0131n t\u0259lim nailiyy\u0259tl\u0259rin\u0259 t\u0259sir ed\u0259n amil kimi g\u00f6t\u00fcr\u00fcl\u00fcr. \u00d6lk\u0259mizd\u0259 bu g\u00f6st\u0259ricinin a\u015fa\u011f\u0131 s\u0259viyy\u0259d\u0259 olmas\u0131 t\u0259\u0259ss\u00fcfedicidir&#8221;.<\/p>\n","protected":false},"excerpt":{"rendered":"<p>Beyn\u0259lxalq qiym\u0259tl\u0259ndirm\u0259l\u0259rin n\u0259tic\u0259l\u0259rin\u0259 g\u00f6r\u0259, Az\u0259rbaycanda m\u0259kt\u0259b\u0259q\u0259d\u0259r t\u0259hsil, evd\u0259 \u00f6yr\u0259nm\u0259 m\u00fchiti, valideynl\u0259rin u\u015faqlar\u0131n t\u0259hsilind\u0259 i\u015ftirak\u0131 meyarlar\u0131 \u00fczr\u0259 n\u0259tic\u0259l\u0259r \u00fcr\u0259ka\u00e7an deyil. ARANTV.AZ\u00a0\u00a0Trend-\u0259 istinad\u0259n x\u0259b\u0259r verir ki, bunu Avropa \u0130ttifaq\u0131n\u0131n maliyy\u0259l\u0259\u015fdirdiyi v\u0259 YUN\u0130SEF-in d\u0259st\u0259yi il\u0259 T\u0259hsil \u0130nstitutu t\u0259r\u0259find\u0259n icra olunan &#8220;\u0130cma qruplar\u0131 vasit\u0259sil\u0259 m\u0259kt\u0259b\u0259q\u0259d\u0259r v\u0259 ibtidai t\u0259hsilin yax\u015f\u0131la\u015fd\u0131r\u0131lmas\u0131&#8221; layih\u0259sinin t\u0259qdimat m\u0259rasimind\u0259 \u00e7\u0131x\u0131\u015f ed\u0259n T\u0259hsil nazirinin m\u00fcavini M\u0259h\u0259bb\u0259t V\u0259liyeva deyib. Onun s\u00f6zl\u0259rin\u0259 g\u00f6r\u0259, m\u0259kt\u0259b\u0259q\u0259d\u0259r t\u0259hsil u\u015faqlar\u0131n g\u0259l\u0259c\u0259k inki\u015faf\u0131na \u00e7ox ciddi t\u0259sir g\u00f6st\u0259rir: &#8220;M\u0259kt\u0259b\u0259q\u0259d\u0259r t\u0259hsil, evd\u0259 \u00f6yr\u0259nm\u0259 m\u00fchiti, valideynl\u0259rin u\u015faqlar\u0131n t\u0259hsilind\u0259 i\u015ftirak\u0131 \u015fagirdl\u0259rin t\u0259lim nailiyy\u0259tl\u0259rin\u0259 ciddi t\u0259sir g\u00f6st\u0259rir. T\u0259hsil Nazirliyi beyn\u0259lxalq qiym\u0259tl\u0259ndirm\u0259l\u0259rd\u0259 i\u015ftirak edir. H\u0259min&hellip;<\/p>\n","protected":false},"author":2,"featured_media":83032,"comment_status":"closed","ping_status":"closed","sticky":false,"template":"","format":"standard","meta":{"om_disable_all_campaigns":false,"_monsterinsights_skip_tracking":false,"_monsterinsights_sitenote_active":false,"_monsterinsights_sitenote_note":"","_monsterinsights_sitenote_category":0},"categories":[1],"tags":[],"aioseo_notices":[],"gutentor_comment":0,"rttpg_featured_image_url":{"full":["https:\/\/arantv.az\/wp-content\/uploads\/2019\/10\/791001.jpg",800,600,false],"landscape":["https:\/\/arantv.az\/wp-content\/uploads\/2019\/10\/791001.jpg",800,600,false],"portraits":["https:\/\/arantv.az\/wp-content\/uploads\/2019\/10\/791001.jpg",800,600,false],"thumbnail":["https:\/\/arantv.az\/wp-content\/uploads\/2019\/10\/791001-150x150.jpg",150,150,true],"medium":["https:\/\/arantv.az\/wp-content\/uploads\/2019\/10\/791001-300x225.jpg",300,225,true],"large":["https:\/\/arantv.az\/wp-content\/uploads\/2019\/10\/791001.jpg",640,480,false],"1536x1536":["https:\/\/arantv.az\/wp-content\/uploads\/2019\/10\/791001.jpg",800,600,false],"2048x2048":["https:\/\/arantv.az\/wp-content\/uploads\/2019\/10\/791001.jpg",800,600,false],"post-thumbnail":["https:\/\/arantv.az\/wp-content\/uploads\/2019\/10\/791001-240x172.jpg",240,172,true],"advps-thumb-one":["https:\/\/arantv.az\/wp-content\/uploads\/2019\/10\/791001.jpg",800,600,false]},"rttpg_author":{"display_name":"V\u00fcsal Rafiqo\u011flu","author_link":"https:\/\/arantv.az\/?author=2"},"rttpg_comment":0,"rttpg_category":"<a href=\"https:\/\/arantv.az\/?cat=1\" rel=\"category\">C\u0259miyy\u0259t<\/a>","rttpg_excerpt":"Beyn\u0259lxalq qiym\u0259tl\u0259ndirm\u0259l\u0259rin n\u0259tic\u0259l\u0259rin\u0259 g\u00f6r\u0259, Az\u0259rbaycanda m\u0259kt\u0259b\u0259q\u0259d\u0259r t\u0259hsil, evd\u0259 \u00f6yr\u0259nm\u0259 m\u00fchiti, valideynl\u0259rin u\u015faqlar\u0131n t\u0259hsilind\u0259 i\u015ftirak\u0131 meyarlar\u0131 \u00fczr\u0259 n\u0259tic\u0259l\u0259r \u00fcr\u0259ka\u00e7an deyil. ARANTV.AZ\u00a0\u00a0Trend-\u0259 istinad\u0259n x\u0259b\u0259r verir ki, bunu Avropa \u0130ttifaq\u0131n\u0131n maliyy\u0259l\u0259\u015fdirdiyi v\u0259 YUN\u0130SEF-in d\u0259st\u0259yi il\u0259 T\u0259hsil \u0130nstitutu t\u0259r\u0259find\u0259n icra olunan &#8220;\u0130cma qruplar\u0131 vasit\u0259sil\u0259 m\u0259kt\u0259b\u0259q\u0259d\u0259r v\u0259 ibtidai t\u0259hsilin yax\u015f\u0131la\u015fd\u0131r\u0131lmas\u0131&#8221; layih\u0259sinin t\u0259qdimat m\u0259rasimind\u0259 \u00e7\u0131x\u0131\u015f ed\u0259n T\u0259hsil nazirinin m\u00fcavini M\u0259h\u0259bb\u0259t V\u0259liyeva&hellip;","_links":{"self":[{"href":"https:\/\/arantv.az\/index.php?rest_route=\/wp\/v2\/posts\/83031"}],"collection":[{"href":"https:\/\/arantv.az\/index.php?rest_route=\/wp\/v2\/posts"}],"about":[{"href":"https:\/\/arantv.az\/index.php?rest_route=\/wp\/v2\/types\/post"}],"author":[{"embeddable":true,"href":"https:\/\/arantv.az\/index.php?rest_route=\/wp\/v2\/users\/2"}],"replies":[{"embeddable":true,"href":"https:\/\/arantv.az\/index.php?rest_route=%2Fwp%2Fv2%2Fcomments&post=83031"}],"version-history":[{"count":0,"href":"https:\/\/arantv.az\/index.php?rest_route=\/wp\/v2\/posts\/83031\/revisions"}],"wp:featuredmedia":[{"embeddable":true,"href":"https:\/\/arantv.az\/index.php?rest_route=\/wp\/v2\/media\/83032"}],"wp:attachment":[{"href":"https:\/\/arantv.az\/index.php?rest_route=%2Fwp%2Fv2%2Fmedia&parent=83031"}],"wp:term":[{"taxonomy":"category","embeddable":true,"href":"https:\/\/arantv.az\/index.php?rest_route=%2Fwp%2Fv2%2Fcategories&post=83031"},{"taxonomy":"post_tag","embeddable":true,"href":"https:\/\/arantv.az\/index.php?rest_route=%2Fwp%2Fv2%2Ftags&post=83031"}],"curies":[{"name":"wp","href":"https:\/\/api.w.org\/{rel}","templated":true}]}}