{"id":83035,"date":"2019-10-02T12:10:03","date_gmt":"2019-10-02T09:10:03","guid":{"rendered":"http:\/\/arantv.az\/?p=83035"},"modified":"2019-10-02T12:10:03","modified_gmt":"2019-10-02T09:10:03","slug":"bakida-restoranda-kutl%c9%99vi-dava-1-n%c9%99f%c9%99r-x%c9%99st%c9%99xanaliq-oldu","status":"publish","type":"post","link":"https:\/\/arantv.az\/?p=83035","title":{"rendered":"Bak\u0131da restoranda k\u00fctl\u0259vi dava: 1 n\u0259f\u0259r x\u0259st\u0259xanal\u0131q oldu"},"content":{"rendered":"<p><strong>Bak\u0131n\u0131n Yasamal rayonunda restoranda k\u00fctl\u0259vi dava zaman\u0131 1 n\u0259f\u0259r b\u0131\u00e7aqlan\u0131b.\u00a0<\/strong><\/p>\n<p><strong>ARANTV.AZ<\/strong>\u00a0 qafqazinfo-ya istinad\u0259n x\u0259b\u0259r verir ki, hadis\u0259 rayonda yerl\u0259\u015f\u0259n restoranlardan birind\u0259 ba\u015f verib. Bir ne\u00e7\u0259 n\u0259f\u0259r aras\u0131nda ba\u015f ver\u0259n dava zaman\u0131 25 ya\u015fl\u0131 M\u0259r\u0259yev \u0130lkin \u0130lham o\u011flu aya\u011f\u0131ndan b\u0131\u00e7aq x\u0259sar\u0259tl\u0259ri al\u0131b.<\/p>\n<p>Yaral\u0131 t\u0259cili tibbi yard\u0131m birqadas\u0131n\u0131n k\u00f6m\u0259kliyi il\u0259 x\u0259st\u0259xanaya \u00e7atd\u0131r\u0131l\u0131b. Ona sa\u011f bald\u0131r\u0131n k\u0259silmi\u015f yaras\u0131 diaqnozu qoyulub.<\/p>\n<p>Faktla ba\u011fl\u0131 ara\u015fd\u0131rma apar\u0131l\u0131r.<\/p>\n","protected":false},"excerpt":{"rendered":"<p>Bak\u0131n\u0131n Yasamal rayonunda restoranda k\u00fctl\u0259vi dava zaman\u0131 1 n\u0259f\u0259r b\u0131\u00e7aqlan\u0131b.\u00a0 ARANTV.AZ\u00a0 qafqazinfo-ya istinad\u0259n x\u0259b\u0259r verir ki, hadis\u0259 rayonda yerl\u0259\u015f\u0259n restoranlardan birind\u0259 ba\u015f verib. Bir ne\u00e7\u0259 n\u0259f\u0259r aras\u0131nda ba\u015f ver\u0259n dava zaman\u0131 25 ya\u015fl\u0131 M\u0259r\u0259yev \u0130lkin \u0130lham o\u011flu aya\u011f\u0131ndan b\u0131\u00e7aq x\u0259sar\u0259tl\u0259ri al\u0131b. Yaral\u0131 t\u0259cili tibbi yard\u0131m birqadas\u0131n\u0131n k\u00f6m\u0259kliyi il\u0259 x\u0259st\u0259xanaya \u00e7atd\u0131r\u0131l\u0131b. Ona sa\u011f bald\u0131r\u0131n k\u0259silmi\u015f yaras\u0131 diaqnozu qoyulub. Faktla ba\u011fl\u0131 ara\u015fd\u0131rma apar\u0131l\u0131r.<\/p>\n","protected":false},"author":2,"featured_media":83036,"comment_status":"closed","ping_status":"closed","sticky":false,"template":"","format":"standard","meta":{"om_disable_all_campaigns":false,"_monsterinsights_skip_tracking":false,"_monsterinsights_sitenote_active":false,"_monsterinsights_sitenote_note":"","_monsterinsights_sitenote_category":0},"categories":[5],"tags":[],"aioseo_notices":[],"gutentor_comment":0,"rttpg_featured_image_url":{"full":["https:\/\/arantv.az\/wp-content\/uploads\/2019\/10\/790892.jpg",800,600,false],"landscape":["https:\/\/arantv.az\/wp-content\/uploads\/2019\/10\/790892.jpg",800,600,false],"portraits":["https:\/\/arantv.az\/wp-content\/uploads\/2019\/10\/790892.jpg",800,600,false],"thumbnail":["https:\/\/arantv.az\/wp-content\/uploads\/2019\/10\/790892-150x150.jpg",150,150,true],"medium":["https:\/\/arantv.az\/wp-content\/uploads\/2019\/10\/790892-300x225.jpg",300,225,true],"large":["https:\/\/arantv.az\/wp-content\/uploads\/2019\/10\/790892.jpg",640,480,false],"1536x1536":["https:\/\/arantv.az\/wp-content\/uploads\/2019\/10\/790892.jpg",800,600,false],"2048x2048":["https:\/\/arantv.az\/wp-content\/uploads\/2019\/10\/790892.jpg",800,600,false],"post-thumbnail":["https:\/\/arantv.az\/wp-content\/uploads\/2019\/10\/790892-240x172.jpg",240,172,true],"advps-thumb-one":["https:\/\/arantv.az\/wp-content\/uploads\/2019\/10\/790892.jpg",800,600,false]},"rttpg_author":{"display_name":"V\u00fcsal Rafiqo\u011flu","author_link":"https:\/\/arantv.az\/?author=2"},"rttpg_comment":0,"rttpg_category":"<a href=\"https:\/\/arantv.az\/?cat=5\" rel=\"category\">Hadis\u0259<\/a>","rttpg_excerpt":"Bak\u0131n\u0131n Yasamal rayonunda restoranda k\u00fctl\u0259vi dava zaman\u0131 1 n\u0259f\u0259r b\u0131\u00e7aqlan\u0131b.\u00a0 ARANTV.AZ\u00a0 qafqazinfo-ya istinad\u0259n x\u0259b\u0259r verir ki, hadis\u0259 rayonda yerl\u0259\u015f\u0259n restoranlardan birind\u0259 ba\u015f verib. Bir ne\u00e7\u0259 n\u0259f\u0259r aras\u0131nda ba\u015f ver\u0259n dava zaman\u0131 25 ya\u015fl\u0131 M\u0259r\u0259yev \u0130lkin \u0130lham o\u011flu aya\u011f\u0131ndan b\u0131\u00e7aq x\u0259sar\u0259tl\u0259ri al\u0131b. Yaral\u0131 t\u0259cili tibbi yard\u0131m birqadas\u0131n\u0131n k\u00f6m\u0259kliyi il\u0259 x\u0259st\u0259xanaya \u00e7atd\u0131r\u0131l\u0131b. Ona sa\u011f bald\u0131r\u0131n k\u0259silmi\u015f yaras\u0131&hellip;","_links":{"self":[{"href":"https:\/\/arantv.az\/index.php?rest_route=\/wp\/v2\/posts\/83035"}],"collection":[{"href":"https:\/\/arantv.az\/index.php?rest_route=\/wp\/v2\/posts"}],"about":[{"href":"https:\/\/arantv.az\/index.php?rest_route=\/wp\/v2\/types\/post"}],"author":[{"embeddable":true,"href":"https:\/\/arantv.az\/index.php?rest_route=\/wp\/v2\/users\/2"}],"replies":[{"embeddable":true,"href":"https:\/\/arantv.az\/index.php?rest_route=%2Fwp%2Fv2%2Fcomments&post=83035"}],"version-history":[{"count":0,"href":"https:\/\/arantv.az\/index.php?rest_route=\/wp\/v2\/posts\/83035\/revisions"}],"wp:featuredmedia":[{"embeddable":true,"href":"https:\/\/arantv.az\/index.php?rest_route=\/wp\/v2\/media\/83036"}],"wp:attachment":[{"href":"https:\/\/arantv.az\/index.php?rest_route=%2Fwp%2Fv2%2Fmedia&parent=83035"}],"wp:term":[{"taxonomy":"category","embeddable":true,"href":"https:\/\/arantv.az\/index.php?rest_route=%2Fwp%2Fv2%2Fcategories&post=83035"},{"taxonomy":"post_tag","embeddable":true,"href":"https:\/\/arantv.az\/index.php?rest_route=%2Fwp%2Fv2%2Ftags&post=83035"}],"curies":[{"name":"wp","href":"https:\/\/api.w.org\/{rel}","templated":true}]}}