{"id":83048,"date":"2019-10-02T12:52:09","date_gmt":"2019-10-02T09:52:09","guid":{"rendered":"http:\/\/arantv.az\/?p=83048"},"modified":"2019-10-02T12:52:09","modified_gmt":"2019-10-02T09:52:09","slug":"vusal-qasimli-az%c9%99rbaycanda-aliciliq-qabiliyy%c9%99ti-erm%c9%99nistandan-iki-d%c9%99f%c9%99-coxdur","status":"publish","type":"post","link":"https:\/\/arantv.az\/?p=83048","title":{"rendered":"V\u00fcsal Qas\u0131ml\u0131: Az\u0259rbaycanda al\u0131c\u0131l\u0131q qabiliyy\u0259ti Erm\u0259nistandan iki d\u0259f\u0259 \u00e7oxdur"},"content":{"rendered":"<p>Az\u0259rbaycan Respublikas\u0131 \u0130qtisadi \u0130slahatlar\u0131n T\u0259hlili v\u0259 Kommunikasiya M\u0259rk\u0259zinin (\u0130\u0130TKM) icra\u00e7\u0131 direktoru V\u00fcsal Qas\u0131ml\u0131 Prezident \u0130lham \u018fliyevin r\u0259hb\u0259rliyi il\u0259 2019-cu ild\u0259 realla\u015fd\u0131r\u0131lan inqilabi sosial islahatlara dair m\u0259tbuat konfrans\u0131 ke\u00e7irib.<\/p>\n<p>V\u00fcsal Qas\u0131ml\u0131 bildirib ki, \u0259halinin layiqli h\u0259yat \u015f\u0259raitini t\u0259min ed\u0259n sosial islahatlar a\u015fa\u011f\u0131 inflyasiya v\u0259 manat\u0131n sabitliyi \u015f\u0259raitind\u0259 h\u0259yata ke\u00e7irilir:<\/p>\n<p>\u201cSosial islahat paketi minimum \u0259m\u0259k haqq\u0131n\u0131n, minimum pensiyan\u0131n, eyni zamanda, t\u0259qa\u00fcd v\u0259 m\u00fcavin\u0259tl\u0259rin art\u0131r\u0131lmas\u0131, o c\u00fcml\u0259d\u0259n, problemli v\u0259 vaxt\u0131 ke\u00e7mi\u015f kreditl\u0259rin geri qaytar\u0131lmas\u0131 v\u0259 restrukturizasiyas\u0131 kimi \u00f6n\u0259mli islahat t\u0259dbirl\u0259rini \u00f6z\u00fcnd\u0259 ehtiva edir. \u00dcmumi olaraq sosial islahat paketi 3.9 milyard manat maliyy\u0259 y\u00fck\u00fc il\u0259 4.2 milyon n\u0259f\u0259ri \u0259hat\u0259 edib.<\/p>\n<div id=\"AdviadNativeVideo0\" class=\"AdviadNativeVideo\"><\/div>\n<p>2019-cu\u00a0 il \u0259rzind\u0259 minimum \u0259m\u0259k haqq\u0131 93% art\u0131r\u0131laraq 130 manatdan 250 manata \u00e7atd\u0131r\u0131l\u0131b.<\/p>\n<p>\u0130ki m\u0259rh\u0259l\u0259li ba\u015f tutan bu art\u0131mla minimal \u0259m\u0259k haqq\u0131 Prezidentin 2019-cu il fevral\u0131n 8-d\u0259 imzalad\u0131\u011f\u0131 S\u0259r\u0259ncamla 130 manatdan 180 manata art\u0131r\u0131lm\u0131\u015f v\u0259 600 min\u0259d\u0259k insan\u0131 \u0259hat\u0259 etmi\u015f, iyunun 18-d\u0259 imzalanan S\u0259r\u0259ncamla is\u0259 250 manat s\u0259viyy\u0259sin\u0259 \u00e7atd\u0131r\u0131laraq \u00f6z\u0259l sektorda \u00e7al\u0131\u015fan 350 min, d\u00f6vl\u0259t sektorunda is\u0259 600 min\u0259 yax\u0131n \u015f\u0259xs\u0259 aid olib.<\/p>\n<p>Haz\u0131rda Az\u0259rbaycanda minimum \u0259m\u0259k haqq\u0131 \u00f6lk\u0259 \u00fczr\u0259 ya\u015fay\u0131\u015f minimumunu 40% \u00fcst\u0259l\u0259yir. N\u0259tic\u0259d\u0259 minimum ayl\u0131q \u0259m\u0259k haqq\u0131 130 manatdan 250 manata \u00e7atm\u0131\u015fd\u0131r. \u018fm\u0259k haqlar\u0131n\u0131n art\u0131m\u0131 \u00f6z t\u0259sirini \u00f6lk\u0259d\u0259 orta ayl\u0131q \u0259m\u0259k haqq\u0131n\u0131n da art\u0131m\u0131na g\u00f6st\u0259r\u0259c\u0259kdir ki, bu da ilin sonuna do\u011fru orta ayl\u0131q \u0259m\u0259k haqq\u0131n\u0131n orta hesabla 15 faiz artaraq t\u0259qrib\u0259n 625 manata \u00e7atmas\u0131na imkan ver\u0259c\u0259k.<\/p>\n<p>\u018fg\u0259r al\u0131c\u0131l\u0131q qabiliyy\u0259ti paritetin\u0259 \u0259sas\u0259n hesablasaq Az\u0259rbaycanda minimum \u0259m\u0259k haqq\u0131n\u0131n MDB, G\u00fcrc\u00fcstan v\u0259 Ukrayna il\u0259 m\u00fcqayis\u0259d\u0259 y\u00fcks\u0259k oldu\u011funu m\u00fc\u0259yy\u0259nl\u0259\u015fdirm\u0259k olar. Al\u0131c\u0131l\u0131q qabiliyy\u0259ti paritetin\u0259 \u0259sas\u0259n hesablanan m\u0259z\u0259nn\u0259, AB\u015e dollar\u0131n\u0131n AB\u015e-da alaca\u011f\u0131 miqdarda m\u0259hsulu dig\u0259r \u00f6lk\u0259nin bazar\u0131nda almaq \u00fc\u00e7\u00fcn t\u0259l\u0259b olunan yerli valyuta d\u0259y\u0259ridir.<\/p>\n<p>Ba\u015fqa s\u00f6zl\u0259, AB\u015e-da 1 dollara al\u0131nan m\u0259hsulu yerli bazarda almaq \u00fc\u00e7\u00fcn t\u0259l\u0259b olunan \u00f6d\u0259ni\u015fdir. Az\u0259rbaycan \u00fc\u00e7\u00fcn bu r\u0259q\u0259m D\u00fcnya Bank\u0131n\u0131n 2018-ci il \u00fc\u00e7\u00fcn t\u0259qdim etdiyi statistika m\u0259lumatlar\u0131na \u0259sas\u0259n 0,42 manatd\u0131r. Y\u0259ni, AB\u015e-da 1 dollara al\u0131na bil\u0259c\u0259k m\u0259hsulu Az\u0259rbaycanda 0.42 manata (0.25 AB\u015e dollar\u0131) almaq m\u00fcmk\u00fcnd\u00fcr. Buradan da g\u00f6r\u00fcnd\u00fcy\u00fc kimi \u00f6lk\u0259l\u0259r \u00fczr\u0259 \u0259m\u0259k haqlar\u0131 v\u0259 sosial \u00f6d\u0259ni\u015fl\u0259rin nominal olaraq AB\u015e dollar\u0131 il\u0259 ifad\u0259si m\u00fcqayis\u0259 \u00fc\u00e7\u00fcn yet\u0259rli deyil.<\/p>\n<p>Bel\u0259 ki, al\u0131c\u0131l\u0131q qabiliyy\u0259ti pariteti \u00f6lk\u0259l\u0259r \u00fczr\u0259 f\u0259rql\u0259nir, iki \u00f6lk\u0259 \u00fczr\u0259 eyni miqdarda v\u0259sait\u0259 sahib olan \u015f\u0259xsl\u0259rin alaca\u011f\u0131 m\u0259hsullar eyni miqdarda olmayacaq. Bu da \u0259halinin ya\u015fay\u0131\u015f \u015f\u0259raitin\u0259, sosial rifah\u0131na birba\u015fa t\u0259sir ed\u0259n amill\u0259rd\u0259ndir. Bu s\u0259b\u0259bd\u0259n \u00f6lk\u0259l\u0259r \u00fczr\u0259 m\u00fcqayis\u0259li t\u0259hlil aparmaq \u00fc\u00e7\u00fcn h\u0259r bir g\u00f6st\u0259ricini al\u0131c\u0131l\u0131q qabiliyy\u0259ti paritetin\u0259 \u0259sas\u0259n \u201cBeyn\u0259lxalq dollar\u201d g\u00f6st\u0259ricisi il\u0259 ifad\u0259 etdikd\u0259n sonra real f\u0259rql\u0259ri g\u00f6rm\u0259k m\u00fcmk\u00fcnd\u00fcr.<\/p>\n<p>Beyn\u0259lxalq dollarla ifad\u0259d\u0259 Az\u0259rbaycan minimum \u0259m\u0259k haqq\u0131 s\u0259viyy\u0259sin\u0259 g\u00f6r\u0259 MDB \u00f6lk\u0259l\u0259ri aras\u0131nda 595 beyn\u0259lxalq dollar g\u00f6st\u0259ricisi il\u0259 2-ci yerd\u0259 q\u0259rarla\u015f\u0131b.<\/p>\n<p><img src=\"https:\/\/assets.oxu.az\/uploads\/W1siZiIsIjIwMTkvMTAvMDIvMTMvMjYvMzUvMThiMWQzOTMtYjI0MC00ZDhmLTlkZWMtN2JmZjc5OGFlZjZiL8aPbcmZayBoYXFxxLEgIE1EQiDDvHpyyZkgLmpwZyJdLFsicCIsImVuY29kZSIsImpwZyIsIi1xdWFsaXR5IDgwIl0sWyJwIiwidGh1bWIiLCI1OTB4NTkwXHUwMDNlIl1d?sha=9b61a881a7627bf2\" alt=\"\" \/><\/p>\n<p>Bu o dem\u0259kdir ki, Az\u0259rbaycanda ya\u015fayan v\u0259 minimum \u0259m\u0259k haqq\u0131 alan \u015f\u0259xs AB\u015e-da 595 AB\u015e dollar\u0131 m\u0259vacib alan \u015f\u0259xsl\u0259 eyni al\u0131c\u0131l\u0131q qabiliyy\u0259tin\u0259 malikdir.<\/p>\n<p>Dig\u0259r MDB \u00f6lk\u0259l\u0259ri il\u0259 m\u00fcqayis\u0259d\u0259, Az\u0259rbaycanda beyn\u0259lxalq dollarla ifad\u0259 edilmi\u015f minimum \u0259m\u0259k haqq\u0131 Erm\u0259nistandan 2.1 d\u0259f\u0259, Qazax\u0131standan 1.6 d\u0259f\u0259, G\u00fcrc\u00fcstan v\u0259 Rusiyadan is\u0259 1.4 d\u0259f\u0259 y\u00fcks\u0259kdir.<\/p>\n<p>Az\u0259rbaycanda 2019-cu il sentyabr\u0131n 1-d\u0259n minimum \u0259m\u0259k haqlar\u0131n\u0131n yenid\u0259n art\u0131r\u0131lmas\u0131 orta \u0259m\u0259k haqq\u0131na da m\u00fcsb\u0259t t\u0259sir g\u00f6st\u0259r\u0259r\u0259k, orta \u0259m\u0259k haqq\u0131n\u0131n al\u0131c\u0131l\u0131q pariteti \u00fczr\u0259 m\u0259z\u0259nn\u0259 n\u0259z\u0259r\u0259 al\u0131nmaqla 1540 beyn\u0259lxalq dollara \u00e7ataca\u011f\u0131n\u0131 proqnozla\u015fd\u0131rma\u011fa imkan verir.<\/p>\n<p>Bu, o dem\u0259kdir ki, Az\u0259rbaycanda orta \u0259m\u0259k haqq\u0131 Erm\u0259nistandan 1.6 d\u0259f\u0259 (Erm\u0259nistan-960 beyn\u0259lxalq dollar), G\u00fcrc\u00fcstandan 1.1 d\u0259f\u0259 (G\u00fcrc\u00fcstan-1431 beyn\u0259lxalq dollar) \u00e7ox olacaq\u201d.<\/p>\n<p><img src=\"https:\/\/assets.oxu.az\/uploads\/W1siZiIsIjIwMTkvMTAvMDIvMTMvMjYvMzYvYzEwODJkN2MtYzIzOC00N2ZlLWExYTUtYjhjZGNjZGUzN2EwL0lNR180NjQxLkpQRyJdLFsicCIsImVuY29kZSIsImpwZyIsIi1xdWFsaXR5IDgwIl0sWyJwIiwidGh1bWIiLCI1OTB4NTkwXHUwMDNlIl1d?sha=9210b09f17b85260\" alt=\"\" \/><\/p>\n<p><img src=\"https:\/\/assets.oxu.az\/uploads\/W1siZiIsIjIwMTkvMTAvMDIvMTMvMjYvMzYvOWJiMmYzOTQtMzRhNC00OThkLWE5ODYtMTcxMjE0YTljYTI0L0lNR180NjQ2LkpQRyJdLFsicCIsImVuY29kZSIsImpwZyIsIi1xdWFsaXR5IDgwIl0sWyJwIiwidGh1bWIiLCI1OTB4NTkwXHUwMDNlIl1d?sha=e6688912af599488\" alt=\"\" \/><img src=\"https:\/\/assets.oxu.az\/uploads\/W1siZiIsIjIwMTkvMTAvMDIvMTMvMjYvMzYvZTc1ZGVhY2UtMjc1Ni00ZDViLWE5ZWUtMDVkZWQ1MzFmNTc3L0lNR180NjEwLkpQRyJdLFsicCIsImVuY29kZSIsImpwZyIsIi1xdWFsaXR5IDgwIl0sWyJwIiwidGh1bWIiLCI1OTB4NTkwXHUwMDNlIl1d?sha=32b4492eee32a179\" alt=\"\" \/><img src=\"https:\/\/assets.oxu.az\/uploads\/W1siZiIsIjIwMTkvMTAvMDIvMTMvMjYvMzYvY2MzMmZjZDAtNzAyOC00OGU2LWIxMDgtZTVjZDdhMGRjZTI4L0lNR180NjA4LkpQRyJdLFsicCIsImVuY29kZSIsImpwZyIsIi1xdWFsaXR5IDgwIl0sWyJwIiwidGh1bWIiLCI1OTB4NTkwXHUwMDNlIl1d?sha=a4dc05ac73bae62c\" alt=\"\" \/><\/p>\n","protected":false},"excerpt":{"rendered":"<p>Az\u0259rbaycan Respublikas\u0131 \u0130qtisadi \u0130slahatlar\u0131n T\u0259hlili v\u0259 Kommunikasiya M\u0259rk\u0259zinin (\u0130\u0130TKM) icra\u00e7\u0131 direktoru V\u00fcsal Qas\u0131ml\u0131 Prezident \u0130lham \u018fliyevin r\u0259hb\u0259rliyi il\u0259 2019-cu ild\u0259 realla\u015fd\u0131r\u0131lan inqilabi sosial islahatlara dair m\u0259tbuat konfrans\u0131 ke\u00e7irib. V\u00fcsal Qas\u0131ml\u0131 bildirib ki, \u0259halinin layiqli h\u0259yat \u015f\u0259raitini t\u0259min ed\u0259n sosial islahatlar a\u015fa\u011f\u0131 inflyasiya v\u0259 manat\u0131n sabitliyi \u015f\u0259raitind\u0259 h\u0259yata ke\u00e7irilir: \u201cSosial islahat paketi minimum \u0259m\u0259k haqq\u0131n\u0131n, minimum pensiyan\u0131n, eyni zamanda, t\u0259qa\u00fcd v\u0259 m\u00fcavin\u0259tl\u0259rin art\u0131r\u0131lmas\u0131, o c\u00fcml\u0259d\u0259n, problemli v\u0259 vaxt\u0131 ke\u00e7mi\u015f kreditl\u0259rin geri qaytar\u0131lmas\u0131 v\u0259 restrukturizasiyas\u0131 kimi \u00f6n\u0259mli islahat t\u0259dbirl\u0259rini \u00f6z\u00fcnd\u0259 ehtiva edir. \u00dcmumi olaraq sosial islahat paketi 3.9 milyard manat maliyy\u0259 y\u00fck\u00fc&hellip;<\/p>\n","protected":false},"author":2,"featured_media":83049,"comment_status":"closed","ping_status":"closed","sticky":false,"template":"","format":"standard","meta":{"om_disable_all_campaigns":false,"_monsterinsights_skip_tracking":false,"_monsterinsights_sitenote_active":false,"_monsterinsights_sitenote_note":"","_monsterinsights_sitenote_category":0},"categories":[19],"tags":[],"aioseo_notices":[],"gutentor_comment":0,"rttpg_featured_image_url":{"full":["https:\/\/arantv.az\/wp-content\/uploads\/2019\/10\/IMG_4628.jpg",620,380,false],"landscape":["https:\/\/arantv.az\/wp-content\/uploads\/2019\/10\/IMG_4628.jpg",620,380,false],"portraits":["https:\/\/arantv.az\/wp-content\/uploads\/2019\/10\/IMG_4628.jpg",620,380,false],"thumbnail":["https:\/\/arantv.az\/wp-content\/uploads\/2019\/10\/IMG_4628-150x150.jpg",150,150,true],"medium":["https:\/\/arantv.az\/wp-content\/uploads\/2019\/10\/IMG_4628-300x184.jpg",300,184,true],"large":["https:\/\/arantv.az\/wp-content\/uploads\/2019\/10\/IMG_4628.jpg",620,380,false],"1536x1536":["https:\/\/arantv.az\/wp-content\/uploads\/2019\/10\/IMG_4628.jpg",620,380,false],"2048x2048":["https:\/\/arantv.az\/wp-content\/uploads\/2019\/10\/IMG_4628.jpg",620,380,false],"post-thumbnail":["https:\/\/arantv.az\/wp-content\/uploads\/2019\/10\/IMG_4628-240x172.jpg",240,172,true],"advps-thumb-one":["https:\/\/arantv.az\/wp-content\/uploads\/2019\/10\/IMG_4628.jpg",620,380,false]},"rttpg_author":{"display_name":"V\u00fcsal Rafiqo\u011flu","author_link":"https:\/\/arantv.az\/?author=2"},"rttpg_comment":0,"rttpg_category":"<a href=\"https:\/\/arantv.az\/?cat=19\" rel=\"category\">G\u00fcnd\u0259m<\/a>","rttpg_excerpt":"Az\u0259rbaycan Respublikas\u0131 \u0130qtisadi \u0130slahatlar\u0131n T\u0259hlili v\u0259 Kommunikasiya M\u0259rk\u0259zinin (\u0130\u0130TKM) icra\u00e7\u0131 direktoru V\u00fcsal Qas\u0131ml\u0131 Prezident \u0130lham \u018fliyevin r\u0259hb\u0259rliyi il\u0259 2019-cu ild\u0259 realla\u015fd\u0131r\u0131lan inqilabi sosial islahatlara dair m\u0259tbuat konfrans\u0131 ke\u00e7irib. V\u00fcsal Qas\u0131ml\u0131 bildirib ki, \u0259halinin layiqli h\u0259yat \u015f\u0259raitini t\u0259min ed\u0259n sosial islahatlar a\u015fa\u011f\u0131 inflyasiya v\u0259 manat\u0131n sabitliyi \u015f\u0259raitind\u0259 h\u0259yata ke\u00e7irilir: \u201cSosial islahat paketi minimum \u0259m\u0259k haqq\u0131n\u0131n, minimum&hellip;","_links":{"self":[{"href":"https:\/\/arantv.az\/index.php?rest_route=\/wp\/v2\/posts\/83048"}],"collection":[{"href":"https:\/\/arantv.az\/index.php?rest_route=\/wp\/v2\/posts"}],"about":[{"href":"https:\/\/arantv.az\/index.php?rest_route=\/wp\/v2\/types\/post"}],"author":[{"embeddable":true,"href":"https:\/\/arantv.az\/index.php?rest_route=\/wp\/v2\/users\/2"}],"replies":[{"embeddable":true,"href":"https:\/\/arantv.az\/index.php?rest_route=%2Fwp%2Fv2%2Fcomments&post=83048"}],"version-history":[{"count":0,"href":"https:\/\/arantv.az\/index.php?rest_route=\/wp\/v2\/posts\/83048\/revisions"}],"wp:featuredmedia":[{"embeddable":true,"href":"https:\/\/arantv.az\/index.php?rest_route=\/wp\/v2\/media\/83049"}],"wp:attachment":[{"href":"https:\/\/arantv.az\/index.php?rest_route=%2Fwp%2Fv2%2Fmedia&parent=83048"}],"wp:term":[{"taxonomy":"category","embeddable":true,"href":"https:\/\/arantv.az\/index.php?rest_route=%2Fwp%2Fv2%2Fcategories&post=83048"},{"taxonomy":"post_tag","embeddable":true,"href":"https:\/\/arantv.az\/index.php?rest_route=%2Fwp%2Fv2%2Ftags&post=83048"}],"curies":[{"name":"wp","href":"https:\/\/api.w.org\/{rel}","templated":true}]}}