{"id":83064,"date":"2019-10-02T13:19:49","date_gmt":"2019-10-02T10:19:49","guid":{"rendered":"http:\/\/arantv.az\/?p=83064"},"modified":"2019-10-02T13:19:49","modified_gmt":"2019-10-02T10:19:49","slug":"%c9%99man%c9%99tl%c9%99rin-sigortalanmasi-fondu-beyn%c9%99lxalq-t%c9%99skilatlarla-%c9%99m%c9%99kdasligi-genisl%c9%99ndirir","status":"publish","type":"post","link":"https:\/\/arantv.az\/?p=83064","title":{"rendered":"\u018fman\u0259tl\u0259rin S\u0131\u011fortalanmas\u0131 Fondu beyn\u0259lxalq t\u0259\u015fkilatlarla \u0259m\u0259kda\u015fl\u0131\u011f\u0131 geni\u015fl\u0259ndirir"},"content":{"rendered":"<p>\u018fman\u0259tl\u0259rin S\u0131\u011fortalanmas\u0131 Fondunun n\u00fcmay\u0259nd\u0259l\u0259ri 2019-cu ilin sentyabr ay\u0131 \u0259rzind\u0259 bir s\u0131ra beyn\u0259lxalq t\u0259dbirl\u0259rd\u0259 i\u015ftirak edibl\u0259r.<\/p>\n<p>Fondun n\u00fcmay\u0259nd\u0259l\u0259ri 18-20 sentyabr 2019-cu il tarixl\u0259rind\u0259 \u018fman\u0259t S\u0131\u011forta\u00e7\u0131lar\u0131n\u0131n Beyn\u0259lxalq Assosiasiyas\u0131n\u0131n (\u0130AD\u0130) Asiya-Sakit Okean Regional Komit\u0259sinin Koreya Respublikas\u0131n\u0131n Seul \u015f\u0259h\u0259rind\u0259 t\u0259\u015fkil etdiyi T\u0259hsil proqram\u0131nda i\u015ftirak edibl\u0259r.<\/p>\n<p>S\u0259f\u0259r \u00e7\u0259r\u00e7iv\u0259sind\u0259 iqtisadi b\u00f6hran v\u0259 b\u00f6hrandan \u00e7\u0131x\u0131\u015f yollar\u0131, maliyy\u0259 sabitliyinin qorunmas\u0131, \u0259man\u0259tl\u0259rin s\u0131\u011fortalanmas\u0131 sisteminin maliyy\u0259 sabitliyin\u0259 t\u00f6fh\u0259si, bu sah\u0259d\u0259 informasiya texnologiyalar\u0131 sistemind\u0259 yenilikl\u0259r m\u00fczakir\u0259 edilib.<\/p>\n<div id=\"AdviadNativeVideo0\" class=\"AdviadNativeVideo\"><\/div>\n<p>Bundan \u0259lav\u0259, 2019-cu ilin 25-28 sentyabr tarixl\u0259rind\u0259 \u018fman\u0259tl\u0259rin S\u0131\u011fortalanmas\u0131 Fondunun n\u00fcmay\u0259nd\u0259l\u0259ri Bosniya v\u0259 Herseqovinan\u0131n Sarayevo \u015f\u0259h\u0259rind\u0259 Avropa \u018fman\u0259t S\u0131\u011forta\u00e7\u0131lar\u0131n\u0131n Forumunun (EFDI) illik toplant\u0131s\u0131nda i\u015ftirak edibl\u0259r.<\/p>\n<p>Ke\u00e7iril\u0259n toplant\u0131da Avropa \u00f6lk\u0259l\u0259rinin \u0259man\u0259tl\u0259rin s\u0131\u011fortalanmas\u0131 fondlar\u0131n\u0131n n\u00fcmay\u0259nd\u0259l\u0259ri risk \u0259sasl\u0131 \u00f6d\u0259ni\u015fl\u0259rin t\u0259tbiqi, \u0259man\u0259tl\u0259rin s\u0131\u011fortalanmas\u0131 prinsipl\u0259rini m\u00fczakir\u0259 edibl\u0259r, EFDI-nin \u0130dar\u0259 Hey\u0259tin\u0259 se\u00e7kil\u0259r ke\u00e7irilib, t\u0259\u015fkilat\u0131n b\u00fcdc\u0259si t\u0259sdiq edilib.<\/p>\n<p>Maliyy\u0259 Sektorunun M\u00fcasirl\u0259\u015fdirilm\u0259si Layih\u0259sinin ikinci fazas\u0131 \u00e7\u0259r\u00e7iv\u0259sind\u0259 D\u00fcnya Bank\u0131n\u0131n v\u0259 \u0130sve\u00e7r\u0259nin \u0130qtisadi M\u0259s\u0259l\u0259l\u0259r \u00dczr\u0259 D\u00f6vl\u0259t Katibliyinin Bak\u0131da s\u0259f\u0259rd\u0259 olan n\u00fcmay\u0259nd\u0259 hey\u0259tl\u0259ri il\u0259 16-26 sentyabr 2019-cu il tarixl\u0259rind\u0259 \u0259man\u0259tl\u0259rin s\u0131\u011fortalanmas\u0131 sistemi bar\u0259d\u0259 geni\u015f m\u00fczakir\u0259l\u0259r ke\u00e7irilib.<\/p>\n<p>M\u00fczakir\u0259l\u0259rd\u0259 \u018fman\u0259tl\u0259rin S\u0131\u011fortalanmas\u0131 Fondunun f\u0259aliyy\u0259ti, g\u0259l\u0259c\u0259k inki\u015faf modeli v\u0259 h\u0259d\u0259fl\u0259ri; banklar\u0131n l\u0259\u011fv olunmas\u0131 v\u0259 \u0259man\u0259tl\u0259rin s\u0131\u011fortalanmas\u0131 sah\u0259sind\u0259 potensial\u0131n g\u00fccl\u0259ndirilm\u0259si, bu sah\u0259d\u0259 qanunvericilikd\u0259 d\u0259yi\u015fiklikl\u0259r m\u00fczakir\u0259 edilib.<\/p>\n","protected":false},"excerpt":{"rendered":"<p>\u018fman\u0259tl\u0259rin S\u0131\u011fortalanmas\u0131 Fondunun n\u00fcmay\u0259nd\u0259l\u0259ri 2019-cu ilin sentyabr ay\u0131 \u0259rzind\u0259 bir s\u0131ra beyn\u0259lxalq t\u0259dbirl\u0259rd\u0259 i\u015ftirak edibl\u0259r. Fondun n\u00fcmay\u0259nd\u0259l\u0259ri 18-20 sentyabr 2019-cu il tarixl\u0259rind\u0259 \u018fman\u0259t S\u0131\u011forta\u00e7\u0131lar\u0131n\u0131n Beyn\u0259lxalq Assosiasiyas\u0131n\u0131n (\u0130AD\u0130) Asiya-Sakit Okean Regional Komit\u0259sinin Koreya Respublikas\u0131n\u0131n Seul \u015f\u0259h\u0259rind\u0259 t\u0259\u015fkil etdiyi T\u0259hsil proqram\u0131nda i\u015ftirak edibl\u0259r. S\u0259f\u0259r \u00e7\u0259r\u00e7iv\u0259sind\u0259 iqtisadi b\u00f6hran v\u0259 b\u00f6hrandan \u00e7\u0131x\u0131\u015f yollar\u0131, maliyy\u0259 sabitliyinin qorunmas\u0131, \u0259man\u0259tl\u0259rin s\u0131\u011fortalanmas\u0131 sisteminin maliyy\u0259 sabitliyin\u0259 t\u00f6fh\u0259si, bu sah\u0259d\u0259 informasiya texnologiyalar\u0131 sistemind\u0259 yenilikl\u0259r m\u00fczakir\u0259 edilib. Bundan \u0259lav\u0259, 2019-cu ilin 25-28 sentyabr tarixl\u0259rind\u0259 \u018fman\u0259tl\u0259rin S\u0131\u011fortalanmas\u0131 Fondunun n\u00fcmay\u0259nd\u0259l\u0259ri Bosniya v\u0259 Herseqovinan\u0131n Sarayevo \u015f\u0259h\u0259rind\u0259 Avropa \u018fman\u0259t S\u0131\u011forta\u00e7\u0131lar\u0131n\u0131n Forumunun (EFDI) illik toplant\u0131s\u0131nda i\u015ftirak&hellip;<\/p>\n","protected":false},"author":2,"featured_media":78111,"comment_status":"closed","ping_status":"closed","sticky":false,"template":"","format":"standard","meta":{"om_disable_all_campaigns":false,"_monsterinsights_skip_tracking":false,"_monsterinsights_sitenote_active":false,"_monsterinsights_sitenote_note":"","_monsterinsights_sitenote_category":0},"categories":[19],"tags":[],"aioseo_notices":[],"gutentor_comment":0,"rttpg_featured_image_url":{"full":["https:\/\/arantv.az\/wp-content\/uploads\/2019\/09\/92827_0d015beb815328c1004d3f08287ddf766a2e5322.jpg",620,378,false],"landscape":["https:\/\/arantv.az\/wp-content\/uploads\/2019\/09\/92827_0d015beb815328c1004d3f08287ddf766a2e5322.jpg",620,378,false],"portraits":["https:\/\/arantv.az\/wp-content\/uploads\/2019\/09\/92827_0d015beb815328c1004d3f08287ddf766a2e5322.jpg",620,378,false],"thumbnail":["https:\/\/arantv.az\/wp-content\/uploads\/2019\/09\/92827_0d015beb815328c1004d3f08287ddf766a2e5322-150x150.jpg",150,150,true],"medium":["https:\/\/arantv.az\/wp-content\/uploads\/2019\/09\/92827_0d015beb815328c1004d3f08287ddf766a2e5322-300x183.jpg",300,183,true],"large":["https:\/\/arantv.az\/wp-content\/uploads\/2019\/09\/92827_0d015beb815328c1004d3f08287ddf766a2e5322.jpg",620,378,false],"1536x1536":["https:\/\/arantv.az\/wp-content\/uploads\/2019\/09\/92827_0d015beb815328c1004d3f08287ddf766a2e5322.jpg",620,378,false],"2048x2048":["https:\/\/arantv.az\/wp-content\/uploads\/2019\/09\/92827_0d015beb815328c1004d3f08287ddf766a2e5322.jpg",620,378,false],"post-thumbnail":["https:\/\/arantv.az\/wp-content\/uploads\/2019\/09\/92827_0d015beb815328c1004d3f08287ddf766a2e5322-240x172.jpg",240,172,true],"advps-thumb-one":["https:\/\/arantv.az\/wp-content\/uploads\/2019\/09\/92827_0d015beb815328c1004d3f08287ddf766a2e5322.jpg",620,378,false]},"rttpg_author":{"display_name":"V\u00fcsal Rafiqo\u011flu","author_link":"https:\/\/arantv.az\/?author=2"},"rttpg_comment":0,"rttpg_category":"<a href=\"https:\/\/arantv.az\/?cat=19\" rel=\"category\">G\u00fcnd\u0259m<\/a>","rttpg_excerpt":"\u018fman\u0259tl\u0259rin S\u0131\u011fortalanmas\u0131 Fondunun n\u00fcmay\u0259nd\u0259l\u0259ri 2019-cu ilin sentyabr ay\u0131 \u0259rzind\u0259 bir s\u0131ra beyn\u0259lxalq t\u0259dbirl\u0259rd\u0259 i\u015ftirak edibl\u0259r. Fondun n\u00fcmay\u0259nd\u0259l\u0259ri 18-20 sentyabr 2019-cu il tarixl\u0259rind\u0259 \u018fman\u0259t S\u0131\u011forta\u00e7\u0131lar\u0131n\u0131n Beyn\u0259lxalq Assosiasiyas\u0131n\u0131n (\u0130AD\u0130) Asiya-Sakit Okean Regional Komit\u0259sinin Koreya Respublikas\u0131n\u0131n Seul \u015f\u0259h\u0259rind\u0259 t\u0259\u015fkil etdiyi T\u0259hsil proqram\u0131nda i\u015ftirak edibl\u0259r. S\u0259f\u0259r \u00e7\u0259r\u00e7iv\u0259sind\u0259 iqtisadi b\u00f6hran v\u0259 b\u00f6hrandan \u00e7\u0131x\u0131\u015f yollar\u0131, maliyy\u0259 sabitliyinin qorunmas\u0131, \u0259man\u0259tl\u0259rin s\u0131\u011fortalanmas\u0131 sisteminin&hellip;","_links":{"self":[{"href":"https:\/\/arantv.az\/index.php?rest_route=\/wp\/v2\/posts\/83064"}],"collection":[{"href":"https:\/\/arantv.az\/index.php?rest_route=\/wp\/v2\/posts"}],"about":[{"href":"https:\/\/arantv.az\/index.php?rest_route=\/wp\/v2\/types\/post"}],"author":[{"embeddable":true,"href":"https:\/\/arantv.az\/index.php?rest_route=\/wp\/v2\/users\/2"}],"replies":[{"embeddable":true,"href":"https:\/\/arantv.az\/index.php?rest_route=%2Fwp%2Fv2%2Fcomments&post=83064"}],"version-history":[{"count":0,"href":"https:\/\/arantv.az\/index.php?rest_route=\/wp\/v2\/posts\/83064\/revisions"}],"wp:featuredmedia":[{"embeddable":true,"href":"https:\/\/arantv.az\/index.php?rest_route=\/wp\/v2\/media\/78111"}],"wp:attachment":[{"href":"https:\/\/arantv.az\/index.php?rest_route=%2Fwp%2Fv2%2Fmedia&parent=83064"}],"wp:term":[{"taxonomy":"category","embeddable":true,"href":"https:\/\/arantv.az\/index.php?rest_route=%2Fwp%2Fv2%2Fcategories&post=83064"},{"taxonomy":"post_tag","embeddable":true,"href":"https:\/\/arantv.az\/index.php?rest_route=%2Fwp%2Fv2%2Ftags&post=83064"}],"curies":[{"name":"wp","href":"https:\/\/api.w.org\/{rel}","templated":true}]}}