{"id":83076,"date":"2019-10-02T13:39:05","date_gmt":"2019-10-02T10:39:05","guid":{"rendered":"http:\/\/arantv.az\/?p=83076"},"modified":"2019-10-02T13:39:05","modified_gmt":"2019-10-02T10:39:05","slug":"qusculuq-fermasi-yandi-2-min-hinduska-m%c9%99hv-oldu","status":"publish","type":"post","link":"https:\/\/arantv.az\/?p=83076","title":{"rendered":"Qu\u015f\u00e7uluq fermas\u0131 yand\u0131 &#8211; 2 min &#8220;hindu\u015fka&#8221; m\u0259hv oldu"},"content":{"rendered":"<blockquote><p><em><strong>\u0130ran\u0131n q\u0259rbind\u0259 yerl\u0259\u015f\u0259n \u015e\u0259rqi Az\u0259rbaycan vilay\u0259tinin S\u0259rab rayonunun \u018fnd\u0259rab k\u0259ndind\u0259 qu\u015f\u00e7uluq fermas\u0131 yan\u0131b.<\/strong><\/em><\/p><\/blockquote>\n<p><strong>ARANTV.AZ<\/strong>\u00a0\u00a0<a href=\"https:\/\/az.trend.az\/\" target=\"_blank\" rel=\"noopener\">Trend<\/a>-\u0259 istinad\u0259n x\u0259b\u0259r verir ki, bunu \u0130ran\u0131n \u015e\u0259rqi Az\u0259rbaycan vilay\u0259tinin S\u0259rab rayonu polis r\u0259isi polkovnik Tohid Farsi deyib.<\/p>\n<p>T.Farsinin s\u00f6zl\u0259rin\u0259 g\u00f6r\u0259, yan\u011f\u0131n n\u0259tic\u0259sind\u0259 2 min \u0259d\u0259d hind toyu\u011fu m\u0259hv olub.<\/p>\n<p>Polis r\u0259isi yan\u011f\u0131n\u0131n s\u00f6nd\u00fcr\u00fcld\u00fcy\u00fcn\u00fc deyib.<\/p>\n<div>\n<div id=\"AdviadNativeVideo0\" class=\"AdviadNativeVideo\"><\/div>\n<\/div>\n<p>Yan\u011f\u0131n\u0131n s\u0259b\u0259bl\u0259ri ara\u015fd\u0131r\u0131l\u0131r.<\/p>\n","protected":false},"excerpt":{"rendered":"<p>\u0130ran\u0131n q\u0259rbind\u0259 yerl\u0259\u015f\u0259n \u015e\u0259rqi Az\u0259rbaycan vilay\u0259tinin S\u0259rab rayonunun \u018fnd\u0259rab k\u0259ndind\u0259 qu\u015f\u00e7uluq fermas\u0131 yan\u0131b. ARANTV.AZ\u00a0\u00a0Trend-\u0259 istinad\u0259n x\u0259b\u0259r verir ki, bunu \u0130ran\u0131n \u015e\u0259rqi Az\u0259rbaycan vilay\u0259tinin S\u0259rab rayonu polis r\u0259isi polkovnik Tohid Farsi deyib. T.Farsinin s\u00f6zl\u0259rin\u0259 g\u00f6r\u0259, yan\u011f\u0131n n\u0259tic\u0259sind\u0259 2 min \u0259d\u0259d hind toyu\u011fu m\u0259hv olub. Polis r\u0259isi yan\u011f\u0131n\u0131n s\u00f6nd\u00fcr\u00fcld\u00fcy\u00fcn\u00fc deyib. Yan\u011f\u0131n\u0131n s\u0259b\u0259bl\u0259ri ara\u015fd\u0131r\u0131l\u0131r.<\/p>\n","protected":false},"author":2,"featured_media":83077,"comment_status":"closed","ping_status":"closed","sticky":false,"template":"","format":"standard","meta":{"om_disable_all_campaigns":false,"_monsterinsights_skip_tracking":false,"_monsterinsights_sitenote_active":false,"_monsterinsights_sitenote_note":"","_monsterinsights_sitenote_category":0},"categories":[7],"tags":[],"aioseo_notices":[],"gutentor_comment":0,"rttpg_featured_image_url":{"full":["https:\/\/arantv.az\/wp-content\/uploads\/2019\/10\/790974.jpg",800,600,false],"landscape":["https:\/\/arantv.az\/wp-content\/uploads\/2019\/10\/790974.jpg",800,600,false],"portraits":["https:\/\/arantv.az\/wp-content\/uploads\/2019\/10\/790974.jpg",800,600,false],"thumbnail":["https:\/\/arantv.az\/wp-content\/uploads\/2019\/10\/790974-150x150.jpg",150,150,true],"medium":["https:\/\/arantv.az\/wp-content\/uploads\/2019\/10\/790974-300x225.jpg",300,225,true],"large":["https:\/\/arantv.az\/wp-content\/uploads\/2019\/10\/790974.jpg",640,480,false],"1536x1536":["https:\/\/arantv.az\/wp-content\/uploads\/2019\/10\/790974.jpg",800,600,false],"2048x2048":["https:\/\/arantv.az\/wp-content\/uploads\/2019\/10\/790974.jpg",800,600,false],"post-thumbnail":["https:\/\/arantv.az\/wp-content\/uploads\/2019\/10\/790974-240x172.jpg",240,172,true],"advps-thumb-one":["https:\/\/arantv.az\/wp-content\/uploads\/2019\/10\/790974.jpg",800,600,false]},"rttpg_author":{"display_name":"V\u00fcsal Rafiqo\u011flu","author_link":"https:\/\/arantv.az\/?author=2"},"rttpg_comment":0,"rttpg_category":"<a href=\"https:\/\/arantv.az\/?cat=7\" rel=\"category\">D\u00fcnya<\/a>","rttpg_excerpt":"\u0130ran\u0131n q\u0259rbind\u0259 yerl\u0259\u015f\u0259n \u015e\u0259rqi Az\u0259rbaycan vilay\u0259tinin S\u0259rab rayonunun \u018fnd\u0259rab k\u0259ndind\u0259 qu\u015f\u00e7uluq fermas\u0131 yan\u0131b. ARANTV.AZ\u00a0\u00a0Trend-\u0259 istinad\u0259n x\u0259b\u0259r verir ki, bunu \u0130ran\u0131n \u015e\u0259rqi Az\u0259rbaycan vilay\u0259tinin S\u0259rab rayonu polis r\u0259isi polkovnik Tohid Farsi deyib. T.Farsinin s\u00f6zl\u0259rin\u0259 g\u00f6r\u0259, yan\u011f\u0131n n\u0259tic\u0259sind\u0259 2 min \u0259d\u0259d hind toyu\u011fu m\u0259hv olub. Polis r\u0259isi yan\u011f\u0131n\u0131n s\u00f6nd\u00fcr\u00fcld\u00fcy\u00fcn\u00fc deyib. Yan\u011f\u0131n\u0131n s\u0259b\u0259bl\u0259ri ara\u015fd\u0131r\u0131l\u0131r.","_links":{"self":[{"href":"https:\/\/arantv.az\/index.php?rest_route=\/wp\/v2\/posts\/83076"}],"collection":[{"href":"https:\/\/arantv.az\/index.php?rest_route=\/wp\/v2\/posts"}],"about":[{"href":"https:\/\/arantv.az\/index.php?rest_route=\/wp\/v2\/types\/post"}],"author":[{"embeddable":true,"href":"https:\/\/arantv.az\/index.php?rest_route=\/wp\/v2\/users\/2"}],"replies":[{"embeddable":true,"href":"https:\/\/arantv.az\/index.php?rest_route=%2Fwp%2Fv2%2Fcomments&post=83076"}],"version-history":[{"count":0,"href":"https:\/\/arantv.az\/index.php?rest_route=\/wp\/v2\/posts\/83076\/revisions"}],"wp:featuredmedia":[{"embeddable":true,"href":"https:\/\/arantv.az\/index.php?rest_route=\/wp\/v2\/media\/83077"}],"wp:attachment":[{"href":"https:\/\/arantv.az\/index.php?rest_route=%2Fwp%2Fv2%2Fmedia&parent=83076"}],"wp:term":[{"taxonomy":"category","embeddable":true,"href":"https:\/\/arantv.az\/index.php?rest_route=%2Fwp%2Fv2%2Fcategories&post=83076"},{"taxonomy":"post_tag","embeddable":true,"href":"https:\/\/arantv.az\/index.php?rest_route=%2Fwp%2Fv2%2Ftags&post=83076"}],"curies":[{"name":"wp","href":"https:\/\/api.w.org\/{rel}","templated":true}]}}