{"id":83096,"date":"2019-10-02T14:07:38","date_gmt":"2019-10-02T11:07:38","guid":{"rendered":"http:\/\/arantv.az\/?p=83096"},"modified":"2019-10-02T14:07:38","modified_gmt":"2019-10-02T11:07:38","slug":"sui-q%c9%99sdd%c9%99-qadin-corablari-l%c9%99nk%c9%99ran-polisi-cobani-doy%c9%99n-kisil%c9%99ri-axtarir","status":"publish","type":"post","link":"https:\/\/arantv.az\/?p=83096","title":{"rendered":"Sui-q\u0259sdd\u0259 qad\u0131n corablar\u0131 &#8211; L\u0259nk\u0259ran polisi \u00e7oban\u0131 d\u00f6y\u0259n ki\u015fil\u0259ri axtar\u0131r"},"content":{"rendered":"<p><strong>L\u0259nk\u0259ran Rayon Polis \u015e\u00f6b\u0259sinin \u0259m\u0259kda\u015flar\u0131 sentyabr\u0131n 27-d\u0259 Lej k\u0259nd sakinini d\u00f6y\u0259r\u0259k su kanal\u0131na atan \u00fc\u00e7 maskal\u0131 nam\u0259lum \u015f\u0259xsin axtar\u0131\u015flar\u0131n\u0131 davam etdirir. \u0130ndiy\u0259 q\u0259d\u0259r apar\u0131lan axtar\u0131\u015flar m\u00fcsb\u0259t n\u0259tic\u0259 verm\u0259yib.<\/strong><\/p>\n<p><strong>ARANTV.AZ<\/strong> x\u0259b\u0259r verir ki, bu bar\u0259d\u0259 oxu.az-a rayon polis \u015f\u00f6b\u0259sind\u0259n m\u0259lumat verilib.<\/p>\n<p>Qeyd ed\u0259k ki, 20 ya\u015fl\u0131 \u00e7oban P\u0259rviz K\u00f6\u00e7\u0259riyevi atas\u0131 su kanal\u0131ndan ba\u011flanm\u0131\u015f \u015f\u0259kild\u0259 tap\u0131b.<\/p>\n<p>Ata o\u011flunu s\u00fcr\u00fc otlaqdan \u00e7obans\u0131z qay\u0131td\u0131qdan sonra axtarma\u011fa ba\u015flay\u0131b.<\/p>\n<p>O\u011ful maskal\u0131 \u015f\u0259xsl\u0259r t\u0259r\u0259find\u0259n d\u00f6y\u00fcld\u00fcy\u00fcn\u00fc deyib. Daha do\u011frusu, s\u00f6z\u00fcged\u0259n \u015f\u0259xsl\u0259r maska \u0259v\u0259zin\u0259 ba\u015flar\u0131na qara qad\u0131n corablar\u0131 ke\u00e7iribl\u0259r. Bununla yana\u015f\u0131, t\u0259cav\u00fczkarlar he\u00e7 bir \u015fey t\u0259l\u0259b v\u0259 izah etm\u0259yibl\u0259r.<\/p>\n<p>P.K\u00f6\u00e7\u0259riyev L\u0259nk\u0259ran M\u0259rk\u0259zi X\u0259st\u0259xanas\u0131na yerl\u0259\u015fdirilib, h\u0259kiml\u0259r ona k\u0259ll\u0259-beyin travmas\u0131 diaqnozu qoyublar.<\/p>\n<p>Ara\u015fd\u0131rma zaman\u0131 asayi\u015f ke\u015fik\u00e7il\u0259ri t\u0259cav\u00fczkarlarla \u00e7oban aras\u0131nda he\u00e7 bir \u0259laq\u0259 tapmay\u0131b. \u018fld\u0259 edil\u0259n m\u0259lumata g\u00f6r\u0259, maskal\u0131 \u015f\u0259xsl\u0259r k\u0259nd\u0259 gedib onlar\u0131 g\u00f6rd\u00fcy\u00fcn\u00fc dem\u0259m\u0259si \u00fc\u00e7\u00fcn \u00e7oban\u0131 d\u00f6y\u0259r\u0259k ba\u011flay\u0131blar. Bel\u0259likl\u0259, t\u0259cav\u00fczkarlar rahat \u015f\u0259kild\u0259 gizl\u0259n\u0259 bilibl\u0259r.<\/p>\n<p>Polis h\u0259min g\u00fcn eyni \u0259razid\u0259 \u00fc\u00e7 ki\u015finin i\u015ftirak\u0131 il\u0259 ba\u015fqa cinay\u0259t hadis\u0259sinin ba\u015f verm\u0259diyini bildirib. Ehtimal olunur ki, \u015f\u00fcbh\u0259lil\u0259r h\u0259min g\u00fcn basq\u0131n t\u00f6r\u0259tm\u0259k ist\u0259yibl\u0259r, lakin \u00e7obanla planla\u015fd\u0131r\u0131lmam\u0131\u015f g\u00f6r\u00fc\u015f bu basq\u0131na mane olub.<\/p>\n","protected":false},"excerpt":{"rendered":"<p>L\u0259nk\u0259ran Rayon Polis \u015e\u00f6b\u0259sinin \u0259m\u0259kda\u015flar\u0131 sentyabr\u0131n 27-d\u0259 Lej k\u0259nd sakinini d\u00f6y\u0259r\u0259k su kanal\u0131na atan \u00fc\u00e7 maskal\u0131 nam\u0259lum \u015f\u0259xsin axtar\u0131\u015flar\u0131n\u0131 davam etdirir. \u0130ndiy\u0259 q\u0259d\u0259r apar\u0131lan axtar\u0131\u015flar m\u00fcsb\u0259t n\u0259tic\u0259 verm\u0259yib. ARANTV.AZ x\u0259b\u0259r verir ki, bu bar\u0259d\u0259 oxu.az-a rayon polis \u015f\u00f6b\u0259sind\u0259n m\u0259lumat verilib. Qeyd ed\u0259k ki, 20 ya\u015fl\u0131 \u00e7oban P\u0259rviz K\u00f6\u00e7\u0259riyevi atas\u0131 su kanal\u0131ndan ba\u011flanm\u0131\u015f \u015f\u0259kild\u0259 tap\u0131b. Ata o\u011flunu s\u00fcr\u00fc otlaqdan \u00e7obans\u0131z qay\u0131td\u0131qdan sonra axtarma\u011fa ba\u015flay\u0131b. O\u011ful maskal\u0131 \u015f\u0259xsl\u0259r t\u0259r\u0259find\u0259n d\u00f6y\u00fcld\u00fcy\u00fcn\u00fc deyib. Daha do\u011frusu, s\u00f6z\u00fcged\u0259n \u015f\u0259xsl\u0259r maska \u0259v\u0259zin\u0259 ba\u015flar\u0131na qara qad\u0131n corablar\u0131 ke\u00e7iribl\u0259r. Bununla yana\u015f\u0131, t\u0259cav\u00fczkarlar he\u00e7 bir \u015fey t\u0259l\u0259b v\u0259 izah etm\u0259yibl\u0259r.&hellip;<\/p>\n","protected":false},"author":2,"featured_media":83097,"comment_status":"closed","ping_status":"closed","sticky":false,"template":"","format":"standard","meta":{"om_disable_all_campaigns":false,"_monsterinsights_skip_tracking":false,"_monsterinsights_sitenote_active":false,"_monsterinsights_sitenote_note":"","_monsterinsights_sitenote_category":0},"categories":[3],"tags":[],"aioseo_notices":[],"gutentor_comment":0,"rttpg_featured_image_url":{"full":["https:\/\/arantv.az\/wp-content\/uploads\/2019\/10\/790997.jpg",800,600,false],"landscape":["https:\/\/arantv.az\/wp-content\/uploads\/2019\/10\/790997.jpg",800,600,false],"portraits":["https:\/\/arantv.az\/wp-content\/uploads\/2019\/10\/790997.jpg",800,600,false],"thumbnail":["https:\/\/arantv.az\/wp-content\/uploads\/2019\/10\/790997-150x150.jpg",150,150,true],"medium":["https:\/\/arantv.az\/wp-content\/uploads\/2019\/10\/790997-300x225.jpg",300,225,true],"large":["https:\/\/arantv.az\/wp-content\/uploads\/2019\/10\/790997.jpg",640,480,false],"1536x1536":["https:\/\/arantv.az\/wp-content\/uploads\/2019\/10\/790997.jpg",800,600,false],"2048x2048":["https:\/\/arantv.az\/wp-content\/uploads\/2019\/10\/790997.jpg",800,600,false],"post-thumbnail":["https:\/\/arantv.az\/wp-content\/uploads\/2019\/10\/790997-240x172.jpg",240,172,true],"advps-thumb-one":["https:\/\/arantv.az\/wp-content\/uploads\/2019\/10\/790997.jpg",800,600,false]},"rttpg_author":{"display_name":"V\u00fcsal Rafiqo\u011flu","author_link":"https:\/\/arantv.az\/?author=2"},"rttpg_comment":0,"rttpg_category":"<a href=\"https:\/\/arantv.az\/?cat=3\" rel=\"category\">Kriminal<\/a>","rttpg_excerpt":"L\u0259nk\u0259ran Rayon Polis \u015e\u00f6b\u0259sinin \u0259m\u0259kda\u015flar\u0131 sentyabr\u0131n 27-d\u0259 Lej k\u0259nd sakinini d\u00f6y\u0259r\u0259k su kanal\u0131na atan \u00fc\u00e7 maskal\u0131 nam\u0259lum \u015f\u0259xsin axtar\u0131\u015flar\u0131n\u0131 davam etdirir. \u0130ndiy\u0259 q\u0259d\u0259r apar\u0131lan axtar\u0131\u015flar m\u00fcsb\u0259t n\u0259tic\u0259 verm\u0259yib. ARANTV.AZ x\u0259b\u0259r verir ki, bu bar\u0259d\u0259 oxu.az-a rayon polis \u015f\u00f6b\u0259sind\u0259n m\u0259lumat verilib. Qeyd ed\u0259k ki, 20 ya\u015fl\u0131 \u00e7oban P\u0259rviz K\u00f6\u00e7\u0259riyevi atas\u0131 su kanal\u0131ndan ba\u011flanm\u0131\u015f \u015f\u0259kild\u0259 tap\u0131b. Ata&hellip;","_links":{"self":[{"href":"https:\/\/arantv.az\/index.php?rest_route=\/wp\/v2\/posts\/83096"}],"collection":[{"href":"https:\/\/arantv.az\/index.php?rest_route=\/wp\/v2\/posts"}],"about":[{"href":"https:\/\/arantv.az\/index.php?rest_route=\/wp\/v2\/types\/post"}],"author":[{"embeddable":true,"href":"https:\/\/arantv.az\/index.php?rest_route=\/wp\/v2\/users\/2"}],"replies":[{"embeddable":true,"href":"https:\/\/arantv.az\/index.php?rest_route=%2Fwp%2Fv2%2Fcomments&post=83096"}],"version-history":[{"count":0,"href":"https:\/\/arantv.az\/index.php?rest_route=\/wp\/v2\/posts\/83096\/revisions"}],"wp:featuredmedia":[{"embeddable":true,"href":"https:\/\/arantv.az\/index.php?rest_route=\/wp\/v2\/media\/83097"}],"wp:attachment":[{"href":"https:\/\/arantv.az\/index.php?rest_route=%2Fwp%2Fv2%2Fmedia&parent=83096"}],"wp:term":[{"taxonomy":"category","embeddable":true,"href":"https:\/\/arantv.az\/index.php?rest_route=%2Fwp%2Fv2%2Fcategories&post=83096"},{"taxonomy":"post_tag","embeddable":true,"href":"https:\/\/arantv.az\/index.php?rest_route=%2Fwp%2Fv2%2Ftags&post=83096"}],"curies":[{"name":"wp","href":"https:\/\/api.w.org\/{rel}","templated":true}]}}