{"id":83104,"date":"2019-10-02T14:33:17","date_gmt":"2019-10-02T11:33:17","guid":{"rendered":"http:\/\/arantv.az\/?p=83104"},"modified":"2019-10-02T14:33:17","modified_gmt":"2019-10-02T11:33:17","slug":"kamazla-45-yasli-kisini-vurub-oldurdu","status":"publish","type":"post","link":"https:\/\/arantv.az\/?p=83104","title":{"rendered":"&#8220;Kamaz&#8221;la 45 ya\u015fl\u0131 ki\u015fini vurub \u00f6ld\u00fcrd\u00fc"},"content":{"rendered":"<p><strong>Beyl\u0259qan rayonunda \u00f6l\u00fcml\u0259 n\u0259tic\u0259l\u0259n\u0259n yol q\u0259zas\u0131 ba\u015f verib.<\/strong><\/p>\n<p><strong>ARANTV.AZ\u00a0<\/strong>\u00a0<a href=\"https:\/\/az.trend.az\/\" target=\"_blank\" rel=\"noopener\">Trend<\/a>-\u0259 istinad\u0259n x\u0259b\u0259r verir ki, hadis\u0259 Ming\u0259\u00e7evir-B\u0259hr\u0259mt\u0259p\u0259 yolunun 158-ci kilometrliyind\u0259, yolun Beyl\u0259qan rayonu \u0259razisind\u0259n ke\u00e7\u0259n hiss\u0259sind\u0259 qeyd\u0259 al\u0131n\u0131b.<\/p>\n<p>Beyl\u0259qan rayon sakini, 1981-ci il t\u0259v\u0259ll\u00fcdl\u00fc \u015e\u00fck\u00fcrov S\u0259buhi \u018fr\u015fad o\u011flu idar\u0259 etdiyi &#8220;Kamaz 511&#8221; markal\u0131 11 BE 127 d\u00f6vl\u0259t n\u00f6mr\u0259 ni\u015fanl\u0131 avtomobill\u0259 Ming\u0259\u00e7evir istiqam\u0259tind\u0259 h\u0259r\u0259k\u0259td\u0259 olark\u0259n yolu ke\u00e7\u0259n 1974-c\u00fc il t\u0259v\u0259ll\u00fcdl\u00fc H\u00fcseynov Namiq Allahverdi o\u011flunu vurub. N.H\u00fcseynov ald\u0131\u011f\u0131 z\u0259sar\u0259tl\u0259rd\u0259n x\u0259st\u0259xanada d\u00fcnyas\u0131n\u0131 d\u0259yi\u015fib.<\/p>\n<p>Faktla ba\u011fl\u0131 cinay\u0259t i\u015fi ba\u015flan\u0131b.<\/p>\n","protected":false},"excerpt":{"rendered":"<p>Beyl\u0259qan rayonunda \u00f6l\u00fcml\u0259 n\u0259tic\u0259l\u0259n\u0259n yol q\u0259zas\u0131 ba\u015f verib. ARANTV.AZ\u00a0\u00a0Trend-\u0259 istinad\u0259n x\u0259b\u0259r verir ki, hadis\u0259 Ming\u0259\u00e7evir-B\u0259hr\u0259mt\u0259p\u0259 yolunun 158-ci kilometrliyind\u0259, yolun Beyl\u0259qan rayonu \u0259razisind\u0259n ke\u00e7\u0259n hiss\u0259sind\u0259 qeyd\u0259 al\u0131n\u0131b. Beyl\u0259qan rayon sakini, 1981-ci il t\u0259v\u0259ll\u00fcdl\u00fc \u015e\u00fck\u00fcrov S\u0259buhi \u018fr\u015fad o\u011flu idar\u0259 etdiyi &#8220;Kamaz 511&#8221; markal\u0131 11 BE 127 d\u00f6vl\u0259t n\u00f6mr\u0259 ni\u015fanl\u0131 avtomobill\u0259 Ming\u0259\u00e7evir istiqam\u0259tind\u0259 h\u0259r\u0259k\u0259td\u0259 olark\u0259n yolu ke\u00e7\u0259n 1974-c\u00fc il t\u0259v\u0259ll\u00fcdl\u00fc H\u00fcseynov Namiq Allahverdi o\u011flunu vurub. N.H\u00fcseynov ald\u0131\u011f\u0131 z\u0259sar\u0259tl\u0259rd\u0259n x\u0259st\u0259xanada d\u00fcnyas\u0131n\u0131 d\u0259yi\u015fib. Faktla ba\u011fl\u0131 cinay\u0259t i\u015fi ba\u015flan\u0131b.<\/p>\n","protected":false},"author":2,"featured_media":83105,"comment_status":"closed","ping_status":"closed","sticky":false,"template":"","format":"standard","meta":{"om_disable_all_campaigns":false,"_monsterinsights_skip_tracking":false,"_monsterinsights_sitenote_active":false,"_monsterinsights_sitenote_note":"","_monsterinsights_sitenote_category":0},"categories":[5],"tags":[],"aioseo_notices":[],"gutentor_comment":0,"rttpg_featured_image_url":{"full":["https:\/\/arantv.az\/wp-content\/uploads\/2019\/10\/xestexana_01888.jpg",482,361,false],"landscape":["https:\/\/arantv.az\/wp-content\/uploads\/2019\/10\/xestexana_01888.jpg",482,361,false],"portraits":["https:\/\/arantv.az\/wp-content\/uploads\/2019\/10\/xestexana_01888.jpg",482,361,false],"thumbnail":["https:\/\/arantv.az\/wp-content\/uploads\/2019\/10\/xestexana_01888-150x150.jpg",150,150,true],"medium":["https:\/\/arantv.az\/wp-content\/uploads\/2019\/10\/xestexana_01888-300x225.jpg",300,225,true],"large":["https:\/\/arantv.az\/wp-content\/uploads\/2019\/10\/xestexana_01888.jpg",482,361,false],"1536x1536":["https:\/\/arantv.az\/wp-content\/uploads\/2019\/10\/xestexana_01888.jpg",482,361,false],"2048x2048":["https:\/\/arantv.az\/wp-content\/uploads\/2019\/10\/xestexana_01888.jpg",482,361,false],"post-thumbnail":["https:\/\/arantv.az\/wp-content\/uploads\/2019\/10\/xestexana_01888-240x172.jpg",240,172,true],"advps-thumb-one":["https:\/\/arantv.az\/wp-content\/uploads\/2019\/10\/xestexana_01888.jpg",482,361,false]},"rttpg_author":{"display_name":"V\u00fcsal Rafiqo\u011flu","author_link":"https:\/\/arantv.az\/?author=2"},"rttpg_comment":0,"rttpg_category":"<a href=\"https:\/\/arantv.az\/?cat=5\" rel=\"category\">Hadis\u0259<\/a>","rttpg_excerpt":"Beyl\u0259qan rayonunda \u00f6l\u00fcml\u0259 n\u0259tic\u0259l\u0259n\u0259n yol q\u0259zas\u0131 ba\u015f verib. ARANTV.AZ\u00a0\u00a0Trend-\u0259 istinad\u0259n x\u0259b\u0259r verir ki, hadis\u0259 Ming\u0259\u00e7evir-B\u0259hr\u0259mt\u0259p\u0259 yolunun 158-ci kilometrliyind\u0259, yolun Beyl\u0259qan rayonu \u0259razisind\u0259n ke\u00e7\u0259n hiss\u0259sind\u0259 qeyd\u0259 al\u0131n\u0131b. Beyl\u0259qan rayon sakini, 1981-ci il t\u0259v\u0259ll\u00fcdl\u00fc \u015e\u00fck\u00fcrov S\u0259buhi \u018fr\u015fad o\u011flu idar\u0259 etdiyi &#8220;Kamaz 511&#8221; markal\u0131 11 BE 127 d\u00f6vl\u0259t n\u00f6mr\u0259 ni\u015fanl\u0131 avtomobill\u0259 Ming\u0259\u00e7evir istiqam\u0259tind\u0259 h\u0259r\u0259k\u0259td\u0259 olark\u0259n yolu ke\u00e7\u0259n 1974-c\u00fc&hellip;","_links":{"self":[{"href":"https:\/\/arantv.az\/index.php?rest_route=\/wp\/v2\/posts\/83104"}],"collection":[{"href":"https:\/\/arantv.az\/index.php?rest_route=\/wp\/v2\/posts"}],"about":[{"href":"https:\/\/arantv.az\/index.php?rest_route=\/wp\/v2\/types\/post"}],"author":[{"embeddable":true,"href":"https:\/\/arantv.az\/index.php?rest_route=\/wp\/v2\/users\/2"}],"replies":[{"embeddable":true,"href":"https:\/\/arantv.az\/index.php?rest_route=%2Fwp%2Fv2%2Fcomments&post=83104"}],"version-history":[{"count":0,"href":"https:\/\/arantv.az\/index.php?rest_route=\/wp\/v2\/posts\/83104\/revisions"}],"wp:featuredmedia":[{"embeddable":true,"href":"https:\/\/arantv.az\/index.php?rest_route=\/wp\/v2\/media\/83105"}],"wp:attachment":[{"href":"https:\/\/arantv.az\/index.php?rest_route=%2Fwp%2Fv2%2Fmedia&parent=83104"}],"wp:term":[{"taxonomy":"category","embeddable":true,"href":"https:\/\/arantv.az\/index.php?rest_route=%2Fwp%2Fv2%2Fcategories&post=83104"},{"taxonomy":"post_tag","embeddable":true,"href":"https:\/\/arantv.az\/index.php?rest_route=%2Fwp%2Fv2%2Ftags&post=83104"}],"curies":[{"name":"wp","href":"https:\/\/api.w.org\/{rel}","templated":true}]}}