{"id":83116,"date":"2019-10-02T14:49:08","date_gmt":"2019-10-02T11:49:08","guid":{"rendered":"http:\/\/arantv.az\/?p=83116"},"modified":"2019-10-02T14:49:08","modified_gmt":"2019-10-02T11:49:08","slug":"bakida-sizofren-itkin-dusdu","status":"publish","type":"post","link":"https:\/\/arantv.az\/?p=83116","title":{"rendered":"Bak\u0131da \u201c\u015fizofren\u201d itkin d\u00fc\u015fd\u00fc"},"content":{"rendered":"<p>Bak\u0131da 37 ya\u015fl\u0131 ki\u015fi itkin d\u00fc\u015f\u00fcb.<\/p>\n<p><strong>ARANTV.AZ\u00a0<\/strong>\u00a0x\u0259b\u0259r verir ki, \u00f6t\u0259n g\u00fcn paytaxt\u0131n N\u0259simi rayonu, S.Salayev k\u00fc\u00e7\u0259si 34 \u00fcnvan\u0131nda ya\u015fayan Rzayev \u015eahin S\u0259rdar o\u011flu h\u00fcquq-m\u00fchafiz\u0259 orqanlar\u0131na \u0259riz\u0259 il\u0259 m\u00fcraci\u0259t ed\u0259r\u0259k onunla eyni \u00fcnvanda ya\u015fayan 1982-ci il t\u0259v\u0259ll\u00fcdl\u00fc \u201c\u015fizofren\u201d x\u0259st\u0259liyind\u0259n \u0259ziyy\u0259t \u00e7\u0259k\u0259n Rzayev R\u0259him S\u0259rdar o\u011flunun itkin d\u00fc\u015fd\u00fcy\u00fcn\u00fc bildirib.<\/p>\n<div id=\"AdviadNativeVideo0\" class=\"AdviadNativeVideo\"><\/div>\n<p>M\u0259lumatda R.Rzayevin iyul ay\u0131n\u0131n 8-i, saat 12:15 rad\u0259l\u0259rind\u0259 evd\u0259n \u00e7\u0131xd\u0131\u011f\u0131 v\u0259 bir daha geri qay\u0131tmad\u0131\u011f\u0131 qeyd olunub.<\/p>\n<p>Faktla ba\u011fl\u0131 ara\u015fd\u0131rma apar\u0131l\u0131r.oxu.az<\/p>\n","protected":false},"excerpt":{"rendered":"<p>Bak\u0131da 37 ya\u015fl\u0131 ki\u015fi itkin d\u00fc\u015f\u00fcb. ARANTV.AZ\u00a0\u00a0x\u0259b\u0259r verir ki, \u00f6t\u0259n g\u00fcn paytaxt\u0131n N\u0259simi rayonu, S.Salayev k\u00fc\u00e7\u0259si 34 \u00fcnvan\u0131nda ya\u015fayan Rzayev \u015eahin S\u0259rdar o\u011flu h\u00fcquq-m\u00fchafiz\u0259 orqanlar\u0131na \u0259riz\u0259 il\u0259 m\u00fcraci\u0259t ed\u0259r\u0259k onunla eyni \u00fcnvanda ya\u015fayan 1982-ci il t\u0259v\u0259ll\u00fcdl\u00fc \u201c\u015fizofren\u201d x\u0259st\u0259liyind\u0259n \u0259ziyy\u0259t \u00e7\u0259k\u0259n Rzayev R\u0259him S\u0259rdar o\u011flunun itkin d\u00fc\u015fd\u00fcy\u00fcn\u00fc bildirib. M\u0259lumatda R.Rzayevin iyul ay\u0131n\u0131n 8-i, saat 12:15 rad\u0259l\u0259rind\u0259 evd\u0259n \u00e7\u0131xd\u0131\u011f\u0131 v\u0259 bir daha geri qay\u0131tmad\u0131\u011f\u0131 qeyd olunub. Faktla ba\u011fl\u0131 ara\u015fd\u0131rma apar\u0131l\u0131r.oxu.az<\/p>\n","protected":false},"author":2,"featured_media":83117,"comment_status":"closed","ping_status":"closed","sticky":false,"template":"","format":"standard","meta":{"om_disable_all_campaigns":false,"_monsterinsights_skip_tracking":false,"_monsterinsights_sitenote_active":false,"_monsterinsights_sitenote_note":"","_monsterinsights_sitenote_category":0},"categories":[1],"tags":[],"aioseo_notices":[],"gutentor_comment":0,"rttpg_featured_image_url":{"full":["https:\/\/arantv.az\/wp-content\/uploads\/2019\/10\/5cde8126d3806c1658665bb1.jpg",620,402,false],"landscape":["https:\/\/arantv.az\/wp-content\/uploads\/2019\/10\/5cde8126d3806c1658665bb1.jpg",620,402,false],"portraits":["https:\/\/arantv.az\/wp-content\/uploads\/2019\/10\/5cde8126d3806c1658665bb1.jpg",620,402,false],"thumbnail":["https:\/\/arantv.az\/wp-content\/uploads\/2019\/10\/5cde8126d3806c1658665bb1-150x150.jpg",150,150,true],"medium":["https:\/\/arantv.az\/wp-content\/uploads\/2019\/10\/5cde8126d3806c1658665bb1-300x195.jpg",300,195,true],"large":["https:\/\/arantv.az\/wp-content\/uploads\/2019\/10\/5cde8126d3806c1658665bb1.jpg",620,402,false],"1536x1536":["https:\/\/arantv.az\/wp-content\/uploads\/2019\/10\/5cde8126d3806c1658665bb1.jpg",620,402,false],"2048x2048":["https:\/\/arantv.az\/wp-content\/uploads\/2019\/10\/5cde8126d3806c1658665bb1.jpg",620,402,false],"post-thumbnail":["https:\/\/arantv.az\/wp-content\/uploads\/2019\/10\/5cde8126d3806c1658665bb1-240x172.jpg",240,172,true],"advps-thumb-one":["https:\/\/arantv.az\/wp-content\/uploads\/2019\/10\/5cde8126d3806c1658665bb1.jpg",620,402,false]},"rttpg_author":{"display_name":"V\u00fcsal Rafiqo\u011flu","author_link":"https:\/\/arantv.az\/?author=2"},"rttpg_comment":0,"rttpg_category":"<a href=\"https:\/\/arantv.az\/?cat=1\" rel=\"category\">C\u0259miyy\u0259t<\/a>","rttpg_excerpt":"Bak\u0131da 37 ya\u015fl\u0131 ki\u015fi itkin d\u00fc\u015f\u00fcb. ARANTV.AZ\u00a0\u00a0x\u0259b\u0259r verir ki, \u00f6t\u0259n g\u00fcn paytaxt\u0131n N\u0259simi rayonu, S.Salayev k\u00fc\u00e7\u0259si 34 \u00fcnvan\u0131nda ya\u015fayan Rzayev \u015eahin S\u0259rdar o\u011flu h\u00fcquq-m\u00fchafiz\u0259 orqanlar\u0131na \u0259riz\u0259 il\u0259 m\u00fcraci\u0259t ed\u0259r\u0259k onunla eyni \u00fcnvanda ya\u015fayan 1982-ci il t\u0259v\u0259ll\u00fcdl\u00fc \u201c\u015fizofren\u201d x\u0259st\u0259liyind\u0259n \u0259ziyy\u0259t \u00e7\u0259k\u0259n Rzayev R\u0259him S\u0259rdar o\u011flunun itkin d\u00fc\u015fd\u00fcy\u00fcn\u00fc bildirib. M\u0259lumatda R.Rzayevin iyul ay\u0131n\u0131n 8-i, saat 12:15 rad\u0259l\u0259rind\u0259&hellip;","_links":{"self":[{"href":"https:\/\/arantv.az\/index.php?rest_route=\/wp\/v2\/posts\/83116"}],"collection":[{"href":"https:\/\/arantv.az\/index.php?rest_route=\/wp\/v2\/posts"}],"about":[{"href":"https:\/\/arantv.az\/index.php?rest_route=\/wp\/v2\/types\/post"}],"author":[{"embeddable":true,"href":"https:\/\/arantv.az\/index.php?rest_route=\/wp\/v2\/users\/2"}],"replies":[{"embeddable":true,"href":"https:\/\/arantv.az\/index.php?rest_route=%2Fwp%2Fv2%2Fcomments&post=83116"}],"version-history":[{"count":0,"href":"https:\/\/arantv.az\/index.php?rest_route=\/wp\/v2\/posts\/83116\/revisions"}],"wp:featuredmedia":[{"embeddable":true,"href":"https:\/\/arantv.az\/index.php?rest_route=\/wp\/v2\/media\/83117"}],"wp:attachment":[{"href":"https:\/\/arantv.az\/index.php?rest_route=%2Fwp%2Fv2%2Fmedia&parent=83116"}],"wp:term":[{"taxonomy":"category","embeddable":true,"href":"https:\/\/arantv.az\/index.php?rest_route=%2Fwp%2Fv2%2Fcategories&post=83116"},{"taxonomy":"post_tag","embeddable":true,"href":"https:\/\/arantv.az\/index.php?rest_route=%2Fwp%2Fv2%2Ftags&post=83116"}],"curies":[{"name":"wp","href":"https:\/\/api.w.org\/{rel}","templated":true}]}}