{"id":83120,"date":"2019-10-02T15:32:24","date_gmt":"2019-10-02T12:32:24","guid":{"rendered":"http:\/\/arantv.az\/?p=83120"},"modified":"2019-10-02T15:32:24","modified_gmt":"2019-10-02T12:32:24","slug":"%c9%99halinin-diqq%c9%99tin%c9%99-milli-m%c9%99clis%c9%99-qanun-layih%c9%99si-t%c9%99qdim-ed%c9%99c%c9%99kl%c9%99r","status":"publish","type":"post","link":"https:\/\/arantv.az\/?p=83120","title":{"rendered":"\u018fhalinin diqq\u0259tin\u0259 &#8211; Milli M\u0259clis\u0259 qanun layih\u0259si t\u0259qdim ed\u0259c\u0259kl\u0259r"},"content":{"rendered":"<p>Bu g\u00fcn Milli M\u0259clisin H\u00fcquq siyas\u0259ti v\u0259 d\u00f6vl\u0259t quruculu\u011fu komit\u0259sinin\u00a0iclas\u0131 ke\u00e7irilib.<\/p>\n<p><strong>ARANTV.AZ<\/strong>-\u0131n m\u0259lumat\u0131na g\u00f6r\u0259, iclas\u0131n g\u00fcnd\u0259liyin\u0259\u00a0doqquz\u00a0m\u0259s\u0259l\u0259 daxil edilib.<\/p>\n<p>Komit\u0259 s\u0259dri \u018fli H\u00fcseynli \u00f6nc\u0259 ikinci oxunu\u015fda m\u00fczakir\u0259y\u0259 t\u0259qdim olunmu\u015f\u00a0\u201cAz\u0259rbaycan Respublikas\u0131 v\u0259t\u0259nda\u015flar\u0131n\u0131n qanunvericilik t\u0259\u015f\u0259bb\u00fcs\u00fc h\u00fcququndan istifad\u0259 etm\u0259si qaydas\u0131 haqq\u0131nda\u201d qanun layih\u0259si bar\u0259d\u0259 dan\u0131\u015f\u0131b.<\/p>\n<div id=\"AdviadNativeVideo0\" class=\"AdviadNativeVideo\"><\/div>\n<p>O bildirib ki, Az\u0259rbaycanda bel\u0259 bir qanunun t\u0259tbiqi demokratiyan\u0131n t\u0259zah\u00fcrl\u0259rind\u0259n biridir.<\/p>\n<p>\u201cS\u0259n\u0259dd\u0259ki bir s\u0131ra m\u00fcdd\u0259alara dair beyn\u0259lxalq t\u0259cr\u00fcb\u0259, o c\u00fcml\u0259d\u0259n, Avropa \u00f6lk\u0259l\u0259rinin t\u0259cr\u00fcb\u0259si \u00f6yr\u0259nilib, Az\u0259rbaycan \u00fc\u00e7\u00fcn uy\u011fun olan model se\u00e7ilib\u201d, &#8211; dey\u0259 \u018f.H\u00fcseynli \u0259lav\u0259 edib.<\/p>\n<p>\u0130clasda Milli M\u0259clis Aparat\u0131n\u0131n D\u00f6vl\u0259t quruculu\u011fu \u00fczr\u0259 qanunvericilik \u015f\u00f6b\u0259sinin m\u00fcdiri Hac\u0131 Mirh\u0259\u015fim Seyid iyul ay\u0131nda bu s\u0259n\u0259din ictimai m\u00fczakir\u0259sinin t\u0259\u015fkil olundu\u011funu xat\u0131rlad\u0131b.<\/p>\n<p>O deyib ki, m\u00fczakir\u0259d\u0259 xeyli t\u0259klif s\u0259sl\u0259nib, birinci oxunu\u015fdan sonra qanun layih\u0259sind\u0259 30 d\u0259yi\u015fiklik edilib.<\/p>\n<p>Qanun layih\u0259si Milli M\u0259clisin plenar iclas\u0131na t\u00f6vsiy\u0259 olunub.oxu.az<\/p>\n","protected":false},"excerpt":{"rendered":"<p>Bu g\u00fcn Milli M\u0259clisin H\u00fcquq siyas\u0259ti v\u0259 d\u00f6vl\u0259t quruculu\u011fu komit\u0259sinin\u00a0iclas\u0131 ke\u00e7irilib. ARANTV.AZ-\u0131n m\u0259lumat\u0131na g\u00f6r\u0259, iclas\u0131n g\u00fcnd\u0259liyin\u0259\u00a0doqquz\u00a0m\u0259s\u0259l\u0259 daxil edilib. Komit\u0259 s\u0259dri \u018fli H\u00fcseynli \u00f6nc\u0259 ikinci oxunu\u015fda m\u00fczakir\u0259y\u0259 t\u0259qdim olunmu\u015f\u00a0\u201cAz\u0259rbaycan Respublikas\u0131 v\u0259t\u0259nda\u015flar\u0131n\u0131n qanunvericilik t\u0259\u015f\u0259bb\u00fcs\u00fc h\u00fcququndan istifad\u0259 etm\u0259si qaydas\u0131 haqq\u0131nda\u201d qanun layih\u0259si bar\u0259d\u0259 dan\u0131\u015f\u0131b. O bildirib ki, Az\u0259rbaycanda bel\u0259 bir qanunun t\u0259tbiqi demokratiyan\u0131n t\u0259zah\u00fcrl\u0259rind\u0259n biridir. \u201cS\u0259n\u0259dd\u0259ki bir s\u0131ra m\u00fcdd\u0259alara dair beyn\u0259lxalq t\u0259cr\u00fcb\u0259, o c\u00fcml\u0259d\u0259n, Avropa \u00f6lk\u0259l\u0259rinin t\u0259cr\u00fcb\u0259si \u00f6yr\u0259nilib, Az\u0259rbaycan \u00fc\u00e7\u00fcn uy\u011fun olan model se\u00e7ilib\u201d, &#8211; dey\u0259 \u018f.H\u00fcseynli \u0259lav\u0259 edib. \u0130clasda Milli M\u0259clis Aparat\u0131n\u0131n D\u00f6vl\u0259t quruculu\u011fu \u00fczr\u0259 qanunvericilik \u015f\u00f6b\u0259sinin m\u00fcdiri Hac\u0131 Mirh\u0259\u015fim Seyid iyul&hellip;<\/p>\n","protected":false},"author":2,"featured_media":83121,"comment_status":"closed","ping_status":"closed","sticky":false,"template":"","format":"standard","meta":{"om_disable_all_campaigns":false,"_monsterinsights_skip_tracking":false,"_monsterinsights_sitenote_active":false,"_monsterinsights_sitenote_note":"","_monsterinsights_sitenote_category":0},"categories":[4],"tags":[],"aioseo_notices":[],"gutentor_comment":0,"rttpg_featured_image_url":{"full":["https:\/\/arantv.az\/wp-content\/uploads\/2019\/10\/ali_Huseynli11553660878.jpg",620,395,false],"landscape":["https:\/\/arantv.az\/wp-content\/uploads\/2019\/10\/ali_Huseynli11553660878.jpg",620,395,false],"portraits":["https:\/\/arantv.az\/wp-content\/uploads\/2019\/10\/ali_Huseynli11553660878.jpg",620,395,false],"thumbnail":["https:\/\/arantv.az\/wp-content\/uploads\/2019\/10\/ali_Huseynli11553660878-150x150.jpg",150,150,true],"medium":["https:\/\/arantv.az\/wp-content\/uploads\/2019\/10\/ali_Huseynli11553660878-300x191.jpg",300,191,true],"large":["https:\/\/arantv.az\/wp-content\/uploads\/2019\/10\/ali_Huseynli11553660878.jpg",620,395,false],"1536x1536":["https:\/\/arantv.az\/wp-content\/uploads\/2019\/10\/ali_Huseynli11553660878.jpg",620,395,false],"2048x2048":["https:\/\/arantv.az\/wp-content\/uploads\/2019\/10\/ali_Huseynli11553660878.jpg",620,395,false],"post-thumbnail":["https:\/\/arantv.az\/wp-content\/uploads\/2019\/10\/ali_Huseynli11553660878-240x172.jpg",240,172,true],"advps-thumb-one":["https:\/\/arantv.az\/wp-content\/uploads\/2019\/10\/ali_Huseynli11553660878.jpg",620,395,false]},"rttpg_author":{"display_name":"V\u00fcsal Rafiqo\u011flu","author_link":"https:\/\/arantv.az\/?author=2"},"rttpg_comment":0,"rttpg_category":"<a href=\"https:\/\/arantv.az\/?cat=4\" rel=\"category\">Siyas\u0259t<\/a>","rttpg_excerpt":"Bu g\u00fcn Milli M\u0259clisin H\u00fcquq siyas\u0259ti v\u0259 d\u00f6vl\u0259t quruculu\u011fu komit\u0259sinin\u00a0iclas\u0131 ke\u00e7irilib. ARANTV.AZ-\u0131n m\u0259lumat\u0131na g\u00f6r\u0259, iclas\u0131n g\u00fcnd\u0259liyin\u0259\u00a0doqquz\u00a0m\u0259s\u0259l\u0259 daxil edilib. Komit\u0259 s\u0259dri \u018fli H\u00fcseynli \u00f6nc\u0259 ikinci oxunu\u015fda m\u00fczakir\u0259y\u0259 t\u0259qdim olunmu\u015f\u00a0\u201cAz\u0259rbaycan Respublikas\u0131 v\u0259t\u0259nda\u015flar\u0131n\u0131n qanunvericilik t\u0259\u015f\u0259bb\u00fcs\u00fc h\u00fcququndan istifad\u0259 etm\u0259si qaydas\u0131 haqq\u0131nda\u201d qanun layih\u0259si bar\u0259d\u0259 dan\u0131\u015f\u0131b. O bildirib ki, Az\u0259rbaycanda bel\u0259 bir qanunun t\u0259tbiqi demokratiyan\u0131n t\u0259zah\u00fcrl\u0259rind\u0259n biridir. \u201cS\u0259n\u0259dd\u0259ki bir s\u0131ra&hellip;","_links":{"self":[{"href":"https:\/\/arantv.az\/index.php?rest_route=\/wp\/v2\/posts\/83120"}],"collection":[{"href":"https:\/\/arantv.az\/index.php?rest_route=\/wp\/v2\/posts"}],"about":[{"href":"https:\/\/arantv.az\/index.php?rest_route=\/wp\/v2\/types\/post"}],"author":[{"embeddable":true,"href":"https:\/\/arantv.az\/index.php?rest_route=\/wp\/v2\/users\/2"}],"replies":[{"embeddable":true,"href":"https:\/\/arantv.az\/index.php?rest_route=%2Fwp%2Fv2%2Fcomments&post=83120"}],"version-history":[{"count":0,"href":"https:\/\/arantv.az\/index.php?rest_route=\/wp\/v2\/posts\/83120\/revisions"}],"wp:featuredmedia":[{"embeddable":true,"href":"https:\/\/arantv.az\/index.php?rest_route=\/wp\/v2\/media\/83121"}],"wp:attachment":[{"href":"https:\/\/arantv.az\/index.php?rest_route=%2Fwp%2Fv2%2Fmedia&parent=83120"}],"wp:term":[{"taxonomy":"category","embeddable":true,"href":"https:\/\/arantv.az\/index.php?rest_route=%2Fwp%2Fv2%2Fcategories&post=83120"},{"taxonomy":"post_tag","embeddable":true,"href":"https:\/\/arantv.az\/index.php?rest_route=%2Fwp%2Fv2%2Ftags&post=83120"}],"curies":[{"name":"wp","href":"https:\/\/api.w.org\/{rel}","templated":true}]}}