{"id":83124,"date":"2019-10-02T16:08:39","date_gmt":"2019-10-02T13:08:39","guid":{"rendered":"http:\/\/arantv.az\/?p=83124"},"modified":"2019-10-02T16:08:39","modified_gmt":"2019-10-02T13:08:39","slug":"inam-k%c9%99rimov-fransada-az%c9%99rbaycanli-fermerl%c9%99r%c9%99-t%c9%99rcum%c9%99cilik-etdi-video","status":"publish","type":"post","link":"https:\/\/arantv.az\/?p=83124","title":{"rendered":"\u0130nam K\u0259rimov Fransada az\u0259rbaycanl\u0131 fermerl\u0259r\u0259 t\u0259rc\u00fcm\u0259\u00e7ilik etdi &#8211; V\u0130DEO"},"content":{"rendered":"<p>Fransan\u0131n Cournon-d\u2019Auvergne \u015f\u0259h\u0259rind\u0259 Sommet d\u2019Elevage Beyn\u0259lxalq Heyvandarl\u0131q S\u0259rgisinin a\u00e7\u0131l\u0131\u015f\u0131 olub.<\/p>\n<p><strong>ARANTV.AZ\u00a0\u00a0<\/strong>x\u0259b\u0259r verir ki,\u00a0Clermont-Ferrand \u015f\u0259h\u0259rinin meriyas\u0131n\u0131n t\u0259\u015fkilat\u00e7\u0131l\u0131\u011f\u0131 il\u0259 ke\u00e7iril\u0259n t\u0259dbird\u0259 Az\u0259rbaycan\u0131 K\u0259nd T\u0259s\u0259rr\u00fcfat\u0131 naziri \u0130nam K\u0259rimovun r\u0259hb\u0259rlik etdiyi n\u00fcmay\u0259nd\u0259 hey\u0259ti t\u0259msil edib.<\/p>\n<p>Nazir \u0130nam K\u0259rimovun t\u0259\u015f\u0259bb\u00fcs\u00fc il\u0259 az\u0259rbaycanl\u0131 fermerl\u0259r d\u0259 s\u0259rgini ziyar\u0259t edib. \u0130nam K\u0259rimov fermerl\u0259rimiz\u0259 t\u0259rc\u00fcm\u0259\u00e7ilik edib, onlara s\u0259rgid\u0259 n\u00fcmayi\u015f olunan mal-qara il\u0259 ba\u011fl\u0131 m\u0259lumat verib.<\/p>\n<p>\u00dcmumilikd\u0259, bud\u0259f\u0259ki s\u0259rgiy\u0259 38 \u00f6lk\u0259d\u0259n 35 qonaq v\u0259 95 min i\u015ftirak\u00e7\u0131 qat\u0131l\u0131b. T\u0259dbird\u0259 70 n\u00f6v olmaqla 2000 mal-qara n\u00fcmayi\u015f olunur.<\/p>\n<p>H\u0259r il ke\u00e7iril\u0259n s\u0259rgi oktyabr\u0131n 4-d\u0259 ba\u015fa \u00e7atacaq.<\/p>\n<div><iframe loading=\"lazy\" src=\"https:\/\/player.baku.tv\/embed\/10392\" width=\"560\" height=\"315\" frameborder=\"0\" allowfullscreen=\"allowfullscreen\" data-mce-fragment=\"1\"><\/iframe><\/div>\n<p>oxu.az<\/p>\n","protected":false},"excerpt":{"rendered":"<p>Fransan\u0131n Cournon-d\u2019Auvergne \u015f\u0259h\u0259rind\u0259 Sommet d\u2019Elevage Beyn\u0259lxalq Heyvandarl\u0131q S\u0259rgisinin a\u00e7\u0131l\u0131\u015f\u0131 olub. ARANTV.AZ\u00a0\u00a0x\u0259b\u0259r verir ki,\u00a0Clermont-Ferrand \u015f\u0259h\u0259rinin meriyas\u0131n\u0131n t\u0259\u015fkilat\u00e7\u0131l\u0131\u011f\u0131 il\u0259 ke\u00e7iril\u0259n t\u0259dbird\u0259 Az\u0259rbaycan\u0131 K\u0259nd T\u0259s\u0259rr\u00fcfat\u0131 naziri \u0130nam K\u0259rimovun r\u0259hb\u0259rlik etdiyi n\u00fcmay\u0259nd\u0259 hey\u0259ti t\u0259msil edib. Nazir \u0130nam K\u0259rimovun t\u0259\u015f\u0259bb\u00fcs\u00fc il\u0259 az\u0259rbaycanl\u0131 fermerl\u0259r d\u0259 s\u0259rgini ziyar\u0259t edib. \u0130nam K\u0259rimov fermerl\u0259rimiz\u0259 t\u0259rc\u00fcm\u0259\u00e7ilik edib, onlara s\u0259rgid\u0259 n\u00fcmayi\u015f olunan mal-qara il\u0259 ba\u011fl\u0131 m\u0259lumat verib. \u00dcmumilikd\u0259, bud\u0259f\u0259ki s\u0259rgiy\u0259 38 \u00f6lk\u0259d\u0259n 35 qonaq v\u0259 95 min i\u015ftirak\u00e7\u0131 qat\u0131l\u0131b. T\u0259dbird\u0259 70 n\u00f6v olmaqla 2000 mal-qara n\u00fcmayi\u015f olunur. H\u0259r il ke\u00e7iril\u0259n s\u0259rgi oktyabr\u0131n 4-d\u0259 ba\u015fa \u00e7atacaq. oxu.az<\/p>\n","protected":false},"author":2,"featured_media":83125,"comment_status":"closed","ping_status":"closed","sticky":false,"template":"","format":"standard","meta":{"om_disable_all_campaigns":false,"_monsterinsights_skip_tracking":false,"_monsterinsights_sitenote_active":false,"_monsterinsights_sitenote_note":"","_monsterinsights_sitenote_category":0},"categories":[1],"tags":[],"aioseo_notices":[],"gutentor_comment":0,"rttpg_featured_image_url":{"full":["https:\/\/arantv.az\/wp-content\/uploads\/2019\/10\/71070500_666066550553615_6198766851950903296_n.jpg",549,421,false],"landscape":["https:\/\/arantv.az\/wp-content\/uploads\/2019\/10\/71070500_666066550553615_6198766851950903296_n.jpg",549,421,false],"portraits":["https:\/\/arantv.az\/wp-content\/uploads\/2019\/10\/71070500_666066550553615_6198766851950903296_n.jpg",549,421,false],"thumbnail":["https:\/\/arantv.az\/wp-content\/uploads\/2019\/10\/71070500_666066550553615_6198766851950903296_n-150x150.jpg",150,150,true],"medium":["https:\/\/arantv.az\/wp-content\/uploads\/2019\/10\/71070500_666066550553615_6198766851950903296_n-300x230.jpg",300,230,true],"large":["https:\/\/arantv.az\/wp-content\/uploads\/2019\/10\/71070500_666066550553615_6198766851950903296_n.jpg",549,421,false],"1536x1536":["https:\/\/arantv.az\/wp-content\/uploads\/2019\/10\/71070500_666066550553615_6198766851950903296_n.jpg",549,421,false],"2048x2048":["https:\/\/arantv.az\/wp-content\/uploads\/2019\/10\/71070500_666066550553615_6198766851950903296_n.jpg",549,421,false],"post-thumbnail":["https:\/\/arantv.az\/wp-content\/uploads\/2019\/10\/71070500_666066550553615_6198766851950903296_n-240x172.jpg",240,172,true],"advps-thumb-one":["https:\/\/arantv.az\/wp-content\/uploads\/2019\/10\/71070500_666066550553615_6198766851950903296_n.jpg",549,421,false]},"rttpg_author":{"display_name":"V\u00fcsal Rafiqo\u011flu","author_link":"https:\/\/arantv.az\/?author=2"},"rttpg_comment":0,"rttpg_category":"<a href=\"https:\/\/arantv.az\/?cat=1\" rel=\"category\">C\u0259miyy\u0259t<\/a>","rttpg_excerpt":"Fransan\u0131n Cournon-d\u2019Auvergne \u015f\u0259h\u0259rind\u0259 Sommet d\u2019Elevage Beyn\u0259lxalq Heyvandarl\u0131q S\u0259rgisinin a\u00e7\u0131l\u0131\u015f\u0131 olub. ARANTV.AZ\u00a0\u00a0x\u0259b\u0259r verir ki,\u00a0Clermont-Ferrand \u015f\u0259h\u0259rinin meriyas\u0131n\u0131n t\u0259\u015fkilat\u00e7\u0131l\u0131\u011f\u0131 il\u0259 ke\u00e7iril\u0259n t\u0259dbird\u0259 Az\u0259rbaycan\u0131 K\u0259nd T\u0259s\u0259rr\u00fcfat\u0131 naziri \u0130nam K\u0259rimovun r\u0259hb\u0259rlik etdiyi n\u00fcmay\u0259nd\u0259 hey\u0259ti t\u0259msil edib. Nazir \u0130nam K\u0259rimovun t\u0259\u015f\u0259bb\u00fcs\u00fc il\u0259 az\u0259rbaycanl\u0131 fermerl\u0259r d\u0259 s\u0259rgini ziyar\u0259t edib. \u0130nam K\u0259rimov fermerl\u0259rimiz\u0259 t\u0259rc\u00fcm\u0259\u00e7ilik edib, onlara s\u0259rgid\u0259 n\u00fcmayi\u015f olunan mal-qara il\u0259 ba\u011fl\u0131 m\u0259lumat&hellip;","_links":{"self":[{"href":"https:\/\/arantv.az\/index.php?rest_route=\/wp\/v2\/posts\/83124"}],"collection":[{"href":"https:\/\/arantv.az\/index.php?rest_route=\/wp\/v2\/posts"}],"about":[{"href":"https:\/\/arantv.az\/index.php?rest_route=\/wp\/v2\/types\/post"}],"author":[{"embeddable":true,"href":"https:\/\/arantv.az\/index.php?rest_route=\/wp\/v2\/users\/2"}],"replies":[{"embeddable":true,"href":"https:\/\/arantv.az\/index.php?rest_route=%2Fwp%2Fv2%2Fcomments&post=83124"}],"version-history":[{"count":0,"href":"https:\/\/arantv.az\/index.php?rest_route=\/wp\/v2\/posts\/83124\/revisions"}],"wp:featuredmedia":[{"embeddable":true,"href":"https:\/\/arantv.az\/index.php?rest_route=\/wp\/v2\/media\/83125"}],"wp:attachment":[{"href":"https:\/\/arantv.az\/index.php?rest_route=%2Fwp%2Fv2%2Fmedia&parent=83124"}],"wp:term":[{"taxonomy":"category","embeddable":true,"href":"https:\/\/arantv.az\/index.php?rest_route=%2Fwp%2Fv2%2Fcategories&post=83124"},{"taxonomy":"post_tag","embeddable":true,"href":"https:\/\/arantv.az\/index.php?rest_route=%2Fwp%2Fv2%2Ftags&post=83124"}],"curies":[{"name":"wp","href":"https:\/\/api.w.org\/{rel}","templated":true}]}}