{"id":831259,"date":"2025-10-21T09:51:23","date_gmt":"2025-10-21T05:51:23","guid":{"rendered":"https:\/\/arantv.az\/?p=831259"},"modified":"2025-10-21T09:51:23","modified_gmt":"2025-10-21T05:51:23","slug":"z%c9%99f%c9%99r-v%c9%99-qayidis","status":"publish","type":"post","link":"https:\/\/arantv.az\/?p=831259","title":{"rendered":"Z\u0259f\u0259r v\u0259 Qay\u0131d\u0131\u015f"},"content":{"rendered":"<p><em><strong>Xank\u0259ndi, A\u011fd\u0259r\u0259 v\u0259 Xocal\u0131da 1040 ke\u00e7mi\u015f m\u0259cburi k\u00f6\u00e7k\u00fcn ail\u0259si m\u0259skunla\u015f\u0131b, plana \u0259sas\u0259n daha 19 ya\u015fay\u0131\u015f m\u0259nt\u0259q\u0259sind\u0259 \u0259halinin m\u0259skunla\u015fd\u0131r\u0131lmas\u0131 istiqam\u0259tind\u0259 i\u015fl\u0259r davam edir<\/strong><\/em><\/p>\n<p>Az\u0259rbaycan Respublikas\u0131n\u0131n d\u00f6vl\u0259t\u00e7ilik tarixi z\u0259ngin v\u0259 \u015f\u0259r\u0259fli s\u0259hif\u0259l\u0259rl\u0259 doludur. XX \u0259srin sonlar\u0131nda Erm\u0259nistan\u0131n Az\u0259rbaycana qar\u015f\u0131 ba\u015flad\u0131\u011f\u0131 h\u0259rbi t\u0259cav\u00fcz n\u0259tic\u0259sind\u0259 \u00f6lk\u0259mizin \u0259razil\u0259rinin bir hiss\u0259si &#8211; Qaraba\u011f\u0131n q\u0259dim \u015f\u0259h\u0259rl\u0259ri, k\u0259ndl\u0259ri, rayonlar\u0131 i\u015f\u011fal edilmi\u015f, xalq\u0131m\u0131z a\u011f\u0131r s\u0131naqlarla \u00fcz-\u00fcz\u0259 qalm\u0131\u015fd\u0131r. Lakin Az\u0259rbaycan xalq\u0131 bu haqs\u0131zl\u0131qla he\u00e7 vaxt bar\u0131\u015fmam\u0131\u015f, \u00f6z torpaqlar\u0131na qay\u0131daca\u011f\u0131 g\u00fcn\u0259 h\u0259r zaman inanm\u0131\u015fd\u0131r. Bel\u0259 ki, 2020-ci ilin 44 g\u00fcnl\u00fck V\u0259t\u0259n m\u00fcharib\u0259sind\u0259 \u0259ld\u0259 edil\u0259n \u015fanl\u0131 Z\u0259f\u0259r v\u0259 2023-c\u00fc ilin sentyabr\u0131nda h\u0259yata ke\u00e7iril\u0259n antiterror t\u0259dbirl\u0259ri n\u0259tic\u0259sind\u0259 Az\u0259rbaycan\u0131n \u0259razi b\u00fct\u00f6vl\u00fcy\u00fcn\u00fcn v\u0259 d\u00f6vl\u0259t suverenliyinin tam b\u0259rpa olunmas\u0131 bunun bariz n\u00fcmun\u0259sidir. Bu tarixi q\u0259l\u0259b\u0259l\u0259r xalq\u0131m\u0131z\u0131n m\u00fcasir tarixind\u0259 yeni m\u0259rh\u0259l\u0259 a\u00e7d\u0131. M\u00fcz\u0259ff\u0259r Ali Ba\u015f Komandan \u0130lham \u018fliyevin r\u0259hb\u0259rliyi il\u0259 \u0259ld\u0259 olunan bu Z\u0259f\u0259r Az\u0259rbaycan d\u00f6vl\u0259tinin g\u00fcc\u00fcn\u00fc, xalq\u0131m\u0131z\u0131n sars\u0131lmaz birliyini, ordumuzun q\u0259hr\u0259manl\u0131\u011f\u0131n\u0131 v\u0259 milli irad\u0259mizin m\u00f6hk\u0259mliyini b\u00fct\u00fcn d\u00fcnyaya n\u00fcmayi\u015f etdirdi. 2023-c\u00fc il oktyabr\u0131n 15-i Az\u0259rbaycan tarixind\u0259 \u0259lam\u0259tdar g\u00fcnl\u0259rd\u0259n birin\u0259 \u00e7evrildi. H\u0259min g\u00fcn Prezident, Silahl\u0131 Q\u00fcvv\u0259l\u0259rin Ali Ba\u015f Komandan\u0131 \u0130lham \u018fliyev Xank\u0259ndi, Xocal\u0131, Xocav\u0259nd v\u0259 A\u011fd\u0259r\u0259 \u015f\u0259h\u0259rl\u0259rind\u0259 Az\u0259rbaycan Respublikas\u0131n\u0131n D\u00f6vl\u0259t Bayra\u011f\u0131n\u0131 ucaltd\u0131. Bu m\u00f6ht\u0259\u015f\u0259m hadis\u0259 Az\u0259rbaycan xalq\u0131n\u0131n milli q\u00fcrurunun v\u0259 q\u0259l\u0259b\u0259 \u0259zminin \u0259n y\u00fcks\u0259k t\u0259c\u0259ss\u00fcm\u00fc idi. Otuz il h\u0259sr\u0259tl\u0259 g\u00f6zl\u0259diyimiz bayraq qald\u0131rma m\u0259rasiml\u0259ri bir daha s\u00fcbut etdi ki, haqq\u0131n, \u0259dal\u0259tin v\u0259 tarixin s\u0259si h\u0259mi\u015f\u0259 qalib g\u0259lir. H\u0259m\u00e7inin 2023-c\u00fc il noyabr\u0131n 8-d\u0259 &#8211; V\u0259t\u0259n m\u00fcharib\u0259sind\u0259 Q\u0259l\u0259b\u0259nin \u00fc\u00e7\u00fcnc\u00fc ild\u00f6n\u00fcm\u00fcnd\u0259 d\u00f6vl\u0259timizin ba\u015f\u00e7\u0131s\u0131, M\u00fcz\u0259ff\u0259r Ali Ba\u015f Komandan \u0130lham \u018fliyevin r\u0259hb\u0259rliyi il\u0259 Xank\u0259ndi \u015f\u0259h\u0259rind\u0259 ke\u00e7iril\u0259n h\u0259rbi parad m\u00fcst\u0259qil Az\u0259rbaycan\u0131n g\u00fcc\u00fcn\u00fcn, ordumuzun q\u00fcdr\u0259tinin v\u0259 xalq\u0131m\u0131z\u0131n birliyinin n\u00fcmayi\u015fi idi. Bu parad h\u0259m d\u0259 b\u00fct\u00fcn d\u00fcnyaya ayd\u0131n mesaj verdi: Qaraba\u011f \u0259z\u0259li Az\u0259rbaycan torpa\u011f\u0131d\u0131r v\u0259 burada he\u00e7 vaxt ba\u015fqa bir g\u00fcc\u00fcn h\u00f6kmranl\u0131\u011f\u0131na yol verilm\u0259y\u0259c\u0259k.<\/p>\n<p>Qeyd ed\u0259k ki, Prezident \u0130lham \u018fliyevin S\u0259r\u0259ncam\u0131 il\u0259 Qaraba\u011f Universitetinin yarad\u0131lmas\u0131 azad edilmi\u015f \u0259razil\u0259rin sosial-iqtisadi, elmi-m\u0259d\u0259ni inki\u015faf\u0131nda m\u00fch\u00fcm m\u0259rh\u0259l\u0259dir. Qaraba\u011f Universiteti yaln\u0131z bir t\u0259hsil m\u00fc\u0259ssis\u0259si deyil, h\u0259m d\u0259 b\u00f6lg\u0259nin intellektual inki\u015faf\u0131n\u0131n, elmin v\u0259 bilikl\u0259rin dir\u00e7\u0259li\u015finin r\u0259mzidir. Eyni zamanda, Az\u0259rbaycan Respublikas\u0131nda A\u011fd\u0259r\u0259 rayonunun yarad\u0131lmas\u0131 d\u00f6vl\u0259t idar\u0259\u00e7iliyinin s\u0259m\u0259r\u0259liliyini art\u0131rmaq, \u0259halinin rahatl\u0131\u011f\u0131n\u0131 t\u0259min etm\u0259k v\u0259 Qaraba\u011f b\u00f6lg\u0259sinin tarixi simas\u0131n\u0131 b\u0259rpa etm\u0259k bax\u0131m\u0131ndan \u0259h\u0259miyy\u0259tli q\u0259rard\u0131r. Bu add\u0131mlar Qaraba\u011fa B\u00f6y\u00fck Qay\u0131d\u0131\u015f Proqram\u0131n\u0131n daha planl\u0131, sistemli v\u0259 \u00e7evik h\u0259yata ke\u00e7irilm\u0259sin\u0259 geni\u015f imkanlar a\u00e7\u0131r, el\u0259c\u0259 d\u0259 strateji h\u0259d\u0259fl\u0259rin\u0259 xidm\u0259t edir, g\u0259ncl\u0259rin do\u011fma yurdlar\u0131nda t\u0259hsil alaraq regionun inki\u015faf\u0131na t\u00f6hf\u0259 verm\u0259sin\u0259 \u015f\u0259rait yarad\u0131r.<\/p>\n<p>\u00dcmumiyy\u0259tl\u0259, Prezident \u0130lham \u018fliyevin Qaraba\u011fa v\u0259 \u015e\u0259rqi Z\u0259ng\u0259zura m\u00fct\u0259madi s\u0259f\u0259rl\u0259ri b\u0259rpa-quruculuq i\u015fl\u0259ri il\u0259 tan\u0131\u015fl\u0131qla b\u0259rab\u0259r, yeni sosial obyektl\u0259rin a\u00e7\u0131l\u0131\u015f\u0131 v\u0259 t\u0259ml\u0259qoyma m\u0259rasiml\u0259rinin ke\u00e7irilm\u0259si, do\u011fma torpaqlar\u0131m\u0131za qay\u0131tm\u0131\u015f sakinl\u0259rl\u0259 g\u00f6r\u00fc\u015fl\u0259ri il\u0259 yadda qal\u0131r. D\u00f6vl\u0259timizin ba\u015f\u00e7\u0131s\u0131 daim \u00e7\u0131x\u0131\u015flar\u0131nda bildirir ki, Qaraba\u011f v\u0259 \u015e\u0259rqi Z\u0259ng\u0259zur b\u00f6lg\u0259l\u0259ri n\u0259inki Az\u0259rbaycan\u0131n, Qafqaz\u0131n, d\u00fcnyan\u0131n \u0259n g\u00f6z\u0259l yerl\u0259rind\u0259n biri olacaq. B\u00fct\u00f6vl\u00fckd\u0259, ilin el\u0259 bir ay\u0131 yoxdur ki, \u00f6lk\u0259 ba\u015f\u00e7\u0131s\u0131 \u0130lham \u018fliyevin i\u015f\u011faldan azad edilmi\u015f \u0259razil\u0259r\u0259 s\u0259f\u0259ri olmas\u0131n. M\u00fcz\u0259ff\u0259r Ali Ba\u015f Komandan\u0131n Xank\u0259ndi, Xocal\u0131, Xocav\u0259nd v\u0259 A\u011fd\u0259r\u0259y\u0259 s\u0259f\u0259rl\u0259ri d\u0259 Qaraba\u011f\u0131n b\u0259rpa v\u0259 inki\u015faf yolunun \u0259yani g\u00f6st\u0259ricisidir. D\u00f6vl\u0259t ba\u015f\u00e7\u0131s\u0131n\u0131n bu \u015f\u0259h\u0259rl\u0259rd\u0259 D\u00f6vl\u0259t Bayra\u011f\u0131n\u0131 ucaltmas\u0131, h\u0259rbi parad\u0131 q\u0259bul etm\u0259si, yeni layih\u0259l\u0259rin t\u0259m\u0259lini qoymas\u0131 h\u0259m tarixi \u0259dal\u0259tin b\u0259rpas\u0131, h\u0259m d\u0259 B\u00f6y\u00fck Qay\u0131d\u0131\u015f prosesinin d\u00f6vl\u0259t s\u0259viyy\u0259sind\u0259 nec\u0259 strateji yana\u015fma il\u0259 h\u0259yata ke\u00e7irildiyini n\u00fcmayi\u015f etdirir. Bunun n\u0259tic\u0259sidir ki, bu g\u00fcn Xank\u0259ndi, A\u011fd\u0259r\u0259 v\u0259 Xocal\u0131da 1 040 ke\u00e7mi\u015f m\u0259cburi k\u00f6\u00e7k\u00fcn ail\u0259si m\u0259skunla\u015f\u0131b.<\/p>\n<p>Bu bar\u0259d\u0259 Xank\u0259ndi \u015f\u0259h\u0259rind\u0259, A\u011fd\u0259r\u0259 v\u0259 Xocal\u0131 rayonlar\u0131nda Prezidentin x\u00fcsusi n\u00fcmay\u0259nd\u0259si El\u00e7in Yusubov \u015f\u0259h\u0259rd\u0259 ke\u00e7iril\u0259n Qeyri-H\u00f6kum\u0259t T\u0259\u015fkilatlar\u0131n\u0131n \u018fm\u0259kda\u015fl\u0131q Forumunda \u00e7\u0131x\u0131\u015f\u0131 zaman\u0131 m\u0259lumat verib. Onun s\u00f6zl\u0259rin\u0259 g\u00f6r\u0259, Xank\u0259ndi \u015f\u0259h\u0259ri, A\u011fd\u0259r\u0259 v\u0259 Xocal\u0131 rayonlar\u0131 \u00fczr\u0259 k\u00f6\u00e7 plan\u0131na \u0259sas\u0259n 19 ya\u015fay\u0131\u015f m\u0259nt\u0259q\u0259sind\u0259 \u0259halinin m\u0259skunla\u015fd\u0131r\u0131lmas\u0131 istiqam\u0259tind\u0259 i\u015fl\u0259r davam edir: \u201cArt\u0131q 1 040 ail\u0259 \u2013 4064 n\u0259f\u0259r ke\u00e7mi\u015f m\u0259cburi k\u00f6\u00e7k\u00fcn do\u011fma yurduna qay\u0131d\u0131b. \u00dcmumilikd\u0259 bu \u0259razil\u0259rd\u0259 22 mind\u0259n \u00e7ox \u015f\u0259xs m\u0259skunla\u015f\u0131b v\u0259 b\u00fct\u00fcn sosial xidm\u0259tl\u0259rl\u0259 t\u0259min olunub\u201d. Qeyd olunub ki, haz\u0131rda \u0259razid\u0259 546 sahibkarl\u0131q obyektinin f\u0259aliyy\u0259t g\u00f6st\u0259rdiyi yerl\u0259rd\u0259 3 mind\u0259n art\u0131q \u015f\u0259xsin i\u015fl\u0259 t\u0259min olundu\u011fu, \u00fcmumilikd\u0259 65 milyon manatdan \u00e7ox investisiyan\u0131n h\u0259yata ke\u00e7irildiyi vur\u011fulan\u0131b.<\/p>\n<p>Xat\u0131rladaq ki, cari ilin sentyabr ay\u0131nda Prezident \u0130lham \u018fliyevin b\u00f6lg\u0259y\u0259 son s\u0259f\u0259rl\u0259ri d\u0259 Qaraba\u011f\u0131n yenid\u0259n qurulmas\u0131nda yeni m\u0259rh\u0259l\u0259 a\u00e7m\u0131\u015fd\u0131r. Xank\u0259ndi, Xocal\u0131, Xocav\u0259nd v\u0259 A\u011fd\u0259r\u0259 \u015f\u0259h\u0259rl\u0259rinin azad olunmas\u0131 v\u0259 bu b\u00f6lg\u0259l\u0259rd\u0259 apar\u0131lan b\u0259rpa-quruculuq i\u015fl\u0259ri, m\u0259cburi k\u00f6\u00e7k\u00fcnl\u0259rin \u00f6z do\u011fma torpaqlar\u0131na d\u00f6nm\u0259si, m\u00fcasir \u015f\u0259h\u0259rl\u0259rin v\u0259 k\u0259ndl\u0259rin sal\u0131nmas\u0131, sosial infrastrukturun yarad\u0131lmas\u0131, elm v\u0259 m\u0259d\u0259niyy\u0259t ocaqlar\u0131n\u0131n a\u00e7\u0131lmas\u0131 Az\u0259rbaycan\u0131n g\u00fccl\u00fc d\u00f6vl\u0259t\u00e7ilik irad\u0259sinin t\u0259zah\u00fcr\u00fcd\u00fcr.<\/p>\n<p>Bir s\u00f6zl\u0259, Xank\u0259ndi, Xocal\u0131, Xocav\u0259nd v\u0259 A\u011fd\u0259r\u0259 bu g\u00fcn Az\u0259rbaycan\u0131n d\u00f6vl\u0259t suverenliyinin, tarixi \u0259dal\u0259tin v\u0259 milli birliyin t\u0259nt\u0259n\u0259sin\u0259 \u00e7evrilmi\u015fdir. D\u00f6vl\u0259t Bayra\u011f\u0131m\u0131z\u0131n bu \u015f\u0259h\u0259rl\u0259rd\u0259 dal\u011falanmas\u0131, h\u0259rbi parad, Qaraba\u011f Universitetinin t\u0259sisi, A\u011fd\u0259r\u0259 rayonunun yarad\u0131lmas\u0131 v\u0259 B\u00f6y\u00fck Qay\u0131d\u0131\u015f Proqram\u0131n\u0131n u\u011furla h\u0259yata ke\u00e7irilm\u0259si m\u00fcst\u0259qil Az\u0259rbaycan\u0131n \u0259n b\u00f6y\u00fck q\u0259l\u0259b\u0259l\u0259rinin t\u0259c\u0259ss\u00fcm\u00fcd\u00fcr. Prezident \u0130lham \u018fliyevin r\u0259hb\u0259rliyi il\u0259 Qaraba\u011f bu g\u00fcn dir\u00e7\u0259li\u015fin, inki\u015faf\u0131n v\u0259 g\u0259l\u0259c\u0259y\u0259 inam\u0131n r\u0259mzidir.<\/p>\n<p><strong>Sevinc Azadi, \u201c\u0130ki sahil\u201d<\/strong><\/p>\n","protected":false},"excerpt":{"rendered":"<p>Xank\u0259ndi, A\u011fd\u0259r\u0259 v\u0259 Xocal\u0131da 1040 ke\u00e7mi\u015f m\u0259cburi k\u00f6\u00e7k\u00fcn ail\u0259si m\u0259skunla\u015f\u0131b, plana \u0259sas\u0259n daha 19 ya\u015fay\u0131\u015f m\u0259nt\u0259q\u0259sind\u0259 \u0259halinin m\u0259skunla\u015fd\u0131r\u0131lmas\u0131 istiqam\u0259tind\u0259 i\u015fl\u0259r davam edir Az\u0259rbaycan Respublikas\u0131n\u0131n d\u00f6vl\u0259t\u00e7ilik tarixi z\u0259ngin v\u0259 \u015f\u0259r\u0259fli s\u0259hif\u0259l\u0259rl\u0259 doludur. XX \u0259srin sonlar\u0131nda Erm\u0259nistan\u0131n Az\u0259rbaycana qar\u015f\u0131 ba\u015flad\u0131\u011f\u0131 h\u0259rbi t\u0259cav\u00fcz n\u0259tic\u0259sind\u0259 \u00f6lk\u0259mizin \u0259razil\u0259rinin bir hiss\u0259si &#8211; Qaraba\u011f\u0131n q\u0259dim \u015f\u0259h\u0259rl\u0259ri, k\u0259ndl\u0259ri, rayonlar\u0131 i\u015f\u011fal edilmi\u015f, xalq\u0131m\u0131z a\u011f\u0131r s\u0131naqlarla \u00fcz-\u00fcz\u0259 qalm\u0131\u015fd\u0131r. Lakin Az\u0259rbaycan xalq\u0131 bu haqs\u0131zl\u0131qla he\u00e7 vaxt bar\u0131\u015fmam\u0131\u015f, \u00f6z torpaqlar\u0131na qay\u0131daca\u011f\u0131 g\u00fcn\u0259 h\u0259r zaman inanm\u0131\u015fd\u0131r. Bel\u0259 ki, 2020-ci ilin 44 g\u00fcnl\u00fck V\u0259t\u0259n m\u00fcharib\u0259sind\u0259 \u0259ld\u0259 edil\u0259n \u015fanl\u0131 Z\u0259f\u0259r v\u0259 2023-c\u00fc ilin sentyabr\u0131nda h\u0259yata&hellip;<\/p>\n","protected":false},"author":2,"featured_media":831260,"comment_status":"closed","ping_status":"closed","sticky":false,"template":"","format":"standard","meta":{"om_disable_all_campaigns":false,"_monsterinsights_skip_tracking":false,"_monsterinsights_sitenote_active":false,"_monsterinsights_sitenote_note":"","_monsterinsights_sitenote_category":0},"categories":[19],"tags":[],"aioseo_notices":[],"gutentor_comment":0,"rttpg_featured_image_url":{"full":["https:\/\/arantv.az\/wp-content\/uploads\/2025\/10\/66cf2135176096178417265580910991255.jpg",975,540,false],"landscape":["https:\/\/arantv.az\/wp-content\/uploads\/2025\/10\/66cf2135176096178417265580910991255.jpg",975,540,false],"portraits":["https:\/\/arantv.az\/wp-content\/uploads\/2025\/10\/66cf2135176096178417265580910991255.jpg",975,540,false],"thumbnail":["https:\/\/arantv.az\/wp-content\/uploads\/2025\/10\/66cf2135176096178417265580910991255-500x280.jpg",500,280,true],"medium":["https:\/\/arantv.az\/wp-content\/uploads\/2025\/10\/66cf2135176096178417265580910991255-660x365.jpg",660,365,true],"large":["https:\/\/arantv.az\/wp-content\/uploads\/2025\/10\/66cf2135176096178417265580910991255-840x465.jpg",640,354,true],"1536x1536":["https:\/\/arantv.az\/wp-content\/uploads\/2025\/10\/66cf2135176096178417265580910991255.jpg",975,540,false],"2048x2048":["https:\/\/arantv.az\/wp-content\/uploads\/2025\/10\/66cf2135176096178417265580910991255.jpg",975,540,false],"post-thumbnail":["https:\/\/arantv.az\/wp-content\/uploads\/2025\/10\/66cf2135176096178417265580910991255-240x172.jpg",240,172,true],"advps-thumb-one":["https:\/\/arantv.az\/wp-content\/uploads\/2025\/10\/66cf2135176096178417265580910991255.jpg",975,540,false]},"rttpg_author":{"display_name":"V\u00fcsal Rafiqo\u011flu","author_link":"https:\/\/arantv.az\/?author=2"},"rttpg_comment":0,"rttpg_category":"<a href=\"https:\/\/arantv.az\/?cat=19\" rel=\"category\">G\u00fcnd\u0259m<\/a>","rttpg_excerpt":"Xank\u0259ndi, A\u011fd\u0259r\u0259 v\u0259 Xocal\u0131da 1040 ke\u00e7mi\u015f m\u0259cburi k\u00f6\u00e7k\u00fcn ail\u0259si m\u0259skunla\u015f\u0131b, plana \u0259sas\u0259n daha 19 ya\u015fay\u0131\u015f m\u0259nt\u0259q\u0259sind\u0259 \u0259halinin m\u0259skunla\u015fd\u0131r\u0131lmas\u0131 istiqam\u0259tind\u0259 i\u015fl\u0259r davam edir Az\u0259rbaycan Respublikas\u0131n\u0131n d\u00f6vl\u0259t\u00e7ilik tarixi z\u0259ngin v\u0259 \u015f\u0259r\u0259fli s\u0259hif\u0259l\u0259rl\u0259 doludur. XX \u0259srin sonlar\u0131nda Erm\u0259nistan\u0131n Az\u0259rbaycana qar\u015f\u0131 ba\u015flad\u0131\u011f\u0131 h\u0259rbi t\u0259cav\u00fcz n\u0259tic\u0259sind\u0259 \u00f6lk\u0259mizin \u0259razil\u0259rinin bir hiss\u0259si &#8211; Qaraba\u011f\u0131n q\u0259dim \u015f\u0259h\u0259rl\u0259ri, k\u0259ndl\u0259ri, rayonlar\u0131 i\u015f\u011fal edilmi\u015f, xalq\u0131m\u0131z a\u011f\u0131r&hellip;","_links":{"self":[{"href":"https:\/\/arantv.az\/index.php?rest_route=\/wp\/v2\/posts\/831259"}],"collection":[{"href":"https:\/\/arantv.az\/index.php?rest_route=\/wp\/v2\/posts"}],"about":[{"href":"https:\/\/arantv.az\/index.php?rest_route=\/wp\/v2\/types\/post"}],"author":[{"embeddable":true,"href":"https:\/\/arantv.az\/index.php?rest_route=\/wp\/v2\/users\/2"}],"replies":[{"embeddable":true,"href":"https:\/\/arantv.az\/index.php?rest_route=%2Fwp%2Fv2%2Fcomments&post=831259"}],"version-history":[{"count":2,"href":"https:\/\/arantv.az\/index.php?rest_route=\/wp\/v2\/posts\/831259\/revisions"}],"predecessor-version":[{"id":831262,"href":"https:\/\/arantv.az\/index.php?rest_route=\/wp\/v2\/posts\/831259\/revisions\/831262"}],"wp:featuredmedia":[{"embeddable":true,"href":"https:\/\/arantv.az\/index.php?rest_route=\/wp\/v2\/media\/831260"}],"wp:attachment":[{"href":"https:\/\/arantv.az\/index.php?rest_route=%2Fwp%2Fv2%2Fmedia&parent=831259"}],"wp:term":[{"taxonomy":"category","embeddable":true,"href":"https:\/\/arantv.az\/index.php?rest_route=%2Fwp%2Fv2%2Fcategories&post=831259"},{"taxonomy":"post_tag","embeddable":true,"href":"https:\/\/arantv.az\/index.php?rest_route=%2Fwp%2Fv2%2Ftags&post=831259"}],"curies":[{"name":"wp","href":"https:\/\/api.w.org\/{rel}","templated":true}]}}