{"id":83144,"date":"2019-10-02T16:20:57","date_gmt":"2019-10-02T13:20:57","guid":{"rendered":"http:\/\/arantv.az\/?p=83144"},"modified":"2019-10-02T16:20:57","modified_gmt":"2019-10-02T13:20:57","slug":"beyl%c9%99qan-sakini-bakida-%c9%99rl%c9%99-arvadi-barisdirmaq-%c9%99v%c9%99zin%c9%99-vurub-oldurdu-m%c9%99hk%c9%99m%c9%99","status":"publish","type":"post","link":"https:\/\/arantv.az\/?p=83144","title":{"rendered":"Beyl\u0259qan sakini Bak\u0131da \u0259rl\u0259 arvad\u0131 bar\u0131\u015fd\u0131rmaq \u0259v\u0259zin\u0259 vurub \u00f6ld\u00fcrd\u00fc &#8211; M\u018fHK\u018fM\u018f"},"content":{"rendered":"<p><strong>Bak\u0131 A\u011f\u0131r Cinay\u0259tl\u0259r M\u0259hk\u0259m\u0259sind\u0259 Bin\u0259q\u0259di rayonunda iki n\u0259f\u0259ri q\u0259tl\u0259 yetirm\u0259kd\u0259 t\u0259qsirl\u0259ndiril\u0259n V\u0259li Behbudovun cinay\u0259t i\u015fi \u00fczr\u0259 m\u0259hk\u0259m\u0259nin haz\u0131rl\u0131q iclas\u0131 ke\u00e7irilib.<\/strong><\/p>\n<p><strong>ARANTV.AZ<\/strong>\u00a0<a href=\"https:\/\/az.trend.az\/\" target=\"_blank\" rel=\"noopener\">Trend<\/a>-\u0259 istinad\u0259n x\u0259b\u0259r verir ki, hakim Azad M\u0259cidovun s\u0259drliyi il\u0259 ke\u00e7iril\u0259n iclasda V\u0259li Behbudovun anlaqs\u0131z oldu\u011fu, \u00f6z\u00fcn\u00fc idar\u0259 ed\u0259 bilm\u0259diyi v\u0259 buna g\u00f6r\u0259 d\u0259 1 n\u00f6mr\u0259li Respublika Psixiatriya X\u0259st\u0259xanas\u0131na yerl\u0259\u015fdirildiyi m\u0259lum olub.<\/p>\n<p>M\u0259rhumun valideynl\u0259ri is\u0259 buna etiraz edibl\u0259r.<\/p>\n<p>M\u0259hk\u0259m\u0259y\u0259 polis n\u0259zar\u0259tind\u0259 g\u0259tiril\u0259n V\u0259li Behbudov \u0259ll\u0259ri il\u0259 qulaqlar\u0131n\u0131 tutaraq ba\u015f\u0131n\u0131 arxaya v\u0259 \u00f6n\u0259 \u0259y\u0259r\u0259k he\u00e7 n\u0259 dan\u0131\u015fmay\u0131b. Onun qanuni n\u00fcmay\u0259nd\u0259si bildirib ki, V\u0259li Behbudov he\u00e7 kiml\u0259 \u00fcnsiyy\u0259t\u0259 girmir.<\/p>\n<p>M\u0259hk\u0259m\u0259 haz\u0131rl\u0131q iclas\u0131nda q\u0259rar q\u0259bul edib. Q\u0259rara \u0259sas\u0259n, V\u0259li Behbudovun x\u0259st\u0259 olmad\u0131\u011f\u0131 q\u0259na\u0259tin\u0259 g\u0259linib v\u0259 buna g\u00f6r\u0259 d\u0259 bar\u0259sind\u0259 h\u0259bs q\u0259timkan t\u0259dbiri se\u00e7ilib.<\/p>\n<p>V\u0259li Behbudov 1 sayl\u0131 Bak\u0131 \u0130stintaq T\u0259cridxanas\u0131na k\u00f6\u00e7\u00fcr\u00fcl\u0259c\u0259k.<\/p>\n<p>Proses oktyabr\u0131n 9-da davam ed\u0259c\u0259k.<\/p>\n<p>\u0130ttihama g\u00f6r\u0259, bu ilin fevral ay\u0131nda Bin\u0259q\u0259di rayonunun &#8220;28 May&#8221; q\u0259s\u0259b\u0259si \u0259razisind\u0259ki evd\u0259 27 ya\u015fl\u0131 M\u0259mm\u0259dov \u0130lkin Elman o\u011flu v\u0259 25 ya\u015fl\u0131 Muradzad\u0259 Sevinc Ya\u015far q\u0131z\u0131n\u0131n meyitl\u0259ri tap\u0131l\u0131b.<\/p>\n<div>\n<div id=\"AdviadNativeVideo0\" class=\"AdviadNativeVideo\"><\/div>\n<\/div>\n<p>Polis \u0259m\u0259kda\u015flar\u0131 iki n\u0259f\u0259ri q\u0259tl\u0259 yetirm\u0259kd\u0259 \u015f\u00fcbh\u0259li bilin\u0259n Beyl\u0259qan rayon sakini, 1989-cu il t\u0259v\u0259ll\u00fcdl\u00fc Behbudov V\u0259li \u018fli o\u011flunu saxlay\u0131blar. M\u0259lum olub ki, o, Sevinc Muradzad\u0259nin yax\u0131n qohumudur.<\/p>\n<p>\u0130lkin ara\u015fd\u0131rma zaman\u0131 m\u0259lum olub ki, 27 ya\u015fl\u0131 M\u0259mm\u0259dov \u0130lkin Elman o\u011flu il\u0259 25 ya\u015fl\u0131 Muradzad\u0259 Sevinc Ya\u015far q\u0131z\u0131 2017-ci ild\u0259 ail\u0259 h\u0259yat\u0131 qursa da sonradan bo\u015fanmaq q\u0259rar\u0131na g\u0259lib.<\/p>\n<p>\u0130stintaq\u0131n versiyas\u0131na g\u00f6r\u0259, V.Behbudov ayr\u0131lm\u0131\u015f cavanlar\u0131 bar\u0131\u015fd\u0131rmaq m\u0259qs\u0259dil\u0259 S.Muradzad\u0259ni g\u00f6t\u00fcr\u0259r\u0259k \u0130.M\u0259mm\u0259dovun &#8220;28 May&#8221; q\u0259s\u0259b\u0259sind\u0259ki evin\u0259 g\u0259tirib. Lakin orada t\u0259r\u0259fl\u0259r aras\u0131nda dava d\u00fc\u015f\u00fcb. N\u0259tic\u0259d\u0259 V\u0259li Behbudov \u0130lkin\u0259 \u00e7oxsayl\u0131 b\u0131\u00e7aq z\u0259rb\u0259l\u0259ri endirib, qad\u0131n\u0131 is\u0259 bo\u011faraq \u00f6ld\u00fcr\u00fcb. O daha sonra N\u0259rimanov Rayon Polis \u0130dar\u0259sin\u0259 ged\u0259r\u0259k \u0259m\u0259lini k\u00f6n\u00fcll\u00fc etiraf ed\u0259r\u0259k t\u0259slim olub.<\/p>\n<p>Ona Cinay\u0259t M\u0259c\u0259ll\u0259sinin 120.2.7-ci (iki v\u0259 ya daha \u00e7ox \u015f\u0259xsi \u00f6ld\u00fcrm\u0259) madd\u0259si il\u0259 ittiham verilib.<\/p>\n","protected":false},"excerpt":{"rendered":"<p>Bak\u0131 A\u011f\u0131r Cinay\u0259tl\u0259r M\u0259hk\u0259m\u0259sind\u0259 Bin\u0259q\u0259di rayonunda iki n\u0259f\u0259ri q\u0259tl\u0259 yetirm\u0259kd\u0259 t\u0259qsirl\u0259ndiril\u0259n V\u0259li Behbudovun cinay\u0259t i\u015fi \u00fczr\u0259 m\u0259hk\u0259m\u0259nin haz\u0131rl\u0131q iclas\u0131 ke\u00e7irilib. ARANTV.AZ\u00a0Trend-\u0259 istinad\u0259n x\u0259b\u0259r verir ki, hakim Azad M\u0259cidovun s\u0259drliyi il\u0259 ke\u00e7iril\u0259n iclasda V\u0259li Behbudovun anlaqs\u0131z oldu\u011fu, \u00f6z\u00fcn\u00fc idar\u0259 ed\u0259 bilm\u0259diyi v\u0259 buna g\u00f6r\u0259 d\u0259 1 n\u00f6mr\u0259li Respublika Psixiatriya X\u0259st\u0259xanas\u0131na yerl\u0259\u015fdirildiyi m\u0259lum olub. M\u0259rhumun valideynl\u0259ri is\u0259 buna etiraz edibl\u0259r. M\u0259hk\u0259m\u0259y\u0259 polis n\u0259zar\u0259tind\u0259 g\u0259tiril\u0259n V\u0259li Behbudov \u0259ll\u0259ri il\u0259 qulaqlar\u0131n\u0131 tutaraq ba\u015f\u0131n\u0131 arxaya v\u0259 \u00f6n\u0259 \u0259y\u0259r\u0259k he\u00e7 n\u0259 dan\u0131\u015fmay\u0131b. Onun qanuni n\u00fcmay\u0259nd\u0259si bildirib ki, V\u0259li Behbudov he\u00e7 kiml\u0259 \u00fcnsiyy\u0259t\u0259 girmir. M\u0259hk\u0259m\u0259 haz\u0131rl\u0131q iclas\u0131nda&hellip;<\/p>\n","protected":false},"author":2,"featured_media":83145,"comment_status":"closed","ping_status":"closed","sticky":false,"template":"","format":"standard","meta":{"om_disable_all_campaigns":false,"_monsterinsights_skip_tracking":false,"_monsterinsights_sitenote_active":false,"_monsterinsights_sitenote_note":"","_monsterinsights_sitenote_category":0},"categories":[3],"tags":[],"aioseo_notices":[],"gutentor_comment":0,"rttpg_featured_image_url":{"full":["https:\/\/arantv.az\/wp-content\/uploads\/2019\/10\/bicaq3.jpg",800,600,false],"landscape":["https:\/\/arantv.az\/wp-content\/uploads\/2019\/10\/bicaq3.jpg",800,600,false],"portraits":["https:\/\/arantv.az\/wp-content\/uploads\/2019\/10\/bicaq3.jpg",800,600,false],"thumbnail":["https:\/\/arantv.az\/wp-content\/uploads\/2019\/10\/bicaq3-150x150.jpg",150,150,true],"medium":["https:\/\/arantv.az\/wp-content\/uploads\/2019\/10\/bicaq3-300x225.jpg",300,225,true],"large":["https:\/\/arantv.az\/wp-content\/uploads\/2019\/10\/bicaq3.jpg",640,480,false],"1536x1536":["https:\/\/arantv.az\/wp-content\/uploads\/2019\/10\/bicaq3.jpg",800,600,false],"2048x2048":["https:\/\/arantv.az\/wp-content\/uploads\/2019\/10\/bicaq3.jpg",800,600,false],"post-thumbnail":["https:\/\/arantv.az\/wp-content\/uploads\/2019\/10\/bicaq3-240x172.jpg",240,172,true],"advps-thumb-one":["https:\/\/arantv.az\/wp-content\/uploads\/2019\/10\/bicaq3.jpg",800,600,false]},"rttpg_author":{"display_name":"V\u00fcsal Rafiqo\u011flu","author_link":"https:\/\/arantv.az\/?author=2"},"rttpg_comment":0,"rttpg_category":"<a href=\"https:\/\/arantv.az\/?cat=3\" rel=\"category\">Kriminal<\/a>","rttpg_excerpt":"Bak\u0131 A\u011f\u0131r Cinay\u0259tl\u0259r M\u0259hk\u0259m\u0259sind\u0259 Bin\u0259q\u0259di rayonunda iki n\u0259f\u0259ri q\u0259tl\u0259 yetirm\u0259kd\u0259 t\u0259qsirl\u0259ndiril\u0259n V\u0259li Behbudovun cinay\u0259t i\u015fi \u00fczr\u0259 m\u0259hk\u0259m\u0259nin haz\u0131rl\u0131q iclas\u0131 ke\u00e7irilib. ARANTV.AZ\u00a0Trend-\u0259 istinad\u0259n x\u0259b\u0259r verir ki, hakim Azad M\u0259cidovun s\u0259drliyi il\u0259 ke\u00e7iril\u0259n iclasda V\u0259li Behbudovun anlaqs\u0131z oldu\u011fu, \u00f6z\u00fcn\u00fc idar\u0259 ed\u0259 bilm\u0259diyi v\u0259 buna g\u00f6r\u0259 d\u0259 1 n\u00f6mr\u0259li Respublika Psixiatriya X\u0259st\u0259xanas\u0131na yerl\u0259\u015fdirildiyi m\u0259lum olub. M\u0259rhumun valideynl\u0259ri is\u0259&hellip;","_links":{"self":[{"href":"https:\/\/arantv.az\/index.php?rest_route=\/wp\/v2\/posts\/83144"}],"collection":[{"href":"https:\/\/arantv.az\/index.php?rest_route=\/wp\/v2\/posts"}],"about":[{"href":"https:\/\/arantv.az\/index.php?rest_route=\/wp\/v2\/types\/post"}],"author":[{"embeddable":true,"href":"https:\/\/arantv.az\/index.php?rest_route=\/wp\/v2\/users\/2"}],"replies":[{"embeddable":true,"href":"https:\/\/arantv.az\/index.php?rest_route=%2Fwp%2Fv2%2Fcomments&post=83144"}],"version-history":[{"count":0,"href":"https:\/\/arantv.az\/index.php?rest_route=\/wp\/v2\/posts\/83144\/revisions"}],"wp:featuredmedia":[{"embeddable":true,"href":"https:\/\/arantv.az\/index.php?rest_route=\/wp\/v2\/media\/83145"}],"wp:attachment":[{"href":"https:\/\/arantv.az\/index.php?rest_route=%2Fwp%2Fv2%2Fmedia&parent=83144"}],"wp:term":[{"taxonomy":"category","embeddable":true,"href":"https:\/\/arantv.az\/index.php?rest_route=%2Fwp%2Fv2%2Fcategories&post=83144"},{"taxonomy":"post_tag","embeddable":true,"href":"https:\/\/arantv.az\/index.php?rest_route=%2Fwp%2Fv2%2Ftags&post=83144"}],"curies":[{"name":"wp","href":"https:\/\/api.w.org\/{rel}","templated":true}]}}