{"id":832085,"date":"2025-10-28T17:20:25","date_gmt":"2025-10-28T13:20:25","guid":{"rendered":"https:\/\/arantv.az\/?p=832085"},"modified":"2025-10-28T17:20:25","modified_gmt":"2025-10-28T13:20:25","slug":"c%c9%99brayilda-ikinci-v%c9%99-ucuncu-yasayis-kompleksl%c9%99rinin-t%c9%99m%c9%99li-qoyuldu-fotolar","status":"publish","type":"post","link":"https:\/\/arantv.az\/?p=832085","title":{"rendered":"C\u0259bray\u0131lda ikinci v\u0259 \u00fc\u00e7\u00fcnc\u00fc ya\u015fay\u0131\u015f kompleksl\u0259rinin t\u0259m\u0259li qoyuldu &#8211; FOTOLAR"},"content":{"rendered":"<div class=\"text-content\" data-id=\"\" data-url=\"\">\n<p><strong>Az\u0259rbaycan Prezidenti \u0130lham \u018fliyev oktyabr\u0131n 28-d\u0259 C\u0259bray\u0131l \u015f\u0259h\u0259rind\u0259 ikinci v\u0259 \u00fc\u00e7\u00fcnc\u00fc ya\u015fay\u0131\u015f kompleksl\u0259rinin t\u0259m\u0259lini qoyub.<\/strong><\/p>\n<p><strong>Musavat.com<\/strong>\u00a0x\u0259b\u0259r verir ki, ikinci ya\u015fay\u0131\u015f kompleksi 5,28 hektar \u0259razid\u0259 sal\u0131nacaq.<\/p>\n<p>Layih\u0259 \u00e7\u0259r\u00e7iv\u0259sind\u0259 5 v\u0259 6 m\u0259rt\u0259b\u0259li 23 bina in\u015fa edil\u0259c\u0259k. Binalarda bir, iki, \u00fc\u00e7, d\u00f6rd v\u0259 be\u015f otaqdan ibar\u0259t \u00fcmumilikd\u0259 615 m\u0259nzil olacaq. Kompleksd\u0259 sakinl\u0259rin rahat ya\u015fay\u0131\u015f\u0131 \u00fc\u00e7\u00fcn b\u00fct\u00fcn z\u0259ruri \u015f\u0259rait yarad\u0131lacaq.<\/p>\n<p>D\u00f6vl\u0259t ba\u015f\u00e7\u0131s\u0131 daha sonra \u015f\u0259h\u0259rd\u0259 in\u015fa edil\u0259c\u0259k \u00fc\u00e7\u00fcnc\u00fc ya\u015fay\u0131\u015f kompleksinin t\u0259m\u0259lini qoyub. Bu kompleksin d\u0259 \u00fcmumi sah\u0259si 5 hektardan art\u0131qd\u0131r. Burada 5, 6 v\u0259 7 m\u0259rt\u0259b\u0259li 25 binan\u0131n tikintisi planla\u015fd\u0131r\u0131l\u0131r. Layih\u0259y\u0259 \u0259sas\u0259n binalarda bir, iki, \u00fc\u00e7, d\u00f6rd v\u0259 be\u015fotaql\u0131 olmaqla 746 m\u0259nzilin in\u015fas\u0131 n\u0259z\u0259rd\u0259 tutulur.<\/p>\n<p>H\u0259r iki kompleks m\u00fcasir standartlara uy\u011fun \u015f\u0259kild\u0259 tikil\u0259c\u0259k, z\u0259ruri sosial infrastrukturla t\u0259chiz edil\u0259c\u0259k v\u0259 C\u0259bray\u0131l \u015f\u0259h\u0259rinin b\u0259rpas\u0131 istiqam\u0259tind\u0259 at\u0131lan n\u00f6vb\u0259ti m\u00fch\u00fcm add\u0131m olacaq.<\/p>\n<\/div>\n<div>\n<div class=\"form-group\"><img class=\"img-responsive\" src=\"https:\/\/cdn.musavat.com\/news\/images\/Gugu\/TQLSPtqhAcUNy3aPzxAhBLWqt82TagCK.jpg\" \/><\/div>\n<div class=\"form-group\"><img class=\"img-responsive\" src=\"https:\/\/cdn.musavat.com\/news\/images\/Gugu\/EPgPOqrW51U7Q9Fp6v0LJmhaBpR5Vw22.jpg\" \/><\/div>\n<div class=\"form-group\"><img class=\"img-responsive\" src=\"https:\/\/cdn.musavat.com\/news\/images\/Gugu\/l94nYk5wRPzNJQRImZkr1JTpSfmy8j3O.jpg\" \/><\/div>\n<div class=\"form-group\"><img class=\"img-responsive\" src=\"https:\/\/cdn.musavat.com\/news\/images\/Gugu\/63fmUcnsY74FLJLSs88eheSbeROTQjzj.jpg\" \/><\/div>\n<div class=\"form-group\"><img class=\"img-responsive\" src=\"https:\/\/cdn.musavat.com\/news\/images\/Gugu\/QL8DrGnKtjZ1LggH8KngUV6K9ErlTEbc.jpg\" \/><\/div>\n<\/div>\n<div><\/div>\n<div class=\"inner-social-box\">\n<div class=\"subs-in-social subs-whatsapp\"><\/div>\n<\/div>\n","protected":false},"excerpt":{"rendered":"<p>Az\u0259rbaycan Prezidenti \u0130lham \u018fliyev oktyabr\u0131n 28-d\u0259 C\u0259bray\u0131l \u015f\u0259h\u0259rind\u0259 ikinci v\u0259 \u00fc\u00e7\u00fcnc\u00fc ya\u015fay\u0131\u015f kompleksl\u0259rinin t\u0259m\u0259lini qoyub. Musavat.com\u00a0x\u0259b\u0259r verir ki, ikinci ya\u015fay\u0131\u015f kompleksi 5,28 hektar \u0259razid\u0259 sal\u0131nacaq. Layih\u0259 \u00e7\u0259r\u00e7iv\u0259sind\u0259 5 v\u0259 6 m\u0259rt\u0259b\u0259li 23 bina in\u015fa edil\u0259c\u0259k. Binalarda bir, iki, \u00fc\u00e7, d\u00f6rd v\u0259 be\u015f otaqdan ibar\u0259t \u00fcmumilikd\u0259 615 m\u0259nzil olacaq. Kompleksd\u0259 sakinl\u0259rin rahat ya\u015fay\u0131\u015f\u0131 \u00fc\u00e7\u00fcn b\u00fct\u00fcn z\u0259ruri \u015f\u0259rait yarad\u0131lacaq. D\u00f6vl\u0259t ba\u015f\u00e7\u0131s\u0131 daha sonra \u015f\u0259h\u0259rd\u0259 in\u015fa edil\u0259c\u0259k \u00fc\u00e7\u00fcnc\u00fc ya\u015fay\u0131\u015f kompleksinin t\u0259m\u0259lini qoyub. Bu kompleksin d\u0259 \u00fcmumi sah\u0259si 5 hektardan art\u0131qd\u0131r. Burada 5, 6 v\u0259 7 m\u0259rt\u0259b\u0259li 25 binan\u0131n tikintisi planla\u015fd\u0131r\u0131l\u0131r. Layih\u0259y\u0259 \u0259sas\u0259n binalarda&hellip;<\/p>\n","protected":false},"author":2,"featured_media":832086,"comment_status":"closed","ping_status":"closed","sticky":false,"template":"","format":"standard","meta":{"om_disable_all_campaigns":false,"_monsterinsights_skip_tracking":false,"_monsterinsights_sitenote_active":false,"_monsterinsights_sitenote_note":"","_monsterinsights_sitenote_category":0},"categories":[4],"tags":[],"aioseo_notices":[],"gutentor_comment":0,"rttpg_featured_image_url":{"full":["https:\/\/arantv.az\/wp-content\/uploads\/2025\/10\/d2969bb0bf985d8e49edf8d561715e50.jpg",824,500,false],"landscape":["https:\/\/arantv.az\/wp-content\/uploads\/2025\/10\/d2969bb0bf985d8e49edf8d561715e50.jpg",824,500,false],"portraits":["https:\/\/arantv.az\/wp-content\/uploads\/2025\/10\/d2969bb0bf985d8e49edf8d561715e50.jpg",824,500,false],"thumbnail":["https:\/\/arantv.az\/wp-content\/uploads\/2025\/10\/d2969bb0bf985d8e49edf8d561715e50-500x280.jpg",500,280,true],"medium":["https:\/\/arantv.az\/wp-content\/uploads\/2025\/10\/d2969bb0bf985d8e49edf8d561715e50-602x365.jpg",602,365,true],"large":["https:\/\/arantv.az\/wp-content\/uploads\/2025\/10\/d2969bb0bf985d8e49edf8d561715e50.jpg",640,388,false],"1536x1536":["https:\/\/arantv.az\/wp-content\/uploads\/2025\/10\/d2969bb0bf985d8e49edf8d561715e50.jpg",824,500,false],"2048x2048":["https:\/\/arantv.az\/wp-content\/uploads\/2025\/10\/d2969bb0bf985d8e49edf8d561715e50.jpg",824,500,false],"post-thumbnail":["https:\/\/arantv.az\/wp-content\/uploads\/2025\/10\/d2969bb0bf985d8e49edf8d561715e50-240x172.jpg",240,172,true],"advps-thumb-one":["https:\/\/arantv.az\/wp-content\/uploads\/2025\/10\/d2969bb0bf985d8e49edf8d561715e50.jpg",824,500,false]},"rttpg_author":{"display_name":"V\u00fcsal Rafiqo\u011flu","author_link":"https:\/\/arantv.az\/?author=2"},"rttpg_comment":0,"rttpg_category":"<a href=\"https:\/\/arantv.az\/?cat=4\" rel=\"category\">Siyas\u0259t<\/a>","rttpg_excerpt":"Az\u0259rbaycan Prezidenti \u0130lham \u018fliyev oktyabr\u0131n 28-d\u0259 C\u0259bray\u0131l \u015f\u0259h\u0259rind\u0259 ikinci v\u0259 \u00fc\u00e7\u00fcnc\u00fc ya\u015fay\u0131\u015f kompleksl\u0259rinin t\u0259m\u0259lini qoyub. Musavat.com\u00a0x\u0259b\u0259r verir ki, ikinci ya\u015fay\u0131\u015f kompleksi 5,28 hektar \u0259razid\u0259 sal\u0131nacaq. Layih\u0259 \u00e7\u0259r\u00e7iv\u0259sind\u0259 5 v\u0259 6 m\u0259rt\u0259b\u0259li 23 bina in\u015fa edil\u0259c\u0259k. Binalarda bir, iki, \u00fc\u00e7, d\u00f6rd v\u0259 be\u015f otaqdan ibar\u0259t \u00fcmumilikd\u0259 615 m\u0259nzil olacaq. Kompleksd\u0259 sakinl\u0259rin rahat ya\u015fay\u0131\u015f\u0131 \u00fc\u00e7\u00fcn b\u00fct\u00fcn z\u0259ruri&hellip;","_links":{"self":[{"href":"https:\/\/arantv.az\/index.php?rest_route=\/wp\/v2\/posts\/832085"}],"collection":[{"href":"https:\/\/arantv.az\/index.php?rest_route=\/wp\/v2\/posts"}],"about":[{"href":"https:\/\/arantv.az\/index.php?rest_route=\/wp\/v2\/types\/post"}],"author":[{"embeddable":true,"href":"https:\/\/arantv.az\/index.php?rest_route=\/wp\/v2\/users\/2"}],"replies":[{"embeddable":true,"href":"https:\/\/arantv.az\/index.php?rest_route=%2Fwp%2Fv2%2Fcomments&post=832085"}],"version-history":[{"count":1,"href":"https:\/\/arantv.az\/index.php?rest_route=\/wp\/v2\/posts\/832085\/revisions"}],"predecessor-version":[{"id":832087,"href":"https:\/\/arantv.az\/index.php?rest_route=\/wp\/v2\/posts\/832085\/revisions\/832087"}],"wp:featuredmedia":[{"embeddable":true,"href":"https:\/\/arantv.az\/index.php?rest_route=\/wp\/v2\/media\/832086"}],"wp:attachment":[{"href":"https:\/\/arantv.az\/index.php?rest_route=%2Fwp%2Fv2%2Fmedia&parent=832085"}],"wp:term":[{"taxonomy":"category","embeddable":true,"href":"https:\/\/arantv.az\/index.php?rest_route=%2Fwp%2Fv2%2Fcategories&post=832085"},{"taxonomy":"post_tag","embeddable":true,"href":"https:\/\/arantv.az\/index.php?rest_route=%2Fwp%2Fv2%2Ftags&post=832085"}],"curies":[{"name":"wp","href":"https:\/\/api.w.org\/{rel}","templated":true}]}}