{"id":832904,"date":"2025-11-04T06:52:49","date_gmt":"2025-11-04T02:52:49","guid":{"rendered":"https:\/\/arantv.az\/?p=832904"},"modified":"2025-11-04T06:52:49","modified_gmt":"2025-11-04T02:52:49","slug":"ruminiyali-senatorlar-az%c9%99rbaycanda-medianin-inkisafi-sah%c9%99sind%c9%99-gorul%c9%99n-t%c9%99dbirl%c9%99r-bar%c9%99d%c9%99-m%c9%99lumatlandirilib","status":"publish","type":"post","link":"https:\/\/arantv.az\/?p=832904","title":{"rendered":"Rum\u0131niyal\u0131 senatorlar Az\u0259rbaycanda median\u0131n inki\u015faf\u0131 sah\u0259sind\u0259 g\u00f6r\u00fcl\u0259n t\u0259dbirl\u0259r bar\u0259d\u0259 m\u0259lumatland\u0131r\u0131l\u0131b"},"content":{"rendered":"<div class=\"text-content\" data-id=\"\" data-url=\"\">\n<p>Rum\u0131niyada s\u0259f\u0259rd\u0259 olan Az\u0259rbaycan n\u00fcmay\u0259nd\u0259 hey\u0259tinin \u00fczvl\u0259ri bu \u00f6lk\u0259nin Senat\u0131nda olublar.<\/p>\n<p>AZ\u018fRTAC x\u0259b\u0259r verir ki, \u0259vv\u0259lc\u0259 senatorlarla g\u00f6r\u00fc\u015f ke\u00e7irilib. G\u00f6r\u00fc\u015fd\u0259 Az\u0259rbaycan Respublikas\u0131 Audiovizual \u015euras\u0131n\u0131n s\u0259dri \u0130sm\u0259t S\u0259ttarov, Median\u0131n \u0130nki\u015faf\u0131 Agentliyinin \u0130cra\u00e7\u0131 direktoru \u018fhm\u0259d \u0130smay\u0131lov, AZ\u018fRTAC-\u0131n \u0130dar\u0259 Hey\u0259tinin s\u0259dri V\u00fcqar \u018fliyev, Az\u0259rbaycan\u0131n Rum\u0131niyadak\u0131 f\u00f6vq\u0259lad\u0259 v\u0259 s\u0259lahiyy\u0259tli s\u0259firi Q\u00fcdsi Osmanov i\u015ftirak edibl\u0259r.<\/p>\n<p>S\u00f6hb\u0259t zaman\u0131 iki \u00f6lk\u0259 aras\u0131nda parlamentl\u0259raras\u0131 \u0259m\u0259kda\u015fl\u0131\u011f\u0131n v\u0259 institusional dialoqun g\u00fccl\u0259ndirilm\u0259si, media v\u0259 h\u00fcquq sah\u0259l\u0259rind\u0259 t\u0259cr\u00fcb\u0259 m\u00fcbadil\u0259si, el\u0259c\u0259 d\u0259 informasiya t\u0259hl\u00fck\u0259sizliyi v\u0259 dezinformasiyaya qar\u015f\u0131 m\u00fcbariz\u0259 m\u0259s\u0259l\u0259l\u0259ri bar\u0259d\u0259 fikir m\u00fcbadil\u0259si apar\u0131l\u0131b.<\/p>\n<p>Audiovizual \u015euran\u0131n s\u0259dri \u0130sm\u0259t S\u0259ttarov Az\u0259rbaycan\u0131n audiovizual sah\u0259d\u0259 siyas\u0259ti, media t\u0259nziml\u0259m\u0259 t\u0259cr\u00fcb\u0259si v\u0259 son ill\u0259rd\u0259 h\u0259yata ke\u00e7iril\u0259n islahatlar bar\u0259d\u0259 m\u0259lumat verib. O qeyd edib ki, Az\u0259rbaycan media m\u00fchitinin \u015f\u0259ffafl\u0131\u011f\u0131n\u0131 art\u0131rmaq, r\u0259q\u0259msal yay\u0131m\u0131 inki\u015faf etdirm\u0259k v\u0259 ictimai yay\u0131m\u0131n m\u00fcst\u0259qilliyini g\u00fccl\u0259ndirm\u0259k istiqam\u0259tind\u0259 m\u00fch\u00fcm add\u0131mlar at\u0131b.<\/p>\n<p>G\u00f6r\u00fc\u015fd\u0259 Rum\u0131niya t\u0259r\u0259fi \u00f6lk\u0259nin media v\u0259 h\u00fcquq sah\u0259l\u0259rind\u0259ki qanunvericilik t\u0259cr\u00fcb\u0259sini t\u0259qdim edib. Senatorlar bildiribl\u0259r ki, Rum\u0131niya audiovizual t\u0259nziml\u0259m\u0259, m\u0259tbuat azadl\u0131\u011f\u0131, dezinformasiyan\u0131n qar\u015f\u0131s\u0131n\u0131n al\u0131nmas\u0131 v\u0259 r\u0259q\u0259msal m\u0259kan\u0131n idar\u0259 olunmas\u0131 istiqam\u0259tind\u0259 Avropa \u0130ttifaq\u0131n\u0131n t\u0259l\u0259bl\u0259rin\u0259 uy\u011fun qanunvericilik \u00e7\u0259r\u00e7iv\u0259sini t\u0259kmill\u0259\u015fdirib.<\/p>\n<p>AZ\u018fRTAC-\u0131n \u0130dar\u0259 Hey\u0259tinin s\u0259dri V\u00fcqar \u018fliyev Az\u0259rbaycan medias\u0131n\u0131n beyn\u0259lxalq \u0259m\u0259kda\u015fl\u0131q istiqam\u0259tind\u0259 h\u0259yata ke\u00e7irdiyi layih\u0259l\u0259rd\u0259n v\u0259 informasiya t\u0259hl\u00fck\u0259sizliyinin t\u0259min olunmas\u0131 sah\u0259sind\u0259 g\u00f6r\u00fcl\u0259n i\u015fl\u0259rd\u0259n b\u0259hs edib. O, Rum\u0131niya il\u0259 bu istiqam\u0259td\u0259 qar\u015f\u0131l\u0131ql\u0131 \u0259m\u0259kda\u015fl\u0131\u011f\u0131n regional media \u0259m\u0259kda\u015fl\u0131\u011f\u0131na v\u0259 qar\u015f\u0131l\u0131ql\u0131 etimada t\u00f6hf\u0259 ver\u0259c\u0259yini deyib.<\/p>\n<div id=\"jwplayer_video_1\" class=\"jwplayer jw-reset jw-state-idle jw-skin-seven jw-stretch-uniform jw-breakpoint-4 jw-flag-user-inactive\" tabindex=\"0\">\n<div class=\"jw-media jw-reset\"><\/div>\n<div class=\"jw-preview jw-reset\"><\/div>\n<div class=\"jw-overlays jw-reset\">\n<div id=\"jwplayer_video_1_jwpsrv\" class=\"jw-plugin jw-reset\"><\/div>\n<div id=\"jwplayer_video_1_related\" class=\"jw-plugin jw-reset jw-plugin-related\"><\/div>\n<\/div>\n<div class=\"jw-controls jw-reset\">\n<div class=\"jw-display-icon-container jw-background-color jw-reset\">\n<div class=\"jw-icon jw-icon-display jw-button-color jw-reset\" tabindex=\"0\" role=\"button\" aria-label=\"Start playback\"><\/div>\n<\/div>\n<div class=\"jw-controls-right jw-reset\">\n<div class=\"jw-dock jw-reset\"><\/div>\n<\/div>\n<div class=\"jw-nextup-container jw-reset\">\n<div class=\"jw-nextup jw-reset\">\n<div class=\"jw-nextup-tooltip jw-reset\">\n<div class=\"jw-nextup-header jw-reset\"><\/div>\n<div class=\"jw-nextup-body jw-background-color jw-reset\">\n<div class=\"jw-nextup-title jw-reset\"><\/div>\n<\/div>\n<\/div>\n<p><button class=\"jw-nextup-close\" aria-label=\"Next Up Close\"><\/button><\/div>\n<\/div>\n<\/div>\n<div class=\"afs_ads\"><\/div>\n<\/div>\n<p>Median\u0131n \u0130nki\u015faf\u0131 Agentliyinin \u0130cra\u00e7\u0131 direktoru \u018fhm\u0259d \u0130smay\u0131lov median\u0131n inki\u015faf\u0131 v\u0259 dezinformasiya il\u0259 m\u00fcbariz\u0259 sah\u0259sind\u0259 qanunvericilik islahatlar\u0131 haqq\u0131nda dan\u0131\u015f\u0131b. Vur\u011fulay\u0131b ki, Az\u0259rbaycanla Rum\u0131niya bu istiqam\u0259td\u0259 ortaq t\u0259lim proqramlar\u0131 v\u0259 media t\u0259\u015f\u0259bb\u00fcsl\u0259ri h\u0259yata ke\u00e7ir\u0259 bil\u0259r.<\/p>\n<p>S\u0259fir Q\u00fcdsi Osmanov \u00e7\u0131x\u0131\u015f\u0131nda iki \u00f6lk\u0259 aras\u0131nda strateji t\u0259r\u0259fda\u015fl\u0131\u011f\u0131n yaln\u0131z enerji v\u0259 n\u0259qliyyat sah\u0259l\u0259rind\u0259 deyil, h\u0259m d\u0259 informasiya v\u0259 kommunikasiya m\u00fcst\u0259visind\u0259 d\u0259rinl\u0259\u015fdiyini qeyd edib. O bildirib ki, bel\u0259 g\u00f6r\u00fc\u015fl\u0259r Az\u0259rbaycan-Rum\u0131niya m\u00fcnasib\u0259tl\u0259rinin humanitar v\u0259 institusional \u0259saslar\u0131n\u0131 daha da m\u00f6hk\u0259ml\u0259ndirir.<\/p>\n<p>Eyni zamanda, senator Kristian-Avqustin Nikulesku-Ta\u011f\u00e2rla\u015f bir ne\u00e7\u0259 g\u00fcn \u0259vv\u0259l Rum\u0131niya Parlamenti Senat\u0131n\u0131n s\u0259dri Mir\u00e7a Abrudean\u0131n Az\u0259rbaycana r\u0259smi s\u0259f\u0259rin\u0259 v\u0259 onun Prezident \u0130lham \u018fliyevl\u0259 ke\u00e7irdiyi g\u00f6r\u00fc\u015f\u0259 toxunub. O, bu g\u00f6r\u00fc\u015f\u00fc \u00f6lk\u0259l\u0259rimiz aras\u0131nda strateji \u0259m\u0259kda\u015fl\u0131\u011f\u0131n y\u00fcks\u0259k s\u0259viyy\u0259d\u0259 inki\u015faf etm\u0259sinin bariz t\u0259zah\u00fcr\u00fc kimi qiym\u0259tl\u0259ndirib.<\/p>\n<p>G\u00f6r\u00fc\u015fd\u0259, h\u0259m\u00e7inin C\u0259nubi Qafqazda s\u00fclh t\u0259\u015f\u0259bb\u00fcsl\u0259ri, Az\u0259rbaycan-Rum\u0131niya parlamentl\u0259raras\u0131 dostluq qrupunun f\u0259aliyy\u0259ti, enerji v\u0259 media diplomatiyas\u0131, el\u0259c\u0259 d\u0259 informasiya m\u0259suliyy\u0259tinin art\u0131r\u0131lmas\u0131 v\u0259 t\u0259bli\u011fata qar\u015f\u0131 m\u00fcbariz\u0259 kimi m\u0259s\u0259l\u0259l\u0259r \u0259traf\u0131nda fikir m\u00fcbadil\u0259si apar\u0131l\u0131b.<\/p>\n<p>Sonda senator Kristian-Avqustin Nikulesku-Ta\u011f\u00e2rla\u015f vur\u011fulay\u0131b ki, Az\u0259rbaycanla Rum\u0131niyan\u0131n h\u00fcquq v\u0259 media sah\u0259l\u0259rind\u0259 \u0259m\u0259kda\u015fl\u0131\u011f\u0131 Avropa \u0130ttifaq\u0131 il\u0259 C\u0259nubi Qafqaz aras\u0131nda strateji t\u0259r\u0259fda\u015fl\u0131\u011f\u0131n m\u00f6hk\u0259ml\u0259nm\u0259sin\u0259 m\u00fch\u00fcm t\u00f6hf\u0259 ver\u0259c\u0259k.<\/p>\n<p>Az\u0259rbaycan n\u00fcmay\u0259nd\u0259 hey\u0259ti, h\u0259m\u00e7inin Rum\u0131niya Senat\u0131n\u0131n plenar iclas\u0131nda da i\u015ftirak ed\u0259r\u0259k, qanunverici orqan\u0131n f\u0259aliyy\u0259ti, debat qaydalar\u0131 v\u0259 q\u0259rar q\u0259buletm\u0259 mexanizml\u0259ri il\u0259 tan\u0131\u015f olub.<\/p>\n<\/div>\n<div>\n<div class=\"form-group\"><img class=\"img-responsive\" src=\"https:\/\/cdn.musavat.com\/news\/images\/Gugu\/gugu1\/555\/Screenshot_1.png\" \/><\/div>\n<div class=\"form-group\"><img class=\"img-responsive\" src=\"https:\/\/cdn.musavat.com\/news\/images\/Gugu\/gugu1\/555\/Screenshot_2.png\" \/><\/div>\n<div class=\"form-group\"><img class=\"img-responsive\" src=\"https:\/\/cdn.musavat.com\/news\/images\/Gugu\/gugu1\/555\/Screenshot_3.png\" \/><\/div>\n<div class=\"form-group\"><img class=\"img-responsive\" src=\"https:\/\/cdn.musavat.com\/news\/images\/Gugu\/gugu1\/555\/Screenshot_4.png\" \/><\/div>\n<\/div>\n<div><\/div>\n<div class=\"inner-social-box\">\n<div class=\"subs-in-social subs-whatsapp\"><\/div>\n<\/div>\n","protected":false},"excerpt":{"rendered":"<p>Rum\u0131niyada s\u0259f\u0259rd\u0259 olan Az\u0259rbaycan n\u00fcmay\u0259nd\u0259 hey\u0259tinin \u00fczvl\u0259ri bu \u00f6lk\u0259nin Senat\u0131nda olublar. AZ\u018fRTAC x\u0259b\u0259r verir ki, \u0259vv\u0259lc\u0259 senatorlarla g\u00f6r\u00fc\u015f ke\u00e7irilib. G\u00f6r\u00fc\u015fd\u0259 Az\u0259rbaycan Respublikas\u0131 Audiovizual \u015euras\u0131n\u0131n s\u0259dri \u0130sm\u0259t S\u0259ttarov, Median\u0131n \u0130nki\u015faf\u0131 Agentliyinin \u0130cra\u00e7\u0131 direktoru \u018fhm\u0259d \u0130smay\u0131lov, AZ\u018fRTAC-\u0131n \u0130dar\u0259 Hey\u0259tinin s\u0259dri V\u00fcqar \u018fliyev, Az\u0259rbaycan\u0131n Rum\u0131niyadak\u0131 f\u00f6vq\u0259lad\u0259 v\u0259 s\u0259lahiyy\u0259tli s\u0259firi Q\u00fcdsi Osmanov i\u015ftirak edibl\u0259r. S\u00f6hb\u0259t zaman\u0131 iki \u00f6lk\u0259 aras\u0131nda parlamentl\u0259raras\u0131 \u0259m\u0259kda\u015fl\u0131\u011f\u0131n v\u0259 institusional dialoqun g\u00fccl\u0259ndirilm\u0259si, media v\u0259 h\u00fcquq sah\u0259l\u0259rind\u0259 t\u0259cr\u00fcb\u0259 m\u00fcbadil\u0259si, el\u0259c\u0259 d\u0259 informasiya t\u0259hl\u00fck\u0259sizliyi v\u0259 dezinformasiyaya qar\u015f\u0131 m\u00fcbariz\u0259 m\u0259s\u0259l\u0259l\u0259ri bar\u0259d\u0259 fikir m\u00fcbadil\u0259si apar\u0131l\u0131b. Audiovizual \u015euran\u0131n s\u0259dri \u0130sm\u0259t S\u0259ttarov Az\u0259rbaycan\u0131n audiovizual sah\u0259d\u0259 siyas\u0259ti, media&hellip;<\/p>\n","protected":false},"author":2,"featured_media":832905,"comment_status":"closed","ping_status":"closed","sticky":false,"template":"","format":"standard","meta":{"om_disable_all_campaigns":false,"_monsterinsights_skip_tracking":false,"_monsterinsights_sitenote_active":false,"_monsterinsights_sitenote_note":"","_monsterinsights_sitenote_category":0},"categories":[19],"tags":[],"aioseo_notices":[],"gutentor_comment":0,"rttpg_featured_image_url":{"full":["https:\/\/arantv.az\/wp-content\/uploads\/2025\/11\/bf600004d531a25f01ae6a8b22d03eb6.png",601,345,false],"landscape":["https:\/\/arantv.az\/wp-content\/uploads\/2025\/11\/bf600004d531a25f01ae6a8b22d03eb6.png",601,345,false],"portraits":["https:\/\/arantv.az\/wp-content\/uploads\/2025\/11\/bf600004d531a25f01ae6a8b22d03eb6.png",601,345,false],"thumbnail":["https:\/\/arantv.az\/wp-content\/uploads\/2025\/11\/bf600004d531a25f01ae6a8b22d03eb6-500x280.png",500,280,true],"medium":["https:\/\/arantv.az\/wp-content\/uploads\/2025\/11\/bf600004d531a25f01ae6a8b22d03eb6.png",601,345,false],"large":["https:\/\/arantv.az\/wp-content\/uploads\/2025\/11\/bf600004d531a25f01ae6a8b22d03eb6.png",601,345,false],"1536x1536":["https:\/\/arantv.az\/wp-content\/uploads\/2025\/11\/bf600004d531a25f01ae6a8b22d03eb6.png",601,345,false],"2048x2048":["https:\/\/arantv.az\/wp-content\/uploads\/2025\/11\/bf600004d531a25f01ae6a8b22d03eb6.png",601,345,false],"post-thumbnail":["https:\/\/arantv.az\/wp-content\/uploads\/2025\/11\/bf600004d531a25f01ae6a8b22d03eb6-240x172.png",240,172,true],"advps-thumb-one":["https:\/\/arantv.az\/wp-content\/uploads\/2025\/11\/bf600004d531a25f01ae6a8b22d03eb6.png",601,345,false]},"rttpg_author":{"display_name":"V\u00fcsal Rafiqo\u011flu","author_link":"https:\/\/arantv.az\/?author=2"},"rttpg_comment":0,"rttpg_category":"<a href=\"https:\/\/arantv.az\/?cat=19\" rel=\"category\">G\u00fcnd\u0259m<\/a>","rttpg_excerpt":"Rum\u0131niyada s\u0259f\u0259rd\u0259 olan Az\u0259rbaycan n\u00fcmay\u0259nd\u0259 hey\u0259tinin \u00fczvl\u0259ri bu \u00f6lk\u0259nin Senat\u0131nda olublar. AZ\u018fRTAC x\u0259b\u0259r verir ki, \u0259vv\u0259lc\u0259 senatorlarla g\u00f6r\u00fc\u015f ke\u00e7irilib. G\u00f6r\u00fc\u015fd\u0259 Az\u0259rbaycan Respublikas\u0131 Audiovizual \u015euras\u0131n\u0131n s\u0259dri \u0130sm\u0259t S\u0259ttarov, Median\u0131n \u0130nki\u015faf\u0131 Agentliyinin \u0130cra\u00e7\u0131 direktoru \u018fhm\u0259d \u0130smay\u0131lov, AZ\u018fRTAC-\u0131n \u0130dar\u0259 Hey\u0259tinin s\u0259dri V\u00fcqar \u018fliyev, Az\u0259rbaycan\u0131n Rum\u0131niyadak\u0131 f\u00f6vq\u0259lad\u0259 v\u0259 s\u0259lahiyy\u0259tli s\u0259firi Q\u00fcdsi Osmanov i\u015ftirak edibl\u0259r. S\u00f6hb\u0259t zaman\u0131 iki \u00f6lk\u0259 aras\u0131nda&hellip;","_links":{"self":[{"href":"https:\/\/arantv.az\/index.php?rest_route=\/wp\/v2\/posts\/832904"}],"collection":[{"href":"https:\/\/arantv.az\/index.php?rest_route=\/wp\/v2\/posts"}],"about":[{"href":"https:\/\/arantv.az\/index.php?rest_route=\/wp\/v2\/types\/post"}],"author":[{"embeddable":true,"href":"https:\/\/arantv.az\/index.php?rest_route=\/wp\/v2\/users\/2"}],"replies":[{"embeddable":true,"href":"https:\/\/arantv.az\/index.php?rest_route=%2Fwp%2Fv2%2Fcomments&post=832904"}],"version-history":[{"count":1,"href":"https:\/\/arantv.az\/index.php?rest_route=\/wp\/v2\/posts\/832904\/revisions"}],"predecessor-version":[{"id":832906,"href":"https:\/\/arantv.az\/index.php?rest_route=\/wp\/v2\/posts\/832904\/revisions\/832906"}],"wp:featuredmedia":[{"embeddable":true,"href":"https:\/\/arantv.az\/index.php?rest_route=\/wp\/v2\/media\/832905"}],"wp:attachment":[{"href":"https:\/\/arantv.az\/index.php?rest_route=%2Fwp%2Fv2%2Fmedia&parent=832904"}],"wp:term":[{"taxonomy":"category","embeddable":true,"href":"https:\/\/arantv.az\/index.php?rest_route=%2Fwp%2Fv2%2Fcategories&post=832904"},{"taxonomy":"post_tag","embeddable":true,"href":"https:\/\/arantv.az\/index.php?rest_route=%2Fwp%2Fv2%2Ftags&post=832904"}],"curies":[{"name":"wp","href":"https:\/\/api.w.org\/{rel}","templated":true}]}}