{"id":832916,"date":"2025-11-04T12:41:04","date_gmt":"2025-11-04T08:41:04","guid":{"rendered":"https:\/\/arantv.az\/?p=832916"},"modified":"2025-11-04T12:41:04","modified_gmt":"2025-11-04T08:41:04","slug":"az%c9%99rbaycanin-tarixi-q%c9%99l%c9%99b%c9%99si","status":"publish","type":"post","link":"https:\/\/arantv.az\/?p=832916","title":{"rendered":"Az\u0259rbaycan\u0131n tarixi Q\u0259l\u0259b\u0259si"},"content":{"rendered":"<p>8 Noyabr Z\u0259f\u0259r G\u00fcn\u00fc Az\u0259rbaycan Respublikas\u0131 d\u00f6vl\u0259t\u00e7ilik tarixinin \u0259n parlaq v\u0259 \u015f\u0259r\u0259fli s\u0259hif\u0259si olaraq qeyd edilir. Bu tarix, 30 il\u0259 yax\u0131n davam ed\u0259n Erm\u0259nistan i\u015f\u011fal\u0131na 44 g\u00fcn \u0259rzind\u0259 M\u00fcz\u0259ff\u0259r Ali Ba\u015f Komandan \u0130lham \u018fliyevin r\u0259hb\u0259rliyi il\u0259 son qoyuldu\u011fu, Az\u0259rbaycan\u0131n \u0259razi b\u00fct\u00f6vl\u00fcy\u00fcn\u00fcn b\u0259rpa edildiyi B\u00f6y\u00fck Q\u0259l\u0259b\u0259nin r\u0259mzidir.<\/p>\n<p>&nbsp;<\/p>\n<p>2020-ci il sentyabr\u0131n 27-d\u0259 Erm\u0259nistan\u0131n n\u00f6vb\u0259ti geni\u015fmiqyasl\u0131 t\u0259xribat\u0131na cavab olaraq ba\u015flayan V\u0259t\u0259n m\u00fcharib\u0259si Az\u0259rbaycan\u0131n haqq i\u015fi v\u0259 beyn\u0259lxalq h\u00fcququn t\u0259l\u0259bl\u0259rinin yerin\u0259 yetirilm\u0259si idi. Az\u0259rbaycan Silahl\u0131 Q\u00fcvv\u0259l\u0259ri t\u0259r\u0259find\u0259n h\u0259yata ke\u00e7iril\u0259n &#8220;D\u0259mir Yumruq&#8221; \u0259m\u0259liyyat\u0131 n\u0259tic\u0259sind\u0259 d\u00fc\u015fm\u0259nin onillikl\u0259r \u0259rzind\u0259 qurdu\u011fu m\u00fcdafi\u0259 x\u0259tti q\u0131sa zamanda yar\u0131laraq F\u00fczuli, C\u0259bray\u0131l, Z\u0259ngilan, Qubadl\u0131 kimi \u015f\u0259h\u0259rl\u0259r v\u0259 y\u00fczl\u0259rl\u0259 ya\u015fay\u0131\u015f m\u0259nt\u0259q\u0259si azad edildi.<\/p>\n<p>&nbsp;<\/p>\n<p>Z\u0259f\u0259r\u0259 aparan h\u0259lledici add\u0131m 8 Noyabr 2020-ci ild\u0259 Qaraba\u011f\u0131n tac\u0131 say\u0131lan \u015eu\u015fa \u015f\u0259h\u0259rinin azad edilm\u0259si oldu. Bu, Az\u0259rbaycan h\u0259rb s\u0259n\u0259tinin \u0259n zirv\u0259 n\u00fcmun\u0259si, m\u00fcr\u0259kk\u0259b relyef \u015f\u0259raitind\u0259 d\u00fc\u015fm\u0259n\u0259 qar\u015f\u0131 misilsiz \u0259sg\u0259r \u015f\u00fcca\u0259tinin t\u0259nt\u0259n\u0259si idi. \u015eu\u015fan\u0131n azad edilm\u0259si m\u00fcharib\u0259nin taleyini bird\u0259f\u0259lik h\u0259ll etdi v\u0259 d\u00fc\u015fm\u0259ni kapitulyasiyaya m\u0259cbur etdi.<\/p>\n<p>&nbsp;<\/p>\n<p>\u015eu\u015fa Z\u0259f\u0259rind\u0259n d\u0259rhal sonra, 10 Noyabr 2020-ci ild\u0259 Erm\u0259nistan r\u0259hb\u0259rliyi \u00fc\u00e7t\u0259r\u0259fli B\u0259yanat\u0131 imzalamaqla m\u0259\u011flubiyy\u0259tini r\u0259sm\u0259n etiraf etdi. Bu s\u0259n\u0259d Az\u0259rbaycan\u0131n siyasi v\u0259 h\u0259rbi q\u0259l\u0259b\u0259sini h\u00fcquqi m\u00fcst\u0259vid\u0259 t\u0259sbit etdi, A\u011fdam, K\u0259lb\u0259c\u0259r v\u0259 La\u00e7\u0131n rayonlar\u0131n\u0131n is\u0259 siyasi yolla, d\u00f6y\u00fc\u015fs\u00fcz bo\u015fald\u0131lmas\u0131n\u0131 t\u0259min etdi.<\/p>\n<p>&nbsp;<\/p>\n<p>Prezident \u0130lham \u018fliyevin 3 Dekabr 2020-ci il tarixli S\u0259r\u0259ncam\u0131 il\u0259 8 Noyabr\u0131n Z\u0259f\u0259r G\u00fcn\u00fc elan edilm\u0259si, bu tarixi nailiyy\u0259tin xalq\u0131m\u0131z\u0131n qan yadda\u015f\u0131nda \u0259b\u0259dil\u0259\u015fm\u0259sin\u0259 xidm\u0259t edir.<\/p>\n<p>8 Noyabr &#8211; Az\u0259rbaycan xalq\u0131n\u0131n milli q\u00fcrurunun t\u0259nt\u0259n\u0259si, d\u00f6vl\u0259tin suverenliyinin v\u0259 \u0259razi b\u00fct\u00f6vl\u00fcy\u00fcn\u00fcn tam b\u0259rpas\u0131d\u0131r. Bu Z\u0259f\u0259r, b\u00f6lg\u0259d\u0259 yeni bir geosiyasi reall\u0131q yaratm\u0131\u015f, Az\u0259rbaycan\u0131n qlobal v\u0259 regional miqyasda n\u00fcfuzunu \u0259h\u0259miyy\u0259tli d\u0259r\u0259c\u0259d\u0259 g\u00fccl\u0259ndirmi\u015fdir.<\/p>\n<p>Az\u0259rbaycan\u0131n g\u0259l\u0259c\u0259k inki\u015faf\u0131 v\u0259 davaml\u0131 s\u00fclh namin\u0259 at\u0131lan add\u0131mlar m\u0259hz bu b\u00f6y\u00fck Z\u0259f\u0259rin t\u0259m\u0259lind\u0259 dayan\u0131r.<\/p>\n<p>&nbsp;<\/p>\n<p>Yunis Eyyubov<\/p>\n<p>YAP A\u011fstafa rayon t\u0259\u015fkilat\u0131n\u0131n \u0259m\u0259kda\u015f\u0131<\/p>\n","protected":false},"excerpt":{"rendered":"<p>8 Noyabr Z\u0259f\u0259r G\u00fcn\u00fc Az\u0259rbaycan Respublikas\u0131 d\u00f6vl\u0259t\u00e7ilik tarixinin \u0259n parlaq v\u0259 \u015f\u0259r\u0259fli s\u0259hif\u0259si olaraq qeyd edilir. Bu tarix, 30 il\u0259 yax\u0131n davam ed\u0259n Erm\u0259nistan i\u015f\u011fal\u0131na 44 g\u00fcn \u0259rzind\u0259 M\u00fcz\u0259ff\u0259r Ali Ba\u015f Komandan \u0130lham \u018fliyevin r\u0259hb\u0259rliyi il\u0259 son qoyuldu\u011fu, Az\u0259rbaycan\u0131n \u0259razi b\u00fct\u00f6vl\u00fcy\u00fcn\u00fcn b\u0259rpa edildiyi B\u00f6y\u00fck Q\u0259l\u0259b\u0259nin r\u0259mzidir. &nbsp; 2020-ci il sentyabr\u0131n 27-d\u0259 Erm\u0259nistan\u0131n n\u00f6vb\u0259ti geni\u015fmiqyasl\u0131 t\u0259xribat\u0131na cavab olaraq ba\u015flayan V\u0259t\u0259n m\u00fcharib\u0259si Az\u0259rbaycan\u0131n haqq i\u015fi v\u0259 beyn\u0259lxalq h\u00fcququn t\u0259l\u0259bl\u0259rinin yerin\u0259 yetirilm\u0259si idi. Az\u0259rbaycan Silahl\u0131 Q\u00fcvv\u0259l\u0259ri t\u0259r\u0259find\u0259n h\u0259yata ke\u00e7iril\u0259n &#8220;D\u0259mir Yumruq&#8221; \u0259m\u0259liyyat\u0131 n\u0259tic\u0259sind\u0259 d\u00fc\u015fm\u0259nin onillikl\u0259r \u0259rzind\u0259 qurdu\u011fu m\u00fcdafi\u0259 x\u0259tti q\u0131sa zamanda yar\u0131laraq F\u00fczuli,&hellip;<\/p>\n","protected":false},"author":2,"featured_media":832917,"comment_status":"closed","ping_status":"closed","sticky":false,"template":"","format":"standard","meta":{"om_disable_all_campaigns":false,"_monsterinsights_skip_tracking":false,"_monsterinsights_sitenote_active":false,"_monsterinsights_sitenote_note":"","_monsterinsights_sitenote_category":0},"categories":[19],"tags":[],"aioseo_notices":[],"gutentor_comment":0,"rttpg_featured_image_url":{"full":["https:\/\/arantv.az\/wp-content\/uploads\/2025\/11\/IMG-20251104-WA0038.jpg",1200,797,false],"landscape":["https:\/\/arantv.az\/wp-content\/uploads\/2025\/11\/IMG-20251104-WA0038.jpg",1200,797,false],"portraits":["https:\/\/arantv.az\/wp-content\/uploads\/2025\/11\/IMG-20251104-WA0038.jpg",1200,797,false],"thumbnail":["https:\/\/arantv.az\/wp-content\/uploads\/2025\/11\/IMG-20251104-WA0038-500x280.jpg",500,280,true],"medium":["https:\/\/arantv.az\/wp-content\/uploads\/2025\/11\/IMG-20251104-WA0038-550x365.jpg",550,365,true],"large":["https:\/\/arantv.az\/wp-content\/uploads\/2025\/11\/IMG-20251104-WA0038-840x558.jpg",640,425,true],"1536x1536":["https:\/\/arantv.az\/wp-content\/uploads\/2025\/11\/IMG-20251104-WA0038.jpg",1200,797,false],"2048x2048":["https:\/\/arantv.az\/wp-content\/uploads\/2025\/11\/IMG-20251104-WA0038.jpg",1200,797,false],"post-thumbnail":["https:\/\/arantv.az\/wp-content\/uploads\/2025\/11\/IMG-20251104-WA0038-240x172.jpg",240,172,true],"advps-thumb-one":["https:\/\/arantv.az\/wp-content\/uploads\/2025\/11\/IMG-20251104-WA0038-1200x620.jpg",1200,620,true]},"rttpg_author":{"display_name":"V\u00fcsal Rafiqo\u011flu","author_link":"https:\/\/arantv.az\/?author=2"},"rttpg_comment":0,"rttpg_category":"<a href=\"https:\/\/arantv.az\/?cat=19\" rel=\"category\">G\u00fcnd\u0259m<\/a>","rttpg_excerpt":"8 Noyabr Z\u0259f\u0259r G\u00fcn\u00fc Az\u0259rbaycan Respublikas\u0131 d\u00f6vl\u0259t\u00e7ilik tarixinin \u0259n parlaq v\u0259 \u015f\u0259r\u0259fli s\u0259hif\u0259si olaraq qeyd edilir. Bu tarix, 30 il\u0259 yax\u0131n davam ed\u0259n Erm\u0259nistan i\u015f\u011fal\u0131na 44 g\u00fcn \u0259rzind\u0259 M\u00fcz\u0259ff\u0259r Ali Ba\u015f Komandan \u0130lham \u018fliyevin r\u0259hb\u0259rliyi il\u0259 son qoyuldu\u011fu, Az\u0259rbaycan\u0131n \u0259razi b\u00fct\u00f6vl\u00fcy\u00fcn\u00fcn b\u0259rpa edildiyi B\u00f6y\u00fck Q\u0259l\u0259b\u0259nin r\u0259mzidir. &nbsp; 2020-ci il sentyabr\u0131n 27-d\u0259 Erm\u0259nistan\u0131n n\u00f6vb\u0259ti geni\u015fmiqyasl\u0131 t\u0259xribat\u0131na&hellip;","_links":{"self":[{"href":"https:\/\/arantv.az\/index.php?rest_route=\/wp\/v2\/posts\/832916"}],"collection":[{"href":"https:\/\/arantv.az\/index.php?rest_route=\/wp\/v2\/posts"}],"about":[{"href":"https:\/\/arantv.az\/index.php?rest_route=\/wp\/v2\/types\/post"}],"author":[{"embeddable":true,"href":"https:\/\/arantv.az\/index.php?rest_route=\/wp\/v2\/users\/2"}],"replies":[{"embeddable":true,"href":"https:\/\/arantv.az\/index.php?rest_route=%2Fwp%2Fv2%2Fcomments&post=832916"}],"version-history":[{"count":1,"href":"https:\/\/arantv.az\/index.php?rest_route=\/wp\/v2\/posts\/832916\/revisions"}],"predecessor-version":[{"id":832918,"href":"https:\/\/arantv.az\/index.php?rest_route=\/wp\/v2\/posts\/832916\/revisions\/832918"}],"wp:featuredmedia":[{"embeddable":true,"href":"https:\/\/arantv.az\/index.php?rest_route=\/wp\/v2\/media\/832917"}],"wp:attachment":[{"href":"https:\/\/arantv.az\/index.php?rest_route=%2Fwp%2Fv2%2Fmedia&parent=832916"}],"wp:term":[{"taxonomy":"category","embeddable":true,"href":"https:\/\/arantv.az\/index.php?rest_route=%2Fwp%2Fv2%2Fcategories&post=832916"},{"taxonomy":"post_tag","embeddable":true,"href":"https:\/\/arantv.az\/index.php?rest_route=%2Fwp%2Fv2%2Ftags&post=832916"}],"curies":[{"name":"wp","href":"https:\/\/api.w.org\/{rel}","templated":true}]}}