{"id":83316,"date":"2019-10-03T13:14:09","date_gmt":"2019-10-03T10:14:09","guid":{"rendered":"http:\/\/arantv.az\/?p=83316"},"modified":"2019-10-03T13:14:09","modified_gmt":"2019-10-03T10:14:09","slug":"az%c9%99rbaycanli-s%c9%99rnisin-taksi-surucu-t%c9%99r%c9%99find%c9%99n-gull%c9%99l%c9%99ndi","status":"publish","type":"post","link":"https:\/\/arantv.az\/?p=83316","title":{"rendered":"Az\u0259rbaycanl\u0131 s\u0259rni\u015fin taksi s\u00fcr\u00fcc\u00fc t\u0259r\u0259find\u0259n g\u00fcll\u0259l\u0259ndi"},"content":{"rendered":"<p>Sankt-Peterburqda taksi f\u0259aliyy\u0259ti il\u0259 m\u0259\u015f\u011ful olan \u201cHyunday Solaris\u201d\u00a0 markal\u0131 ma\u015f\u0131n\u0131n s\u00fcr\u00fcc\u00fcs\u00fc az\u0259rbaycanl\u0131 s\u0259rni\u015fini g\u00fcll\u0259l\u0259y\u0259r\u0259k hadis\u0259 yerind\u0259n qa\u00e7\u0131b.<\/p>\n<p>Bu bar\u0259d\u0259 yerli K\u0130V Sankt-Peterburqun h\u00fcquq-m\u00fchafiz\u0259 orqanlar\u0131ndak\u0131 m\u0259nb\u0259sin\u0259 istinad\u0259n m\u0259lumat verib.<\/p>\n<p>Oktyabr\u0131n 2-i saat 19:44-d\u0259 Nauki prospekti 2 n\u00f6mr\u0259li binan\u0131n yax\u0131nl\u0131\u011f\u0131nda e\u015fidil\u0259n g\u00fcll\u0259 s\u0259si bar\u0259d\u0259 polis\u0259 m\u0259lumat daxil olub.<\/p>\n<div id=\"AdviadNativeVideo0\" class=\"AdviadNativeVideo\"><\/div>\n<p>Hadis\u0259 yerin\u0259 g\u0259l\u0259n asayi\u015f ke\u015fik\u00e7il\u0259ri m\u0259lumat\u0131 t\u0259sdiql\u0259yib. T\u0259cili yard\u0131m \u0259m\u0259kda\u015flar\u0131 yaralanan 1995-ci il t\u0259v\u0259ll\u00fcdl\u00fc Az\u0259rbaycan v\u0259t\u0259nda\u015f\u0131n\u0131 x\u0259st\u0259xanaya \u00e7atd\u0131r\u0131blar. Onun travmatik g\u00fcll\u0259 yaras\u0131 ald\u0131\u011f\u0131 bildirilir.<\/p>\n<p>Hadis\u0259nin t\u0259f\u0259rr\u00fcat\u0131 bar\u0259d\u0259 z\u0259r\u0259r\u00e7\u0259k\u0259n m\u0259lumat verib. Onun s\u00f6zl\u0259rin\u0259 g\u00f6r\u0259, ma\u015f\u0131nda yaranan m\u00fcbahis\u0259d\u0259n sonra s\u00fcr\u00fcc\u00fc ona\u00a0d\u00f6rd d\u0259f\u0259 at\u0259\u015f a\u00e7\u0131b.<\/p>\n<p>Polis d\u00f6rd m\u0259rmi, bir metal top g\u00f6t\u00fcr\u00fcb v\u0259 cinay\u0259t i\u015finin a\u00e7\u0131lmas\u0131 \u00fc\u00e7\u00fcn t\u0259dbirl\u0259r g\u00f6r\u00fcl\u00fcr.<\/p>\n","protected":false},"excerpt":{"rendered":"<p>Sankt-Peterburqda taksi f\u0259aliyy\u0259ti il\u0259 m\u0259\u015f\u011ful olan \u201cHyunday Solaris\u201d\u00a0 markal\u0131 ma\u015f\u0131n\u0131n s\u00fcr\u00fcc\u00fcs\u00fc az\u0259rbaycanl\u0131 s\u0259rni\u015fini g\u00fcll\u0259l\u0259y\u0259r\u0259k hadis\u0259 yerind\u0259n qa\u00e7\u0131b. Bu bar\u0259d\u0259 yerli K\u0130V Sankt-Peterburqun h\u00fcquq-m\u00fchafiz\u0259 orqanlar\u0131ndak\u0131 m\u0259nb\u0259sin\u0259 istinad\u0259n m\u0259lumat verib. Oktyabr\u0131n 2-i saat 19:44-d\u0259 Nauki prospekti 2 n\u00f6mr\u0259li binan\u0131n yax\u0131nl\u0131\u011f\u0131nda e\u015fidil\u0259n g\u00fcll\u0259 s\u0259si bar\u0259d\u0259 polis\u0259 m\u0259lumat daxil olub. Hadis\u0259 yerin\u0259 g\u0259l\u0259n asayi\u015f ke\u015fik\u00e7il\u0259ri m\u0259lumat\u0131 t\u0259sdiql\u0259yib. T\u0259cili yard\u0131m \u0259m\u0259kda\u015flar\u0131 yaralanan 1995-ci il t\u0259v\u0259ll\u00fcdl\u00fc Az\u0259rbaycan v\u0259t\u0259nda\u015f\u0131n\u0131 x\u0259st\u0259xanaya \u00e7atd\u0131r\u0131blar. Onun travmatik g\u00fcll\u0259 yaras\u0131 ald\u0131\u011f\u0131 bildirilir. Hadis\u0259nin t\u0259f\u0259rr\u00fcat\u0131 bar\u0259d\u0259 z\u0259r\u0259r\u00e7\u0259k\u0259n m\u0259lumat verib. Onun s\u00f6zl\u0259rin\u0259 g\u00f6r\u0259, ma\u015f\u0131nda yaranan m\u00fcbahis\u0259d\u0259n sonra s\u00fcr\u00fcc\u00fc ona\u00a0d\u00f6rd d\u0259f\u0259 at\u0259\u015f a\u00e7\u0131b. Polis d\u00f6rd&hellip;<\/p>\n","protected":false},"author":2,"featured_media":83317,"comment_status":"closed","ping_status":"closed","sticky":false,"template":"","format":"standard","meta":{"om_disable_all_campaigns":false,"_monsterinsights_skip_tracking":false,"_monsterinsights_sitenote_active":false,"_monsterinsights_sitenote_note":"","_monsterinsights_sitenote_category":0},"categories":[3],"tags":[],"aioseo_notices":[],"gutentor_comment":0,"rttpg_featured_image_url":{"full":["https:\/\/arantv.az\/wp-content\/uploads\/2019\/10\/peter.jpg",619,465,false],"landscape":["https:\/\/arantv.az\/wp-content\/uploads\/2019\/10\/peter.jpg",619,465,false],"portraits":["https:\/\/arantv.az\/wp-content\/uploads\/2019\/10\/peter.jpg",619,465,false],"thumbnail":["https:\/\/arantv.az\/wp-content\/uploads\/2019\/10\/peter-150x150.jpg",150,150,true],"medium":["https:\/\/arantv.az\/wp-content\/uploads\/2019\/10\/peter-300x225.jpg",300,225,true],"large":["https:\/\/arantv.az\/wp-content\/uploads\/2019\/10\/peter.jpg",619,465,false],"1536x1536":["https:\/\/arantv.az\/wp-content\/uploads\/2019\/10\/peter.jpg",619,465,false],"2048x2048":["https:\/\/arantv.az\/wp-content\/uploads\/2019\/10\/peter.jpg",619,465,false],"post-thumbnail":["https:\/\/arantv.az\/wp-content\/uploads\/2019\/10\/peter-240x172.jpg",240,172,true],"advps-thumb-one":["https:\/\/arantv.az\/wp-content\/uploads\/2019\/10\/peter.jpg",619,465,false]},"rttpg_author":{"display_name":"V\u00fcsal Rafiqo\u011flu","author_link":"https:\/\/arantv.az\/?author=2"},"rttpg_comment":0,"rttpg_category":"<a href=\"https:\/\/arantv.az\/?cat=3\" rel=\"category\">Kriminal<\/a>","rttpg_excerpt":"Sankt-Peterburqda taksi f\u0259aliyy\u0259ti il\u0259 m\u0259\u015f\u011ful olan \u201cHyunday Solaris\u201d\u00a0 markal\u0131 ma\u015f\u0131n\u0131n s\u00fcr\u00fcc\u00fcs\u00fc az\u0259rbaycanl\u0131 s\u0259rni\u015fini g\u00fcll\u0259l\u0259y\u0259r\u0259k hadis\u0259 yerind\u0259n qa\u00e7\u0131b. Bu bar\u0259d\u0259 yerli K\u0130V Sankt-Peterburqun h\u00fcquq-m\u00fchafiz\u0259 orqanlar\u0131ndak\u0131 m\u0259nb\u0259sin\u0259 istinad\u0259n m\u0259lumat verib. Oktyabr\u0131n 2-i saat 19:44-d\u0259 Nauki prospekti 2 n\u00f6mr\u0259li binan\u0131n yax\u0131nl\u0131\u011f\u0131nda e\u015fidil\u0259n g\u00fcll\u0259 s\u0259si bar\u0259d\u0259 polis\u0259 m\u0259lumat daxil olub. Hadis\u0259 yerin\u0259 g\u0259l\u0259n asayi\u015f ke\u015fik\u00e7il\u0259ri m\u0259lumat\u0131 t\u0259sdiql\u0259yib. T\u0259cili yard\u0131m&hellip;","_links":{"self":[{"href":"https:\/\/arantv.az\/index.php?rest_route=\/wp\/v2\/posts\/83316"}],"collection":[{"href":"https:\/\/arantv.az\/index.php?rest_route=\/wp\/v2\/posts"}],"about":[{"href":"https:\/\/arantv.az\/index.php?rest_route=\/wp\/v2\/types\/post"}],"author":[{"embeddable":true,"href":"https:\/\/arantv.az\/index.php?rest_route=\/wp\/v2\/users\/2"}],"replies":[{"embeddable":true,"href":"https:\/\/arantv.az\/index.php?rest_route=%2Fwp%2Fv2%2Fcomments&post=83316"}],"version-history":[{"count":0,"href":"https:\/\/arantv.az\/index.php?rest_route=\/wp\/v2\/posts\/83316\/revisions"}],"wp:featuredmedia":[{"embeddable":true,"href":"https:\/\/arantv.az\/index.php?rest_route=\/wp\/v2\/media\/83317"}],"wp:attachment":[{"href":"https:\/\/arantv.az\/index.php?rest_route=%2Fwp%2Fv2%2Fmedia&parent=83316"}],"wp:term":[{"taxonomy":"category","embeddable":true,"href":"https:\/\/arantv.az\/index.php?rest_route=%2Fwp%2Fv2%2Fcategories&post=83316"},{"taxonomy":"post_tag","embeddable":true,"href":"https:\/\/arantv.az\/index.php?rest_route=%2Fwp%2Fv2%2Ftags&post=83316"}],"curies":[{"name":"wp","href":"https:\/\/api.w.org\/{rel}","templated":true}]}}