{"id":833504,"date":"2025-11-07T22:11:12","date_gmt":"2025-11-07T18:11:12","guid":{"rendered":"https:\/\/arantv.az\/?p=833504"},"modified":"2025-11-07T22:11:12","modified_gmt":"2025-11-07T18:11:12","slug":"son-d%c9%99qiq%c9%99-prezident-ona-milli-q%c9%99hr%c9%99man-adini-verdi-s%c9%99r%c9%99ncam","status":"publish","type":"post","link":"https:\/\/arantv.az\/?p=833504","title":{"rendered":"SON D\u018fQ\u0130Q\u018f: Prezident ona &#8220;Milli Q\u0259hr\u0259man&#8221; ad\u0131n\u0131 verdi &#8211; S\u018fR\u018fNCAM"},"content":{"rendered":"<p><strong>Az\u0259rbaycan Respublikas\u0131n\u0131n m\u00fcst\u0259qilliyinin, \u0259razi b\u00fct\u00f6vl\u00fcy\u00fcn\u00fcn qorunub saxlan\u0131lmas\u0131nda x\u00fcsusi xidm\u0259tl\u0259rin\u0259 v\u0259 d\u00f6y\u00fc\u015f tap\u015f\u0131r\u0131qlar\u0131n\u0131 yerin\u0259 yetir\u0259rk\u0259n g\u00f6st\u0259rdikl\u0259ri igidliy\u0259 g\u00f6r\u0259 b\u0259zi \u015f\u0259xsl\u0259ri t\u0259ltif edilib.<\/strong><\/p>\n<p><strong>Musavat.com<\/strong>\u00a0x\u0259b\u0259r verir ki, bu bar\u0259d\u0259 Prezident \u0130lham \u018fliyev s\u0259r\u0259ncam imzalay\u0131b.<\/p>\n<p>S\u0259r\u0259ncama \u0259sas\u0259n, adlar\u0131 a\u015fa\u011f\u0131da olan \u015f\u0259xsl\u0259r t\u0259ltif edilib.<\/p>\n<p><strong>&#8220;Az\u0259rbaycan\u0131n Milli Q\u0259hr\u0259man\u0131&#8221; ad\u0131 il\u0259<\/strong><\/p>\n<p>Qurbanov Vaqif B\u0259xtiyar o\u011flu \u2013 ba\u015f leytenant (\u00f6l\u00fcm\u00fcnd\u0259n sonra)<\/p>\n<p><strong>&#8220;Az\u0259rbaycan Bayra\u011f\u0131&#8221; ordeni il\u0259<\/strong><\/p>\n<p>Quliyev Akif Bayram o\u011flu \u2013 ehtiyatda olan ba\u015f gizir<\/p>\n<p><strong>&#8220;\u0130gidliy\u0259 g\u00f6r\u0259&#8221; medal\u0131 il\u0259<\/strong><\/p>\n<p>Biny\u0259tov G\u00fclbuda\u011f \u018fli o\u011flu \u2013 ehtiyatda olan polkovnik-leytenant<\/p>\n<p>\u018fliyev B\u0259\u015fir \u0130man o\u011flu \u2013 ehtiyatda olan mayor<\/p>\n<p>C\u0259lilov Elman S\u0259yyad o\u011flu \u2013 ehtiyatda olan kapitan<\/p>\n<p>\u015ealbuzov Tofik \u015e\u0131xbala o\u011flu \u2013 ehtiyatda olan ba\u015f gizir.<\/p>\n","protected":false},"excerpt":{"rendered":"<p>Az\u0259rbaycan Respublikas\u0131n\u0131n m\u00fcst\u0259qilliyinin, \u0259razi b\u00fct\u00f6vl\u00fcy\u00fcn\u00fcn qorunub saxlan\u0131lmas\u0131nda x\u00fcsusi xidm\u0259tl\u0259rin\u0259 v\u0259 d\u00f6y\u00fc\u015f tap\u015f\u0131r\u0131qlar\u0131n\u0131 yerin\u0259 yetir\u0259rk\u0259n g\u00f6st\u0259rdikl\u0259ri igidliy\u0259 g\u00f6r\u0259 b\u0259zi \u015f\u0259xsl\u0259ri t\u0259ltif edilib. Musavat.com\u00a0x\u0259b\u0259r verir ki, bu bar\u0259d\u0259 Prezident \u0130lham \u018fliyev s\u0259r\u0259ncam imzalay\u0131b. S\u0259r\u0259ncama \u0259sas\u0259n, adlar\u0131 a\u015fa\u011f\u0131da olan \u015f\u0259xsl\u0259r t\u0259ltif edilib. &#8220;Az\u0259rbaycan\u0131n Milli Q\u0259hr\u0259man\u0131&#8221; ad\u0131 il\u0259 Qurbanov Vaqif B\u0259xtiyar o\u011flu \u2013 ba\u015f leytenant (\u00f6l\u00fcm\u00fcnd\u0259n sonra) &#8220;Az\u0259rbaycan Bayra\u011f\u0131&#8221; ordeni il\u0259 Quliyev Akif Bayram o\u011flu \u2013 ehtiyatda olan ba\u015f gizir &#8220;\u0130gidliy\u0259 g\u00f6r\u0259&#8221; medal\u0131 il\u0259 Biny\u0259tov G\u00fclbuda\u011f \u018fli o\u011flu \u2013 ehtiyatda olan polkovnik-leytenant \u018fliyev B\u0259\u015fir \u0130man o\u011flu \u2013 ehtiyatda olan mayor C\u0259lilov Elman S\u0259yyad o\u011flu&hellip;<\/p>\n","protected":false},"author":2,"featured_media":833505,"comment_status":"closed","ping_status":"closed","sticky":false,"template":"","format":"standard","meta":{"om_disable_all_campaigns":false,"_monsterinsights_skip_tracking":false,"_monsterinsights_sitenote_active":false,"_monsterinsights_sitenote_note":"","_monsterinsights_sitenote_category":0},"categories":[4],"tags":[],"aioseo_notices":[],"gutentor_comment":0,"rttpg_featured_image_url":{"full":["https:\/\/arantv.az\/wp-content\/uploads\/2025\/11\/c6563dcdd89f822ac5190718a81f01d0.jpg",870,500,false],"landscape":["https:\/\/arantv.az\/wp-content\/uploads\/2025\/11\/c6563dcdd89f822ac5190718a81f01d0.jpg",870,500,false],"portraits":["https:\/\/arantv.az\/wp-content\/uploads\/2025\/11\/c6563dcdd89f822ac5190718a81f01d0.jpg",870,500,false],"thumbnail":["https:\/\/arantv.az\/wp-content\/uploads\/2025\/11\/c6563dcdd89f822ac5190718a81f01d0-500x280.jpg",500,280,true],"medium":["https:\/\/arantv.az\/wp-content\/uploads\/2025\/11\/c6563dcdd89f822ac5190718a81f01d0-635x365.jpg",635,365,true],"large":["https:\/\/arantv.az\/wp-content\/uploads\/2025\/11\/c6563dcdd89f822ac5190718a81f01d0-840x483.jpg",640,368,true],"1536x1536":["https:\/\/arantv.az\/wp-content\/uploads\/2025\/11\/c6563dcdd89f822ac5190718a81f01d0.jpg",870,500,false],"2048x2048":["https:\/\/arantv.az\/wp-content\/uploads\/2025\/11\/c6563dcdd89f822ac5190718a81f01d0.jpg",870,500,false],"post-thumbnail":["https:\/\/arantv.az\/wp-content\/uploads\/2025\/11\/c6563dcdd89f822ac5190718a81f01d0-240x172.jpg",240,172,true],"advps-thumb-one":["https:\/\/arantv.az\/wp-content\/uploads\/2025\/11\/c6563dcdd89f822ac5190718a81f01d0.jpg",870,500,false]},"rttpg_author":{"display_name":"V\u00fcsal Rafiqo\u011flu","author_link":"https:\/\/arantv.az\/?author=2"},"rttpg_comment":0,"rttpg_category":"<a href=\"https:\/\/arantv.az\/?cat=4\" rel=\"category\">Siyas\u0259t<\/a>","rttpg_excerpt":"Az\u0259rbaycan Respublikas\u0131n\u0131n m\u00fcst\u0259qilliyinin, \u0259razi b\u00fct\u00f6vl\u00fcy\u00fcn\u00fcn qorunub saxlan\u0131lmas\u0131nda x\u00fcsusi xidm\u0259tl\u0259rin\u0259 v\u0259 d\u00f6y\u00fc\u015f tap\u015f\u0131r\u0131qlar\u0131n\u0131 yerin\u0259 yetir\u0259rk\u0259n g\u00f6st\u0259rdikl\u0259ri igidliy\u0259 g\u00f6r\u0259 b\u0259zi \u015f\u0259xsl\u0259ri t\u0259ltif edilib. Musavat.com\u00a0x\u0259b\u0259r verir ki, bu bar\u0259d\u0259 Prezident \u0130lham \u018fliyev s\u0259r\u0259ncam imzalay\u0131b. S\u0259r\u0259ncama \u0259sas\u0259n, adlar\u0131 a\u015fa\u011f\u0131da olan \u015f\u0259xsl\u0259r t\u0259ltif edilib. &#8220;Az\u0259rbaycan\u0131n Milli Q\u0259hr\u0259man\u0131&#8221; ad\u0131 il\u0259 Qurbanov Vaqif B\u0259xtiyar o\u011flu \u2013 ba\u015f leytenant (\u00f6l\u00fcm\u00fcnd\u0259n sonra) &#8220;Az\u0259rbaycan Bayra\u011f\u0131&#8221;&hellip;","_links":{"self":[{"href":"https:\/\/arantv.az\/index.php?rest_route=\/wp\/v2\/posts\/833504"}],"collection":[{"href":"https:\/\/arantv.az\/index.php?rest_route=\/wp\/v2\/posts"}],"about":[{"href":"https:\/\/arantv.az\/index.php?rest_route=\/wp\/v2\/types\/post"}],"author":[{"embeddable":true,"href":"https:\/\/arantv.az\/index.php?rest_route=\/wp\/v2\/users\/2"}],"replies":[{"embeddable":true,"href":"https:\/\/arantv.az\/index.php?rest_route=%2Fwp%2Fv2%2Fcomments&post=833504"}],"version-history":[{"count":1,"href":"https:\/\/arantv.az\/index.php?rest_route=\/wp\/v2\/posts\/833504\/revisions"}],"predecessor-version":[{"id":833506,"href":"https:\/\/arantv.az\/index.php?rest_route=\/wp\/v2\/posts\/833504\/revisions\/833506"}],"wp:featuredmedia":[{"embeddable":true,"href":"https:\/\/arantv.az\/index.php?rest_route=\/wp\/v2\/media\/833505"}],"wp:attachment":[{"href":"https:\/\/arantv.az\/index.php?rest_route=%2Fwp%2Fv2%2Fmedia&parent=833504"}],"wp:term":[{"taxonomy":"category","embeddable":true,"href":"https:\/\/arantv.az\/index.php?rest_route=%2Fwp%2Fv2%2Fcategories&post=833504"},{"taxonomy":"post_tag","embeddable":true,"href":"https:\/\/arantv.az\/index.php?rest_route=%2Fwp%2Fv2%2Ftags&post=833504"}],"curies":[{"name":"wp","href":"https:\/\/api.w.org\/{rel}","templated":true}]}}