{"id":833977,"date":"2025-11-10T17:13:13","date_gmt":"2025-11-10T13:13:13","guid":{"rendered":"https:\/\/arantv.az\/?p=833977"},"modified":"2025-11-10T17:13:13","modified_gmt":"2025-11-10T13:13:13","slug":"yekun-sulh-sazisin%c9%99-aylar-qalib-bayramovdan-muhum-aciqlama","status":"publish","type":"post","link":"https:\/\/arantv.az\/?p=833977","title":{"rendered":"Yekun s\u00fclh sazi\u015fin\u0259 aylar qal\u0131b? &#8211; Bayramovdan M\u00dcH\u00dcM A\u00c7IQLAMA"},"content":{"rendered":"<p><strong>Xarici i\u015fl\u0259r naziri Ceyhun Bayramov g\u0259l\u0259n il Erm\u0259nistanla s\u00fclh perspektivin\u0259 inand\u0131\u011f\u0131n\u0131 b\u0259yan edib.<\/strong><\/p>\n<p>Nazir bu bar\u0259d\u0259 \u0130TV-y\u0259 m\u00fcsahib\u0259sind\u0259 Erm\u0259nistanla m\u00fcnasib\u0259tl\u0259rin normalla\u015fmas\u0131 il\u0259 ba\u011fl\u0131 son iki ili n\u0259z\u0259r\u0259 almal\u0131 olduqlar\u0131n\u0131 deyib:<\/p>\n<p>&#8220;2020-2023-c\u00fc ild\u0259 Erm\u0259nistan t\u0259r\u0259find\u0259n he\u00e7 bir s\u0259mimi add\u0131m yox idi. Biz d\u0259 suverenliyimizin b\u0259rpas\u0131 \u00fc\u00e7\u00fcn add\u0131m-add\u0131m gedirdik v\u0259 2023-c\u00fc ild\u0259 bunu tam olaraq bitirdik. Bu yeni reall\u0131qlar\u0131 ba\u015fa d\u00fc\u015f\u0259n Erm\u0259nistan s\u00fclh sazi\u015fi \u00fc\u00e7\u00fcn h\u0259qiqi add\u0131mlar atma\u011fa ba\u015flad\u0131. Ona g\u00f6r\u0259 d\u0259 iki il m\u00fcdd\u0259tini g\u00f6t\u00fcrm\u0259liyik&#8221;.<\/p>\n<p><strong>Ceyhun Bayramov\u00a0<\/strong><strong>hesab edir ki, son iki ild\u0259 proqres v\u0259 son olaraq Va\u015finqton raz\u0131la\u015fmalar\u0131n\u0131n \u0259ld\u0259 olunmas\u0131 tarixi d\u00f6vr bax\u0131m\u0131ndan \u00e7ox ki\u00e7ik m\u00fcdd\u0259tdir:<\/strong><\/p>\n<p>&#8220;Bel\u0259 bir q\u0131sa m\u00fcdd\u0259td\u0259 qalib d\u00f6vl\u0259tl\u0259 m\u0259\u011flub olmu\u015f d\u00f6vl\u0259t aras\u0131nda normalla\u015fma prosesinin bel\u0259 s\u00fcr\u0259tl\u0259 getm\u0259sini \u00e7ox nadir hallarda g\u00f6rm\u0259k olar. 2026-c\u0131 ild\u0259 he\u00e7 k\u0259s 100 faizlik z\u0259man\u0259t verm\u0259s\u0259 d\u0259, s\u00fclh sazi\u015finin imzalanmas\u0131na nikbin bax\u0131ram&#8221;.<\/p>\n<p><strong>Onun s\u00f6zl\u0259rin\u0259 g\u00f6r\u0259, Erm\u0259nistanda haz\u0131rda ged\u0259n ictimai diskurs, erm\u0259ni c\u0259miyy\u0259tind\u0259 qon\u015fularla normalla\u015fman\u0131n vacibliyi bar\u0259d\u0259 m\u00fczakir\u0259l\u0259r bunu dem\u0259y\u0259 \u0259sas verir.<\/strong><\/p>\n<p><strong><img loading=\"lazy\" src=\"https:\/\/cdn.musavat.com\/news\/images\/Ayten\/kenan.jpg\" alt=\"kenan.jpg (34 KB)\" width=\"700\" height=\"500\" \/><\/strong><\/p>\n<p><strong>Politoloq K\u0259nan Novruzov<\/strong>\u00a0m\u0259s\u0259l\u0259ni\u00a0<strong>Musavat.com<\/strong>-a bel\u0259 \u015f\u0259rh edib:<\/p>\n<p>&#8220;M\u0259lum oldu\u011fu kimi, 2020-ci il \u0130kinci Qaraba\u011f m\u00fcharib\u0259si v\u0259 2023-c\u00fc ild\u0259ki antiterror \u0259m\u0259liyyatlar\u0131ndan sonra C\u0259nubi Qafqazda yeni reall\u0131qlar yaran\u0131b. \u018frazil\u0259rini i\u015f\u011faldan azad etmi\u015f Az\u0259rbaycan bu yeni reall\u0131qlar\u0131n m\u00fc\u0259llifidir. Yeni reall\u0131qlar is\u0259 b\u00f6lg\u0259 \u00fc\u00e7\u00fcn s\u00fclh\u00fc g\u00fcnd\u0259m\u0259 g\u0259tirir. 30 il diplomatik h\u0259ll \u00fc\u00e7\u00fcn \u00fc\u00e7\u00fcn \u00e7al\u0131\u015fan Az\u0259rbaycan m\u00fcharib\u0259d\u0259n d\u0259rhal sonra da s\u00fclh t\u0259\u015f\u0259bb\u00fcs\u00fc il\u0259 \u00e7\u0131x\u0131\u015f etdi.<\/p>\n<p>Avqustun 8-d\u0259\u00a0AB\u015e-nin paytaxt\u0131 Va\u015finqtonda \u0259ld\u0259 olunan raz\u0131la\u015fmalarla b\u00f6lg\u0259y\u0259 faktiki olaraq s\u00fclh g\u0259ldi. Bunu h\u0259m r\u0259smi Bak\u0131, h\u0259m d\u0259 \u0130r\u0259van t\u0259sdiq edir.<\/p>\n<p>Yekun s\u00fclh sazi\u015finin imzalanmas\u0131 \u00fc\u00e7\u00fcn Az\u0259rbaycan\u0131n bir ne\u00e7\u0259 haql\u0131 v\u0259 m\u0259ntiqli t\u0259l\u0259bi var. Bunlardan birincisi &#8211; AT\u018fT-in Minsk Qrupunun l\u0259\u011fvi il\u0259 ba\u011fl\u0131 m\u0259s\u0259l\u0259, dem\u0259k olar, h\u0259llini tap\u0131b.<\/p>\n<p>\u0130kinci m\u0259qam Erm\u0259nistan konstitusiyas\u0131n\u0131n d\u0259yi\u015fdirilm\u0259si, s\u0259n\u0259dd\u0259n Az\u0259rbaycana qar\u015f\u0131 \u0259razi iddialar\u0131n\u0131n \u00e7\u0131xar\u0131lmas\u0131d\u0131r. Erm\u0259nistan da ba\u015fa d\u00fc\u015f\u00fcr ki, bu olmad\u0131qca, s\u00fclh sazi\u015fi imzalanmayacaq. Fikrimc\u0259, r\u0259smi \u0130r\u0259van buna da raz\u0131d\u0131r. Sad\u0259c\u0259 olaraq ba\u015f nazir Nikol Pa\u015finyan g\u0259l\u0259n il ke\u00e7iril\u0259c\u0259k parlament se\u00e7kil\u0259rinin n\u0259tic\u0259sini g\u00f6zl\u0259yir. \u00c7\u00fcnki indiki m\u0259qamda konstitusiya d\u0259yi\u015fikliyin\u0259 getm\u0259k m\u00fcxalif\u0259tin \u0259lini g\u00fccl\u0259ndir\u0259 v\u0259 daxild\u0259 xaos yarada bil\u0259r. Bel\u0259likl\u0259, haz\u0131rk\u0131 iqtidar\u0131n \u015fanslar\u0131 xeyli azalm\u0131\u015f olacaq. Pa\u015finyan bunu ba\u015fa d\u00fc\u015f\u00fcr. D\u00fc\u015f\u00fcn\u00fcr\u0259m ki, o, se\u00e7kil\u0259r\u0259 q\u0259d\u0259r xalq\u0131 bu proses\u0259 haz\u0131rlama\u011fa \u00e7al\u0131caq.<\/p>\n<p>Z\u0259nnimc\u0259, Nikol Pa\u015finyan qar\u015f\u0131dan g\u0259l\u0259n parlament se\u00e7kil\u0259rind\u0259 qalib g\u0259ls\u0259, konstitusiya d\u0259yi\u015fikliyin\u0259 ged\u0259c\u0259k. Bundan sonra is\u0259 s\u00fclh sazi\u015fi \u00fc\u00e7\u00fcn he\u00e7 bir \u0259ng\u0259l qalmayacaq. Bu m\u0259nada g\u0259l\u0259n il s\u00fclh sazi\u015finin imzalanmas\u0131 \u00fc\u00e7\u00fcn real imkanlar var&#8221;.<\/p>\n<p><strong>Cavan\u015fir ABBASLI<\/strong><br \/>\n<strong>Musavat.com<\/strong><\/p>\n","protected":false},"excerpt":{"rendered":"<p>Xarici i\u015fl\u0259r naziri Ceyhun Bayramov g\u0259l\u0259n il Erm\u0259nistanla s\u00fclh perspektivin\u0259 inand\u0131\u011f\u0131n\u0131 b\u0259yan edib. Nazir bu bar\u0259d\u0259 \u0130TV-y\u0259 m\u00fcsahib\u0259sind\u0259 Erm\u0259nistanla m\u00fcnasib\u0259tl\u0259rin normalla\u015fmas\u0131 il\u0259 ba\u011fl\u0131 son iki ili n\u0259z\u0259r\u0259 almal\u0131 olduqlar\u0131n\u0131 deyib: &#8220;2020-2023-c\u00fc ild\u0259 Erm\u0259nistan t\u0259r\u0259find\u0259n he\u00e7 bir s\u0259mimi add\u0131m yox idi. Biz d\u0259 suverenliyimizin b\u0259rpas\u0131 \u00fc\u00e7\u00fcn add\u0131m-add\u0131m gedirdik v\u0259 2023-c\u00fc ild\u0259 bunu tam olaraq bitirdik. Bu yeni reall\u0131qlar\u0131 ba\u015fa d\u00fc\u015f\u0259n Erm\u0259nistan s\u00fclh sazi\u015fi \u00fc\u00e7\u00fcn h\u0259qiqi add\u0131mlar atma\u011fa ba\u015flad\u0131. Ona g\u00f6r\u0259 d\u0259 iki il m\u00fcdd\u0259tini g\u00f6t\u00fcrm\u0259liyik&#8221;. Ceyhun Bayramov\u00a0hesab edir ki, son iki ild\u0259 proqres v\u0259 son olaraq Va\u015finqton raz\u0131la\u015fmalar\u0131n\u0131n \u0259ld\u0259 olunmas\u0131 tarixi&hellip;<\/p>\n","protected":false},"author":2,"featured_media":833978,"comment_status":"closed","ping_status":"closed","sticky":false,"template":"","format":"standard","meta":{"om_disable_all_campaigns":false,"_monsterinsights_skip_tracking":false,"_monsterinsights_sitenote_active":false,"_monsterinsights_sitenote_note":"","_monsterinsights_sitenote_category":0},"categories":[4],"tags":[],"aioseo_notices":[],"gutentor_comment":0,"rttpg_featured_image_url":{"full":["https:\/\/arantv.az\/wp-content\/uploads\/2025\/11\/9a69b0fd6704ee51d85881b443dd8fbb.jpg",850,500,false],"landscape":["https:\/\/arantv.az\/wp-content\/uploads\/2025\/11\/9a69b0fd6704ee51d85881b443dd8fbb.jpg",850,500,false],"portraits":["https:\/\/arantv.az\/wp-content\/uploads\/2025\/11\/9a69b0fd6704ee51d85881b443dd8fbb.jpg",850,500,false],"thumbnail":["https:\/\/arantv.az\/wp-content\/uploads\/2025\/11\/9a69b0fd6704ee51d85881b443dd8fbb-500x280.jpg",500,280,true],"medium":["https:\/\/arantv.az\/wp-content\/uploads\/2025\/11\/9a69b0fd6704ee51d85881b443dd8fbb-621x365.jpg",621,365,true],"large":["https:\/\/arantv.az\/wp-content\/uploads\/2025\/11\/9a69b0fd6704ee51d85881b443dd8fbb-840x494.jpg",640,376,true],"1536x1536":["https:\/\/arantv.az\/wp-content\/uploads\/2025\/11\/9a69b0fd6704ee51d85881b443dd8fbb.jpg",850,500,false],"2048x2048":["https:\/\/arantv.az\/wp-content\/uploads\/2025\/11\/9a69b0fd6704ee51d85881b443dd8fbb.jpg",850,500,false],"post-thumbnail":["https:\/\/arantv.az\/wp-content\/uploads\/2025\/11\/9a69b0fd6704ee51d85881b443dd8fbb-240x172.jpg",240,172,true],"advps-thumb-one":["https:\/\/arantv.az\/wp-content\/uploads\/2025\/11\/9a69b0fd6704ee51d85881b443dd8fbb.jpg",850,500,false]},"rttpg_author":{"display_name":"V\u00fcsal Rafiqo\u011flu","author_link":"https:\/\/arantv.az\/?author=2"},"rttpg_comment":0,"rttpg_category":"<a href=\"https:\/\/arantv.az\/?cat=4\" rel=\"category\">Siyas\u0259t<\/a>","rttpg_excerpt":"Xarici i\u015fl\u0259r naziri Ceyhun Bayramov g\u0259l\u0259n il Erm\u0259nistanla s\u00fclh perspektivin\u0259 inand\u0131\u011f\u0131n\u0131 b\u0259yan edib. Nazir bu bar\u0259d\u0259 \u0130TV-y\u0259 m\u00fcsahib\u0259sind\u0259 Erm\u0259nistanla m\u00fcnasib\u0259tl\u0259rin normalla\u015fmas\u0131 il\u0259 ba\u011fl\u0131 son iki ili n\u0259z\u0259r\u0259 almal\u0131 olduqlar\u0131n\u0131 deyib: &#8220;2020-2023-c\u00fc ild\u0259 Erm\u0259nistan t\u0259r\u0259find\u0259n he\u00e7 bir s\u0259mimi add\u0131m yox idi. Biz d\u0259 suverenliyimizin b\u0259rpas\u0131 \u00fc\u00e7\u00fcn add\u0131m-add\u0131m gedirdik v\u0259 2023-c\u00fc ild\u0259 bunu tam olaraq bitirdik. Bu&hellip;","_links":{"self":[{"href":"https:\/\/arantv.az\/index.php?rest_route=\/wp\/v2\/posts\/833977"}],"collection":[{"href":"https:\/\/arantv.az\/index.php?rest_route=\/wp\/v2\/posts"}],"about":[{"href":"https:\/\/arantv.az\/index.php?rest_route=\/wp\/v2\/types\/post"}],"author":[{"embeddable":true,"href":"https:\/\/arantv.az\/index.php?rest_route=\/wp\/v2\/users\/2"}],"replies":[{"embeddable":true,"href":"https:\/\/arantv.az\/index.php?rest_route=%2Fwp%2Fv2%2Fcomments&post=833977"}],"version-history":[{"count":1,"href":"https:\/\/arantv.az\/index.php?rest_route=\/wp\/v2\/posts\/833977\/revisions"}],"predecessor-version":[{"id":833979,"href":"https:\/\/arantv.az\/index.php?rest_route=\/wp\/v2\/posts\/833977\/revisions\/833979"}],"wp:featuredmedia":[{"embeddable":true,"href":"https:\/\/arantv.az\/index.php?rest_route=\/wp\/v2\/media\/833978"}],"wp:attachment":[{"href":"https:\/\/arantv.az\/index.php?rest_route=%2Fwp%2Fv2%2Fmedia&parent=833977"}],"wp:term":[{"taxonomy":"category","embeddable":true,"href":"https:\/\/arantv.az\/index.php?rest_route=%2Fwp%2Fv2%2Fcategories&post=833977"},{"taxonomy":"post_tag","embeddable":true,"href":"https:\/\/arantv.az\/index.php?rest_route=%2Fwp%2Fv2%2Ftags&post=833977"}],"curies":[{"name":"wp","href":"https:\/\/api.w.org\/{rel}","templated":true}]}}