{"id":833980,"date":"2025-11-10T17:14:39","date_gmt":"2025-11-10T13:14:39","guid":{"rendered":"https:\/\/arantv.az\/?p=833980"},"modified":"2025-11-10T17:14:39","modified_gmt":"2025-11-10T13:14:39","slug":"tokayev-rusiyaya-s%c9%99f%c9%99r-ed%c9%99c%c9%99k","status":"publish","type":"post","link":"https:\/\/arantv.az\/?p=833980","title":{"rendered":"Tokayev Rusiyaya s\u0259f\u0259r ed\u0259c\u0259k"},"content":{"rendered":"<p>Qazax\u0131stan Prezidenti Kas\u0131m-Jomart Tokayev 11-12 noyabr tarixl\u0259rind\u0259 Rusiyaya d\u00f6vl\u0259t s\u0259f\u0259ri ed\u0259c\u0259k.<\/p>\n<p>&#8220;Report&#8221;un Kremlin m\u0259tbuat xidm\u0259tin\u0259 istinad\u0259n verdiyi m\u0259lumata g\u00f6r\u0259, s\u0259f\u0259r Rusiya Prezidenti Vladimir Putinin d\u0259v\u0259ti il\u0259 ba\u015f tutacaq.<\/p>\n<p>Dan\u0131\u015f\u0131qlar zaman\u0131 Rusiya-Qazax\u0131stan strateji t\u0259r\u0259fda\u015fl\u0131q v\u0259 m\u00fctt\u0259fiqlik m\u00fcnasib\u0259tl\u0259rinin siyasi, ticar\u0259t-iqtisadi v\u0259 m\u0259d\u0259ni-humanitar sah\u0259l\u0259rd\u0259 daha da inki\u015faf etdirilm\u0259sinin aktual m\u0259s\u0259l\u0259l\u0259ri, h\u0259m\u00e7inin regional v\u0259 qlobal g\u00fcnd\u0259min \u0259sas m\u00f6vzular\u0131 m\u00fczakir\u0259 edil\u0259c\u0259k.<\/p>\n<p>&#8220;S\u0259f\u0259r zaman\u0131 m\u00fch\u00fcm ikit\u0259r\u0259fli s\u0259n\u0259dl\u0259rin imzalanmas\u0131 planla\u015fd\u0131r\u0131l\u0131r&#8221;, &#8211; m\u0259lumatda qeyd edilib.<\/p>\n<p>Putin v\u0259 Tokayevin Qazax\u0131stan\u0131n Uralsk \u015f\u0259h\u0259rind\u0259 ke\u00e7iril\u0259c\u0259k Rusiya v\u0259 Qazax\u0131stan aras\u0131nda XXI Regional \u018fm\u0259kda\u015fl\u0131q Forumunun plenar iclas\u0131n\u0131n i\u015ftirak\u00e7\u0131lar\u0131na videokonferans format\u0131nda m\u00fcraci\u0259t ed\u0259c\u0259kl\u0259ri planla\u015fd\u0131r\u0131l\u0131r.<\/p>\n","protected":false},"excerpt":{"rendered":"<p>Qazax\u0131stan Prezidenti Kas\u0131m-Jomart Tokayev 11-12 noyabr tarixl\u0259rind\u0259 Rusiyaya d\u00f6vl\u0259t s\u0259f\u0259ri ed\u0259c\u0259k. &#8220;Report&#8221;un Kremlin m\u0259tbuat xidm\u0259tin\u0259 istinad\u0259n verdiyi m\u0259lumata g\u00f6r\u0259, s\u0259f\u0259r Rusiya Prezidenti Vladimir Putinin d\u0259v\u0259ti il\u0259 ba\u015f tutacaq. Dan\u0131\u015f\u0131qlar zaman\u0131 Rusiya-Qazax\u0131stan strateji t\u0259r\u0259fda\u015fl\u0131q v\u0259 m\u00fctt\u0259fiqlik m\u00fcnasib\u0259tl\u0259rinin siyasi, ticar\u0259t-iqtisadi v\u0259 m\u0259d\u0259ni-humanitar sah\u0259l\u0259rd\u0259 daha da inki\u015faf etdirilm\u0259sinin aktual m\u0259s\u0259l\u0259l\u0259ri, h\u0259m\u00e7inin regional v\u0259 qlobal g\u00fcnd\u0259min \u0259sas m\u00f6vzular\u0131 m\u00fczakir\u0259 edil\u0259c\u0259k. &#8220;S\u0259f\u0259r zaman\u0131 m\u00fch\u00fcm ikit\u0259r\u0259fli s\u0259n\u0259dl\u0259rin imzalanmas\u0131 planla\u015fd\u0131r\u0131l\u0131r&#8221;, &#8211; m\u0259lumatda qeyd edilib. Putin v\u0259 Tokayevin Qazax\u0131stan\u0131n Uralsk \u015f\u0259h\u0259rind\u0259 ke\u00e7iril\u0259c\u0259k Rusiya v\u0259 Qazax\u0131stan aras\u0131nda XXI Regional \u018fm\u0259kda\u015fl\u0131q Forumunun plenar iclas\u0131n\u0131n i\u015ftirak\u00e7\u0131lar\u0131na videokonferans format\u0131nda m\u00fcraci\u0259t ed\u0259c\u0259kl\u0259ri planla\u015fd\u0131r\u0131l\u0131r.<\/p>\n","protected":false},"author":2,"featured_media":833981,"comment_status":"closed","ping_status":"closed","sticky":false,"template":"","format":"standard","meta":{"om_disable_all_campaigns":false,"_monsterinsights_skip_tracking":false,"_monsterinsights_sitenote_active":false,"_monsterinsights_sitenote_note":"","_monsterinsights_sitenote_category":0},"categories":[7],"tags":[],"aioseo_notices":[],"gutentor_comment":0,"rttpg_featured_image_url":{"full":["https:\/\/arantv.az\/wp-content\/uploads\/2025\/11\/f9d0a3504b2e9b332de591fe3112b4ce.jpg",825,500,false],"landscape":["https:\/\/arantv.az\/wp-content\/uploads\/2025\/11\/f9d0a3504b2e9b332de591fe3112b4ce.jpg",825,500,false],"portraits":["https:\/\/arantv.az\/wp-content\/uploads\/2025\/11\/f9d0a3504b2e9b332de591fe3112b4ce.jpg",825,500,false],"thumbnail":["https:\/\/arantv.az\/wp-content\/uploads\/2025\/11\/f9d0a3504b2e9b332de591fe3112b4ce-500x280.jpg",500,280,true],"medium":["https:\/\/arantv.az\/wp-content\/uploads\/2025\/11\/f9d0a3504b2e9b332de591fe3112b4ce-602x365.jpg",602,365,true],"large":["https:\/\/arantv.az\/wp-content\/uploads\/2025\/11\/f9d0a3504b2e9b332de591fe3112b4ce.jpg",640,388,false],"1536x1536":["https:\/\/arantv.az\/wp-content\/uploads\/2025\/11\/f9d0a3504b2e9b332de591fe3112b4ce.jpg",825,500,false],"2048x2048":["https:\/\/arantv.az\/wp-content\/uploads\/2025\/11\/f9d0a3504b2e9b332de591fe3112b4ce.jpg",825,500,false],"post-thumbnail":["https:\/\/arantv.az\/wp-content\/uploads\/2025\/11\/f9d0a3504b2e9b332de591fe3112b4ce-240x172.jpg",240,172,true],"advps-thumb-one":["https:\/\/arantv.az\/wp-content\/uploads\/2025\/11\/f9d0a3504b2e9b332de591fe3112b4ce.jpg",825,500,false]},"rttpg_author":{"display_name":"V\u00fcsal Rafiqo\u011flu","author_link":"https:\/\/arantv.az\/?author=2"},"rttpg_comment":0,"rttpg_category":"<a href=\"https:\/\/arantv.az\/?cat=7\" rel=\"category\">D\u00fcnya<\/a>","rttpg_excerpt":"Qazax\u0131stan Prezidenti Kas\u0131m-Jomart Tokayev 11-12 noyabr tarixl\u0259rind\u0259 Rusiyaya d\u00f6vl\u0259t s\u0259f\u0259ri ed\u0259c\u0259k. &#8220;Report&#8221;un Kremlin m\u0259tbuat xidm\u0259tin\u0259 istinad\u0259n verdiyi m\u0259lumata g\u00f6r\u0259, s\u0259f\u0259r Rusiya Prezidenti Vladimir Putinin d\u0259v\u0259ti il\u0259 ba\u015f tutacaq. Dan\u0131\u015f\u0131qlar zaman\u0131 Rusiya-Qazax\u0131stan strateji t\u0259r\u0259fda\u015fl\u0131q v\u0259 m\u00fctt\u0259fiqlik m\u00fcnasib\u0259tl\u0259rinin siyasi, ticar\u0259t-iqtisadi v\u0259 m\u0259d\u0259ni-humanitar sah\u0259l\u0259rd\u0259 daha da inki\u015faf etdirilm\u0259sinin aktual m\u0259s\u0259l\u0259l\u0259ri, h\u0259m\u00e7inin regional v\u0259 qlobal g\u00fcnd\u0259min \u0259sas m\u00f6vzular\u0131 m\u00fczakir\u0259&hellip;","_links":{"self":[{"href":"https:\/\/arantv.az\/index.php?rest_route=\/wp\/v2\/posts\/833980"}],"collection":[{"href":"https:\/\/arantv.az\/index.php?rest_route=\/wp\/v2\/posts"}],"about":[{"href":"https:\/\/arantv.az\/index.php?rest_route=\/wp\/v2\/types\/post"}],"author":[{"embeddable":true,"href":"https:\/\/arantv.az\/index.php?rest_route=\/wp\/v2\/users\/2"}],"replies":[{"embeddable":true,"href":"https:\/\/arantv.az\/index.php?rest_route=%2Fwp%2Fv2%2Fcomments&post=833980"}],"version-history":[{"count":1,"href":"https:\/\/arantv.az\/index.php?rest_route=\/wp\/v2\/posts\/833980\/revisions"}],"predecessor-version":[{"id":833982,"href":"https:\/\/arantv.az\/index.php?rest_route=\/wp\/v2\/posts\/833980\/revisions\/833982"}],"wp:featuredmedia":[{"embeddable":true,"href":"https:\/\/arantv.az\/index.php?rest_route=\/wp\/v2\/media\/833981"}],"wp:attachment":[{"href":"https:\/\/arantv.az\/index.php?rest_route=%2Fwp%2Fv2%2Fmedia&parent=833980"}],"wp:term":[{"taxonomy":"category","embeddable":true,"href":"https:\/\/arantv.az\/index.php?rest_route=%2Fwp%2Fv2%2Fcategories&post=833980"},{"taxonomy":"post_tag","embeddable":true,"href":"https:\/\/arantv.az\/index.php?rest_route=%2Fwp%2Fv2%2Ftags&post=833980"}],"curies":[{"name":"wp","href":"https:\/\/api.w.org\/{rel}","templated":true}]}}