{"id":833983,"date":"2025-11-10T17:17:19","date_gmt":"2025-11-10T13:17:19","guid":{"rendered":"https:\/\/arantv.az\/?p=833983"},"modified":"2025-11-10T17:17:19","modified_gmt":"2025-11-10T13:17:19","slug":"separatcilarin-gerc%c9%99kl%c9%99s%c9%99n-cay-arzusu","status":"publish","type":"post","link":"https:\/\/arantv.az\/?p=833983","title":{"rendered":"Separat\u00e7\u0131lar\u0131n \u201cger\u00e7\u0259kl\u0259\u015f\u0259n \u00e7ay arzusu\u201d"},"content":{"rendered":"<p>1990-c\u0131 ill\u0259rin \u0259vv\u0259ll\u0259rind\u0259 Erm\u0259nistan\u0131n Az\u0259rbaycana qar\u015f\u0131 apard\u0131\u011f\u0131 i\u015f\u011fal\u00e7\u0131l\u0131q siyas\u0259ti n\u0259tic\u0259sind\u0259 torpaqlar\u0131m\u0131z\u0131n t\u0259xmin\u0259n 20 faizi i\u015f\u011fal alt\u0131na d\u00fc\u015fm\u00fc\u015fd\u00fc. Bir milyon Az\u0259rbaycan v\u0259t\u0259nda\u015f\u0131 qa\u00e7q\u0131n, k\u00f6\u00e7k\u00fcn v\u0259ziyy\u0259tin\u0259 sal\u0131nm\u0131\u015fd\u0131r. \u015e\u00fcbh\u0259siz, bu prosesd\u0259 o ill\u0259rd\u0259 hakimiyy\u0259ti z\u0259bt etmi\u015f \u00a0b\u0259dnam AXC-M\u00fcsavat c\u00fctl\u00fcy\u00fcn\u00fcn s\u0259ri\u015ft\u0259szliyi, q\u0259tiyy\u0259tsizliyi \u00f6n\u0259mli rol oynam\u0131\u015fd\u0131r. Yeri g\u0259lmi\u015fk\u0259n qeyd ed\u0259k ki, bu c\u00fctl\u00fcy\u00fcn hakimiyy\u0259ti d\u00f6vr\u00fcnd\u0259 \u00f6lk\u0259mizd\u0259 anarxiya, xaos, h\u0259rc-m\u0259rclik h\u00f6km s\u00fcr\u00fcrd\u00fc. Amma 1993-c\u00fc ild\u0259 xalq\u0131n t\u0259kidli t\u0259l\u0259bi il\u0259 \u00dcmummilli Lider Heyd\u0259r \u018fliyevin hakimiyy\u0259t\u0259 qay\u0131d\u0131\u015f\u0131ndan sonra Az\u0259rbaycan tarixind\u0259 yeni s\u0259hif\u0259 a\u00e7\u0131ld\u0131. Bel\u0259 ki, \u00f6lk\u0259mizin b\u00fct\u00fcn sah\u0259l\u0259rind\u0259, o c\u00fcml\u0259d\u0259n ordu quruculu\u011funda da m\u00fch\u00fcm nailiyy\u0259tl\u0259r \u0259ld\u0259 edildi. D\u00f6vl\u0259t s\u00fckan\u0131n\u0131 Ulu \u00d6nd\u0259rd\u0259n q\u0259bul ed\u0259n Prezident \u0130lham \u018fliyevin hakimiyy\u0259ti ill\u0259rind\u0259 is\u0259 Az\u0259rbaycan tarixd\u0259 olmayan \u015f\u0259kild\u0259 g\u00fccl\u0259nm\u0259y\u0259 nail oldu. H\u0259l\u0259 2003-c\u00fc ild\u0259 ilk d\u0259f\u0259 Az\u0259rbaycan Prezidenti v\u0259zif\u0259sin\u0259 se\u00e7il\u0259nd\u0259 b\u0259yan etmi\u015fdi ki, n\u0259yin bahas\u0131na olursa-olsun biz \u00f6z do\u011fma torpaqlar\u0131m\u0131z\u0131 azad ed\u0259c\u0259yik. V\u0259 etdi d\u0259. Bu m\u0259qamda Ulu \u00d6nd\u0259rin bu s\u00f6zl\u0259rini d\u0259 xat\u0131rlatmaq yerin\u0259 d\u00fc\u015f\u0259r: \u201cBiz he\u00e7 vaxt yol verm\u0259y\u0259c\u0259yik ki, Az\u0259rbaycan torpaqlar\u0131 i\u015f\u011fal alt\u0131nda qals\u0131n. Biz buna he\u00e7 vaxt yol verm\u0259y\u0259c\u0259yik! N\u0259yin bahas\u0131na olursa olsun, Az\u0259rbaycan\u0131n i\u015f\u011fal alt\u0131ndak\u0131 torpaqlar\u0131 azad edil\u0259c\u0259kdir!\u201d Bu is\u0259 o dem\u0259kdir ki, d\u00f6vl\u0259timizin ba\u015f\u00e7\u0131s\u0131 \u0259razil\u0259rimizi i\u015f\u011faldan azad etm\u0259kl\u0259, h\u0259m d\u0259 Ulu \u00d6nd\u0259rin arzusunu realla\u015fd\u0131rd\u0131.<\/p>\n<p><img src=\"https:\/\/ikisahil.az\/upload\/\/2025\/11\/10\/\/-b38e5ff5176277499137883240810016580.jpg\" alt=\"\" \/>Onu da vur\u011fulayaq ki, o zaman \u0259l\u0259 ke\u00e7irdikl\u0259ri il\u0259 kifay\u0259tl\u0259nm\u0259y\u0259n Erm\u0259nistan \u0130kinci Qaraba\u011f m\u00fcharib\u0259si \u0259r\u0259f\u0259sind\u0259 daha da az\u011f\u0131nla\u015fm\u0131\u015fd\u0131, h\u0259tta \u00f6lk\u0259miz\u0259 qar\u015f\u0131 yeni \u0259razi iddialar\u0131 il\u0259 \u00e7\u0131x\u0131\u015f etm\u0259y\u0259 ba\u015flam\u0131\u015fd\u0131. Noyabr\u0131n 8-d\u0259 Bak\u0131n\u0131n Azadl\u0131q meydan\u0131nda V\u0259t\u0259n m\u00fcharib\u0259sind\u0259 Q\u0259l\u0259b\u0259nin be\u015finci ild\u00f6n\u00fcm\u00fcn\u0259 h\u0259sr olunmu\u015f H\u0259rbi paradda Prezident \u0130lham \u018fliyevin \u00e7\u0131x\u0131\u015f\u0131 zaman\u0131 dediyi kimi,\u00a0 onlar bizi yeni m\u00fcharib\u0259 il\u0259 h\u0259d\u0259l\u0259yirdil\u0259r: \u201cH\u0259tta deyirdil\u0259r ki, onlar yeni torpaqlar u\u011frunda yeni m\u00fcharib\u0259 aparacaqlar v\u0259 Az\u0259rbaycan\u0131 tam i\u015f\u011fal ed\u0259c\u0259kl\u0259r. Deyirdil\u0259r ki, onlar\u0131n tanklar\u0131 Bak\u0131 k\u00fc\u00e7\u0259l\u0259rind\u0259 olacaq. Deyirdil\u0259r ki, onlar Bak\u0131da \u00e7ay i\u00e7\u0259c\u0259kl\u0259r. \u018fslind\u0259, onlar\u0131n bu arzular\u0131 h\u0259yata ke\u00e7di. Onlar\u0131 biz ger\u00e7\u0259kl\u0259\u015fdirdik. Onlar\u0131n tanklar\u0131 bu g\u00fcn H\u0259rbi Q\u0259nim\u0259tl\u0259r Park\u0131nda n\u00fcmayi\u015f etdirilir. Erm\u0259ni h\u0259rbi cinay\u0259tkarlar\u0131 bu g\u00fcn Bak\u0131da m\u0259hk\u0259m\u0259 qar\u015f\u0131s\u0131nda cavab verirl\u0259r v\u0259 istintaq t\u0259cridxanas\u0131nda Az\u0259rbaycan \u00e7ay\u0131n\u0131 i\u00e7irl\u0259r\u201d.<\/p>\n<p>Yeri g\u0259lmi\u015fk\u0259n qeyd ed\u0259k ki, d\u00f6vl\u0259timizin ba\u015f\u00e7\u0131s\u0131 buna ox\u015far fikirl\u0259ri 15 oktyabr 2023-c\u00fc ild\u0259 Xank\u0259ndi \u015f\u0259h\u0259rind\u0259 Az\u0259rbaycan Respublikas\u0131n\u0131n D\u00f6vl\u0259t Bayra\u011f\u0131n\u0131n\u0131 ucaldark\u0259n d\u0259 vur\u011fulam\u0131\u015fd\u0131. B\u0259li, M\u00fcz\u0259ff\u0259r Ali Ba\u015f Komandan\u0131 r\u0259hb\u0259rlik etdiyi Az\u0259rbaycan ordusu onlar\u0131n \u201carzular\u0131n\u0131 realla\u015fd\u0131rd\u0131\u201d.<\/p>\n<p>\u0130ki m\u0259s\u0259l\u0259ni d\u0259 g\u00fcnd\u0259m\u0259 g\u0259tir\u0259k. Bel\u0259 ki, \u00f6z\u00fcn\u00fc \u201cxarici i\u015fl\u0259r naziri\u201d adland\u0131rm\u0131\u015f bir separat\u00e7\u0131 &#8211; Davit Babayano vaxt kinay\u0259 il\u0259 deyirdi ki, Az\u0259rbaycan Bayra\u011f\u0131n\u0131 Xank\u0259ndid\u0259 qald\u0131rmaq ist\u0259yirs\u0259, s\u0259firlik a\u00e7s\u0131n bizim \u00f6lk\u0259mizd\u0259. Az\u0259rbaycan is\u0259 Xank\u0259ndiy\u0259 bayra\u011f\u0131n\u0131 sancmaqla onun simas\u0131nda b\u00fct\u00fcn erm\u0259nil\u0259r\u0259 yerini g\u00f6st\u0259rdi. Erm\u0259nil\u0259r \u201cYevlaxa q\u0259d\u0259r ged\u0259c\u0259yik\u201d demi\u015fdil\u0259r.\u00a0 Onlara el\u0259 g\u0259lirdi ki, h\u0259tta K\u00fcr\u00fc vurub ke\u00e7\u0259 bil\u0259rl\u0259r. G\u0259ldil\u0259r d\u0259\u2026 Amma r\u0259smi Bak\u0131dan imdad dil\u0259m\u0259y\u0259. N\u0259tic\u0259d\u0259 sular\u0131 s\u00fcz\u00fcl\u0259-s\u00fcz\u00fcl\u0259 g\u0259ldikl\u0259ri yer\u0259 qay\u0131td\u0131lar. Bununla da Yevlaxa q\u0259d\u0259r olan erm\u0259ni iddialar\u0131 el\u0259 Yevlaxda, K\u00fcr \u00e7ay\u0131n\u0131n sahilind\u0259 d\u0259fn edildi. 44 g\u00fcnl\u00fck sava\u015f ba\u015flamazdan \u00f6nc\u0259 K\u0259lb\u0259c\u0259rd\u0259 restoran yiy\u0259si olan bir erm\u0259ni Bak\u0131ya istiqam\u0259ti g\u00f6st\u0259r\u0259n l\u00f6vh\u0259y\u0259 i\u015far\u0259 ed\u0259r\u0259k yek\u0259-yek\u0259 deyirdi, el\u0259 el\u0259m\u0259yin, bu d\u0259f\u0259 Bak\u0131ya ged\u0259k. Amma Erm\u0259nistan\u0131n m\u0259\u011flubiyy\u0259tind\u0259n sonra h\u0259min erm\u0259ni restoran\u0131n\u0131 da yand\u0131rd\u0131. \u00d6z\u00fc is\u0259 g\u0259ldiyi yer\u0259 \u00fcz tutaraq qa\u00e7d\u0131.<\/p>\n<p><img src=\"https:\/\/ikisahil.az\/upload\/\/2025\/11\/10\/\/-4a3e009617627750198848644131091280.jpg\" alt=\"\" \/>Qa\u00e7maq demi\u015fk\u0259n, 44 g\u00fcnl\u00fck V\u0259t\u0259n m\u00fcharib\u0259si g\u00fcnl\u0259rind\u0259 Serjik Sarkisyan, Robert Ko\u00e7aryan, Seyran Ohanyan da Qaraba\u011fdan iti qovan kimi qovuldu. Xocal\u0131 soyq\u0131r\u0131m\u0131n\u0131 t\u00f6r\u0259tmi\u015f bu canil\u0259r \u0130kinci Qaraba\u011f m\u00fcharib\u0259si zaman\u0131 biziml\u0259 vuru\u015fma\u011fa Qaraba\u011fa g\u0259lmi\u015fdil\u0259r. D\u00f6vl\u0259timizin ba\u015f\u00e7\u0131s\u0131 \u0130lham \u018fliyevin s\u00f6zl\u0259ri il\u0259 des\u0259k, \u00fc\u00e7\u00fc d\u0259 bizim torpa\u011f\u0131m\u0131zdan dov\u015fan kimi qa\u00e7d\u0131, indi he\u00e7 biri he\u00e7 burnunu da soxa bilmir n\u0259 Xank\u0259ndiy\u0259, n\u0259 ba\u015fqa bir yer\u0259. \u015e\u00fcbh\u0259siz, onlar\u0131n da haz\u0131rda s\u00fclh v\u0259 insanl\u0131q \u0259leyhin\u0259 t\u00f6r\u0259tdikl\u0259ri \u0259m\u0259ll\u0259r\u0259 g\u00f6r\u0259 m\u00fchakim\u0259 olunan soyda\u015flar\u0131 &#8211; Arkadi Qukasyan, Bako Saakyan, Araik Arutyunyan, David \u0130\u015fxanyan v\u0259 dig\u0259rl\u0259ri kimi \u00e7ay i\u00e7m\u0259k arzusu \u00fcr\u0259kl\u0259rind\u0259 qalmayacaq. Qeyd ed\u0259k ki, art\u0131q erm\u0259ni ictimaiyy\u0259ti onlar\u0131 indi d\u0259 t\u0259xribatlara s\u0259sl\u0259y\u0259n bu separat\u00e7\u0131lar\u0131n \u0259lind\u0259n t\u0259ng\u0259 g\u0259libl\u0259r. \u015e\u00fcbh\u0259siz, bu m\u0259s\u0259l\u0259d\u0259 \u0130lham \u018fliyevin onlar\u0131n i\u00e7 \u00fczl\u0259rini a\u00e7an \u00e7\u0131x\u0131\u015flar\u0131 m\u00fch\u00fcm rol oynay\u0131b.<\/p>\n<p><strong>Qvami<\/strong>\u00a0<strong>M\u0259h\u0259bb\u0259to\u011flu<\/strong>, \u201c\u0130ki sahil\u201d<\/p>\n","protected":false},"excerpt":{"rendered":"<p>1990-c\u0131 ill\u0259rin \u0259vv\u0259ll\u0259rind\u0259 Erm\u0259nistan\u0131n Az\u0259rbaycana qar\u015f\u0131 apard\u0131\u011f\u0131 i\u015f\u011fal\u00e7\u0131l\u0131q siyas\u0259ti n\u0259tic\u0259sind\u0259 torpaqlar\u0131m\u0131z\u0131n t\u0259xmin\u0259n 20 faizi i\u015f\u011fal alt\u0131na d\u00fc\u015fm\u00fc\u015fd\u00fc. Bir milyon Az\u0259rbaycan v\u0259t\u0259nda\u015f\u0131 qa\u00e7q\u0131n, k\u00f6\u00e7k\u00fcn v\u0259ziyy\u0259tin\u0259 sal\u0131nm\u0131\u015fd\u0131r. \u015e\u00fcbh\u0259siz, bu prosesd\u0259 o ill\u0259rd\u0259 hakimiyy\u0259ti z\u0259bt etmi\u015f \u00a0b\u0259dnam AXC-M\u00fcsavat c\u00fctl\u00fcy\u00fcn\u00fcn s\u0259ri\u015ft\u0259szliyi, q\u0259tiyy\u0259tsizliyi \u00f6n\u0259mli rol oynam\u0131\u015fd\u0131r. Yeri g\u0259lmi\u015fk\u0259n qeyd ed\u0259k ki, bu c\u00fctl\u00fcy\u00fcn hakimiyy\u0259ti d\u00f6vr\u00fcnd\u0259 \u00f6lk\u0259mizd\u0259 anarxiya, xaos, h\u0259rc-m\u0259rclik h\u00f6km s\u00fcr\u00fcrd\u00fc. Amma 1993-c\u00fc ild\u0259 xalq\u0131n t\u0259kidli t\u0259l\u0259bi il\u0259 \u00dcmummilli Lider Heyd\u0259r \u018fliyevin hakimiyy\u0259t\u0259 qay\u0131d\u0131\u015f\u0131ndan sonra Az\u0259rbaycan tarixind\u0259 yeni s\u0259hif\u0259 a\u00e7\u0131ld\u0131. Bel\u0259 ki, \u00f6lk\u0259mizin b\u00fct\u00fcn sah\u0259l\u0259rind\u0259, o c\u00fcml\u0259d\u0259n ordu quruculu\u011funda da m\u00fch\u00fcm nailiyy\u0259tl\u0259r \u0259ld\u0259 edildi. D\u00f6vl\u0259t&hellip;<\/p>\n","protected":false},"author":2,"featured_media":833984,"comment_status":"closed","ping_status":"closed","sticky":false,"template":"","format":"standard","meta":{"om_disable_all_campaigns":false,"_monsterinsights_skip_tracking":false,"_monsterinsights_sitenote_active":false,"_monsterinsights_sitenote_note":"","_monsterinsights_sitenote_category":0},"categories":[19],"tags":[],"aioseo_notices":[],"gutentor_comment":0,"rttpg_featured_image_url":{"full":["https:\/\/arantv.az\/wp-content\/uploads\/2025\/11\/0b07c4aa176277489026354925310712525.jpg",975,540,false],"landscape":["https:\/\/arantv.az\/wp-content\/uploads\/2025\/11\/0b07c4aa176277489026354925310712525.jpg",975,540,false],"portraits":["https:\/\/arantv.az\/wp-content\/uploads\/2025\/11\/0b07c4aa176277489026354925310712525.jpg",975,540,false],"thumbnail":["https:\/\/arantv.az\/wp-content\/uploads\/2025\/11\/0b07c4aa176277489026354925310712525-500x280.jpg",500,280,true],"medium":["https:\/\/arantv.az\/wp-content\/uploads\/2025\/11\/0b07c4aa176277489026354925310712525-660x365.jpg",660,365,true],"large":["https:\/\/arantv.az\/wp-content\/uploads\/2025\/11\/0b07c4aa176277489026354925310712525-840x465.jpg",640,354,true],"1536x1536":["https:\/\/arantv.az\/wp-content\/uploads\/2025\/11\/0b07c4aa176277489026354925310712525.jpg",975,540,false],"2048x2048":["https:\/\/arantv.az\/wp-content\/uploads\/2025\/11\/0b07c4aa176277489026354925310712525.jpg",975,540,false],"post-thumbnail":["https:\/\/arantv.az\/wp-content\/uploads\/2025\/11\/0b07c4aa176277489026354925310712525-240x172.jpg",240,172,true],"advps-thumb-one":["https:\/\/arantv.az\/wp-content\/uploads\/2025\/11\/0b07c4aa176277489026354925310712525.jpg",975,540,false]},"rttpg_author":{"display_name":"V\u00fcsal Rafiqo\u011flu","author_link":"https:\/\/arantv.az\/?author=2"},"rttpg_comment":0,"rttpg_category":"<a href=\"https:\/\/arantv.az\/?cat=19\" rel=\"category\">G\u00fcnd\u0259m<\/a>","rttpg_excerpt":"1990-c\u0131 ill\u0259rin \u0259vv\u0259ll\u0259rind\u0259 Erm\u0259nistan\u0131n Az\u0259rbaycana qar\u015f\u0131 apard\u0131\u011f\u0131 i\u015f\u011fal\u00e7\u0131l\u0131q siyas\u0259ti n\u0259tic\u0259sind\u0259 torpaqlar\u0131m\u0131z\u0131n t\u0259xmin\u0259n 20 faizi i\u015f\u011fal alt\u0131na d\u00fc\u015fm\u00fc\u015fd\u00fc. Bir milyon Az\u0259rbaycan v\u0259t\u0259nda\u015f\u0131 qa\u00e7q\u0131n, k\u00f6\u00e7k\u00fcn v\u0259ziyy\u0259tin\u0259 sal\u0131nm\u0131\u015fd\u0131r. \u015e\u00fcbh\u0259siz, bu prosesd\u0259 o ill\u0259rd\u0259 hakimiyy\u0259ti z\u0259bt etmi\u015f \u00a0b\u0259dnam AXC-M\u00fcsavat c\u00fctl\u00fcy\u00fcn\u00fcn s\u0259ri\u015ft\u0259szliyi, q\u0259tiyy\u0259tsizliyi \u00f6n\u0259mli rol oynam\u0131\u015fd\u0131r. Yeri g\u0259lmi\u015fk\u0259n qeyd ed\u0259k ki, bu c\u00fctl\u00fcy\u00fcn hakimiyy\u0259ti d\u00f6vr\u00fcnd\u0259 \u00f6lk\u0259mizd\u0259 anarxiya, xaos, h\u0259rc-m\u0259rclik h\u00f6km&hellip;","_links":{"self":[{"href":"https:\/\/arantv.az\/index.php?rest_route=\/wp\/v2\/posts\/833983"}],"collection":[{"href":"https:\/\/arantv.az\/index.php?rest_route=\/wp\/v2\/posts"}],"about":[{"href":"https:\/\/arantv.az\/index.php?rest_route=\/wp\/v2\/types\/post"}],"author":[{"embeddable":true,"href":"https:\/\/arantv.az\/index.php?rest_route=\/wp\/v2\/users\/2"}],"replies":[{"embeddable":true,"href":"https:\/\/arantv.az\/index.php?rest_route=%2Fwp%2Fv2%2Fcomments&post=833983"}],"version-history":[{"count":1,"href":"https:\/\/arantv.az\/index.php?rest_route=\/wp\/v2\/posts\/833983\/revisions"}],"predecessor-version":[{"id":833985,"href":"https:\/\/arantv.az\/index.php?rest_route=\/wp\/v2\/posts\/833983\/revisions\/833985"}],"wp:featuredmedia":[{"embeddable":true,"href":"https:\/\/arantv.az\/index.php?rest_route=\/wp\/v2\/media\/833984"}],"wp:attachment":[{"href":"https:\/\/arantv.az\/index.php?rest_route=%2Fwp%2Fv2%2Fmedia&parent=833983"}],"wp:term":[{"taxonomy":"category","embeddable":true,"href":"https:\/\/arantv.az\/index.php?rest_route=%2Fwp%2Fv2%2Fcategories&post=833983"},{"taxonomy":"post_tag","embeddable":true,"href":"https:\/\/arantv.az\/index.php?rest_route=%2Fwp%2Fv2%2Ftags&post=833983"}],"curies":[{"name":"wp","href":"https:\/\/api.w.org\/{rel}","templated":true}]}}