{"id":833989,"date":"2025-11-10T17:19:53","date_gmt":"2025-11-10T13:19:53","guid":{"rendered":"https:\/\/arantv.az\/?p=833989"},"modified":"2025-11-10T17:19:53","modified_gmt":"2025-11-10T13:19:53","slug":"g%c9%99l%c9%99c%c9%99y%c9%99-n%c9%99f%c9%99s-aksiyasi-c%c9%99rciv%c9%99sind%c9%99-111-min-111-agac-%c9%99kil%c9%99c%c9%99k","status":"publish","type":"post","link":"https:\/\/arantv.az\/?p=833989","title":{"rendered":"\u201cG\u0259l\u0259c\u0259y\u0259 n\u0259f\u0259s!\u201d aksiyas\u0131 \u00e7\u0259r\u00e7iv\u0259sind\u0259 111 min\u202f111 a\u011fac \u0259kil\u0259c\u0259k"},"content":{"rendered":"<p>Qarda\u015f T\u00fcrkiy\u0259nin \u201cG\u0259l\u0259c\u0259y\u0259 n\u0259f\u0259s!\u201d \u00e7a\u011f\u0131r\u0131\u015f\u0131 il\u0259 h\u0259r il noyabr\u0131n 11-d\u0259 t\u0259\u015fkil olunan geni\u015fmiqyasl\u0131 a\u011fac\u0259km\u0259 aksiyas\u0131 art\u0131q Az\u0259rbaycanda \u0259n\u0259n\u0259y\u0259 \u00e7evrilib.<\/p>\n<p>Ekologiya v\u0259 T\u0259bii S\u0259rv\u0259tl\u0259r Nazirliyinin m\u0259tbuat katibi \u0130rad\u0259 \u0130brahimova\u00a0<strong>\u201c\u0130ki sahil\u201d\u0259<\/strong>\u00a0bildirib ki, bu il d\u0259 Az\u0259rbaycan qarda\u015f T\u00fcrkiy\u0259nin bu t\u0259\u015f\u0259bb\u00fcs\u00fcn\u00fc d\u0259st\u0259kl\u0259yir.<\/p>\n<p>\u201cEkologiya v\u0259 T\u0259bii S\u0259rv\u0259tl\u0259r Nazirliyinin t\u0259\u015fkilat\u00e7\u0131l\u0131\u011f\u0131 il\u0259 \u00f6lk\u0259mizin b\u00fct\u00fcn b\u00f6lg\u0259l\u0259rini \u0259hat\u0259 ed\u0259c\u0259k aksiya \u00e7\u0259r\u00e7iv\u0259sind\u0259 111\u202f min 111 \u0259d\u0259d a\u011fac \u0259kil\u0259c\u0259k. \u0130nan\u0131r\u0131q ki, \u0259kil\u0259n a\u011faclar g\u0259l\u0259c\u0259kd\u0259 geni\u015f ya\u015f\u0131ll\u0131q sah\u0259l\u0259rin\u0259 \u00e7evril\u0259r\u0259k, \u0259traf m\u00fchit\u0259 b\u00f6y\u00fck t\u00f6hf\u0259 olacaq\u201d, \u2013 dey\u0259 \u0130rad\u0259 \u0130brahimova qeyd edib.<\/p>\n<p>Nazirliyin s\u00f6z\u00e7\u00fcs\u00fc, bu il noyabr\u0131n 11-i istirah\u0259t g\u00fcn\u00fcn\u0259 d\u00fc\u015fd\u00fcy\u00fc \u00fc\u00e7\u00fcn Az\u0259rbaycanda aksiyan\u0131n noyabr\u0131n 12-d\u0259 ke\u00e7iril\u0259c\u0259yini diqq\u0259t\u0259 \u00e7atd\u0131r\u0131b: \u201cEkologiya v\u0259 T\u0259bii S\u0259rv\u0259tl\u0259r Nazirliyi r\u0259smil\u0259rinin v\u0259 \u0259m\u0259kda\u015flar\u0131n\u0131n, ekok\u00f6n\u00fcll\u00fcl\u0259rin i\u015ftirak\u0131 il\u0259 M\u00fc\u015ffiqabad q\u0259s\u0259b\u0259sind\u0259n ba\u015flanan a\u011fac\u0259km\u0259 aksiyas\u0131na T\u00fcrk D\u00f6vl\u0259tl\u0259ri T\u0259\u015fkilat\u0131 \u00f6lk\u0259l\u0259rinin \u00f6lk\u0259mizd\u0259ki s\u0259firlikl\u0259rinin n\u00fcmay\u0259nd\u0259l\u0259ri d\u0259 qat\u0131lacaq. M\u00fc\u015ffiqabadda 1\u202f111 \u0259d\u0259d a\u011fac \u0259kil\u0259c\u0259k\u201d.<\/p>\n","protected":false},"excerpt":{"rendered":"<p>Qarda\u015f T\u00fcrkiy\u0259nin \u201cG\u0259l\u0259c\u0259y\u0259 n\u0259f\u0259s!\u201d \u00e7a\u011f\u0131r\u0131\u015f\u0131 il\u0259 h\u0259r il noyabr\u0131n 11-d\u0259 t\u0259\u015fkil olunan geni\u015fmiqyasl\u0131 a\u011fac\u0259km\u0259 aksiyas\u0131 art\u0131q Az\u0259rbaycanda \u0259n\u0259n\u0259y\u0259 \u00e7evrilib. Ekologiya v\u0259 T\u0259bii S\u0259rv\u0259tl\u0259r Nazirliyinin m\u0259tbuat katibi \u0130rad\u0259 \u0130brahimova\u00a0\u201c\u0130ki sahil\u201d\u0259\u00a0bildirib ki, bu il d\u0259 Az\u0259rbaycan qarda\u015f T\u00fcrkiy\u0259nin bu t\u0259\u015f\u0259bb\u00fcs\u00fcn\u00fc d\u0259st\u0259kl\u0259yir. \u201cEkologiya v\u0259 T\u0259bii S\u0259rv\u0259tl\u0259r Nazirliyinin t\u0259\u015fkilat\u00e7\u0131l\u0131\u011f\u0131 il\u0259 \u00f6lk\u0259mizin b\u00fct\u00fcn b\u00f6lg\u0259l\u0259rini \u0259hat\u0259 ed\u0259c\u0259k aksiya \u00e7\u0259r\u00e7iv\u0259sind\u0259 111\u202f min 111 \u0259d\u0259d a\u011fac \u0259kil\u0259c\u0259k. \u0130nan\u0131r\u0131q ki, \u0259kil\u0259n a\u011faclar g\u0259l\u0259c\u0259kd\u0259 geni\u015f ya\u015f\u0131ll\u0131q sah\u0259l\u0259rin\u0259 \u00e7evril\u0259r\u0259k, \u0259traf m\u00fchit\u0259 b\u00f6y\u00fck t\u00f6hf\u0259 olacaq\u201d, \u2013 dey\u0259 \u0130rad\u0259 \u0130brahimova qeyd edib. Nazirliyin s\u00f6z\u00e7\u00fcs\u00fc, bu il noyabr\u0131n 11-i istirah\u0259t g\u00fcn\u00fcn\u0259 d\u00fc\u015fd\u00fcy\u00fc \u00fc\u00e7\u00fcn Az\u0259rbaycanda&hellip;<\/p>\n","protected":false},"author":2,"featured_media":833990,"comment_status":"closed","ping_status":"closed","sticky":false,"template":"","format":"standard","meta":{"om_disable_all_campaigns":false,"_monsterinsights_skip_tracking":false,"_monsterinsights_sitenote_active":false,"_monsterinsights_sitenote_note":"","_monsterinsights_sitenote_category":0},"categories":[1],"tags":[],"aioseo_notices":[],"gutentor_comment":0,"rttpg_featured_image_url":{"full":["https:\/\/arantv.az\/wp-content\/uploads\/2025\/11\/2a51262b176277549758529265710118413.jpg",975,540,false],"landscape":["https:\/\/arantv.az\/wp-content\/uploads\/2025\/11\/2a51262b176277549758529265710118413.jpg",975,540,false],"portraits":["https:\/\/arantv.az\/wp-content\/uploads\/2025\/11\/2a51262b176277549758529265710118413.jpg",975,540,false],"thumbnail":["https:\/\/arantv.az\/wp-content\/uploads\/2025\/11\/2a51262b176277549758529265710118413-500x280.jpg",500,280,true],"medium":["https:\/\/arantv.az\/wp-content\/uploads\/2025\/11\/2a51262b176277549758529265710118413-660x365.jpg",660,365,true],"large":["https:\/\/arantv.az\/wp-content\/uploads\/2025\/11\/2a51262b176277549758529265710118413-840x465.jpg",640,354,true],"1536x1536":["https:\/\/arantv.az\/wp-content\/uploads\/2025\/11\/2a51262b176277549758529265710118413.jpg",975,540,false],"2048x2048":["https:\/\/arantv.az\/wp-content\/uploads\/2025\/11\/2a51262b176277549758529265710118413.jpg",975,540,false],"post-thumbnail":["https:\/\/arantv.az\/wp-content\/uploads\/2025\/11\/2a51262b176277549758529265710118413-240x172.jpg",240,172,true],"advps-thumb-one":["https:\/\/arantv.az\/wp-content\/uploads\/2025\/11\/2a51262b176277549758529265710118413.jpg",975,540,false]},"rttpg_author":{"display_name":"V\u00fcsal Rafiqo\u011flu","author_link":"https:\/\/arantv.az\/?author=2"},"rttpg_comment":0,"rttpg_category":"<a href=\"https:\/\/arantv.az\/?cat=1\" rel=\"category\">C\u0259miyy\u0259t<\/a>","rttpg_excerpt":"Qarda\u015f T\u00fcrkiy\u0259nin \u201cG\u0259l\u0259c\u0259y\u0259 n\u0259f\u0259s!\u201d \u00e7a\u011f\u0131r\u0131\u015f\u0131 il\u0259 h\u0259r il noyabr\u0131n 11-d\u0259 t\u0259\u015fkil olunan geni\u015fmiqyasl\u0131 a\u011fac\u0259km\u0259 aksiyas\u0131 art\u0131q Az\u0259rbaycanda \u0259n\u0259n\u0259y\u0259 \u00e7evrilib. Ekologiya v\u0259 T\u0259bii S\u0259rv\u0259tl\u0259r Nazirliyinin m\u0259tbuat katibi \u0130rad\u0259 \u0130brahimova\u00a0\u201c\u0130ki sahil\u201d\u0259\u00a0bildirib ki, bu il d\u0259 Az\u0259rbaycan qarda\u015f T\u00fcrkiy\u0259nin bu t\u0259\u015f\u0259bb\u00fcs\u00fcn\u00fc d\u0259st\u0259kl\u0259yir. \u201cEkologiya v\u0259 T\u0259bii S\u0259rv\u0259tl\u0259r Nazirliyinin t\u0259\u015fkilat\u00e7\u0131l\u0131\u011f\u0131 il\u0259 \u00f6lk\u0259mizin b\u00fct\u00fcn b\u00f6lg\u0259l\u0259rini \u0259hat\u0259 ed\u0259c\u0259k aksiya \u00e7\u0259r\u00e7iv\u0259sind\u0259 111\u202f min&hellip;","_links":{"self":[{"href":"https:\/\/arantv.az\/index.php?rest_route=\/wp\/v2\/posts\/833989"}],"collection":[{"href":"https:\/\/arantv.az\/index.php?rest_route=\/wp\/v2\/posts"}],"about":[{"href":"https:\/\/arantv.az\/index.php?rest_route=\/wp\/v2\/types\/post"}],"author":[{"embeddable":true,"href":"https:\/\/arantv.az\/index.php?rest_route=\/wp\/v2\/users\/2"}],"replies":[{"embeddable":true,"href":"https:\/\/arantv.az\/index.php?rest_route=%2Fwp%2Fv2%2Fcomments&post=833989"}],"version-history":[{"count":1,"href":"https:\/\/arantv.az\/index.php?rest_route=\/wp\/v2\/posts\/833989\/revisions"}],"predecessor-version":[{"id":833991,"href":"https:\/\/arantv.az\/index.php?rest_route=\/wp\/v2\/posts\/833989\/revisions\/833991"}],"wp:featuredmedia":[{"embeddable":true,"href":"https:\/\/arantv.az\/index.php?rest_route=\/wp\/v2\/media\/833990"}],"wp:attachment":[{"href":"https:\/\/arantv.az\/index.php?rest_route=%2Fwp%2Fv2%2Fmedia&parent=833989"}],"wp:term":[{"taxonomy":"category","embeddable":true,"href":"https:\/\/arantv.az\/index.php?rest_route=%2Fwp%2Fv2%2Fcategories&post=833989"},{"taxonomy":"post_tag","embeddable":true,"href":"https:\/\/arantv.az\/index.php?rest_route=%2Fwp%2Fv2%2Ftags&post=833989"}],"curies":[{"name":"wp","href":"https:\/\/api.w.org\/{rel}","templated":true}]}}