{"id":834009,"date":"2025-11-10T18:00:00","date_gmt":"2025-11-10T14:00:00","guid":{"rendered":"https:\/\/arantv.az\/?p=834009"},"modified":"2025-11-10T18:00:00","modified_gmt":"2025-11-10T14:00:00","slug":"azadliq-meydaninda-icil%c9%99n-and","status":"publish","type":"post","link":"https:\/\/arantv.az\/?p=834009","title":{"rendered":"Azadl\u0131q meydan\u0131nda i\u00e7il\u0259n AND"},"content":{"rendered":"<p><strong>R\u0259hb\u0259rlik etdiyi qarda\u015f xalqa v\u0259 d\u00f6vl\u0259t\u0259 \u201cAz\u0259rbaycan\u0131n sevinci bizim sevincimiz, k\u0259d\u0259ri bizim k\u0259d\u0259rimizdir\u201d n\u0259sih\u0259t v\u0259 v\u0259siyy\u0259tini \u0259man\u0259t etmi\u015f T\u00fcrkiy\u0259 C\u00fcmhuriyy\u0259tinin qurucusu Qazi Mustafa Kamal Atat\u00fcrk v\u0259fat\u0131n\u0131n 87-ci ild\u00f6n\u00fcm\u00fcnd\u0259 Az\u0259rbaycanda da b\u00f6y\u00fck say\u011f\u0131 v\u0259 minn\u0259tl\u0259 an\u0131l\u0131r. T\u00fcrkiy\u0259 v\u0259 Az\u0259rbaycan\u0131 bir-birin\u0259 ba\u011flayan o q\u0259d\u0259r tell\u0259r var ki&#8230; \u201cBir mill\u0259t, iki d\u00f6vl\u0259t\u201din aras\u0131ndak\u0131 Turan k\u00f6rp\u00fcs\u00fc \u2013 Z\u0259ng\u0259zur d\u0259hlizi 105 il \u00f6nc\u0259 qapad\u0131lsa bel\u0259, torpaqlar\u0131m\u0131z ya\u011fmalansa bel\u0259, qanl\u0131 sovet imperiyas\u0131 m\u00f6vcud oldu\u011fu d\u00f6n\u0259md\u0259 iki qarda\u015f xalq aras\u0131ndak\u0131 m\u0259n\u0259vi ba\u011fl\u0131l\u0131qlar\u0131 q\u0131ra bilm\u0259di. \u00c7ox ke\u00e7m\u0259y\u0259c\u0259k, Z\u0259ng\u0259zur d\u0259hlizi, Turan qap\u0131s\u0131 yenid\u0259n a\u00e7\u0131lacaq, art\u0131q buna kims\u0259nin \u015f\u00fcbh\u0259si qalmay\u0131b.<\/strong><\/p>\n<p><strong>8 Noyabr 2025-ci ild\u0259 V\u0259t\u0259n m\u00fcharib\u0259sind\u0259 qazand\u0131\u011f\u0131m\u0131z \u015fanl\u0131 Z\u0259f\u0259rin 5-ci ild\u00f6\u00fcm\u00fcn\u0259 h\u0259sr olunmu\u015f h\u0259rbi paradda yen\u0259 d\u0259 iki T\u00fcrk lider yana\u015f\u0131 dayanm\u0131\u015fd\u0131lar.\u00a0<\/strong>H\u0259m\u00e7inin \u00e7\u0259tin g\u00fcn\u00fcn dostu oldu\u011funu tarix boyunca isbatlam\u0131\u015f Pakistan\u0131n Ba\u015f naziri d\u0259 \u015f\u0259r\u0259f tribunas\u0131ndayd\u0131. T\u0259sad\u00fcfi deyildi ki, Az\u0259rbaycan Prezidenti, Silahl\u0131 Q\u00fcvv\u0259l\u0259rimizin Ali Ba\u015f Komandan\u0131 \u0130lham \u018fliyev h\u0259rbi paraddak\u0131 \u00e7\u0131x\u0131\u015f\u0131n\u0131 Az\u0259rbaycan xalq\u0131n\u0131 \u015fanl\u0131 Z\u0259f\u0259rimizin be\u015finci ild\u00f6n\u00fcm\u00fc m\u00fcnasib\u0259til\u0259 \u00fcr\u0259kd\u0259n t\u0259brikl\u0259 v\u0259 d\u0259v\u0259tini q\u0259bul ed\u0259n qarda\u015f \u00f6lk\u0259l\u0259rin r\u0259hb\u0259rl\u0259rini, n\u00fcmay\u0259nd\u0259 hey\u0259tl\u0259rini s\u0259mimiyy\u0259tl\u0259 salamlamaqla ba\u015flad\u0131.<\/p>\n<p><img loading=\"lazy\" src=\"https:\/\/cdn.musavat.com\/news\/images\/Ayten\/XSn1OfnhXcrSxOcVR6I9yapNoYA9ldfjfvbbtNWm_825.jpg\" alt=\"XSn1OfnhXcrSxOcVR6I9yapNoYA9ldfjfvbbtNWm_825.jpg (141 KB)\" width=\"700\" height=\"467\" \/><\/p>\n<p><strong>C\u0259nab Prezidentin T\u00fcrkiy\u0259 C\u00fcmhuriyy\u0259tinin lideri haqq\u0131nda dedikl\u0259ri s\u0259mimiyy\u0259tin, y\u00fcks\u0259k qiym\u0259t v\u0259 ehtiram\u0131n g\u00f6st\u0259ricisidir. Sitat:<\/strong>\u00a0\u201cBu g\u00fcn bizim paradda \u018fziz qarda\u015f\u0131m, T\u00fcrkiy\u0259 C\u00fcmhuriyy\u0259tinin c\u00fcmhurba\u015fqan\u0131 h\u00f6rm\u0259tli R\u0259c\u0259b Tayyib \u018frdo\u011fan i\u015ftirak edir. \u018fziz qarda\u015f\u0131m \u0130kinci Qaraba\u011f m\u00fcharib\u0259sinin ilk saatlar\u0131ndan ba\u015flayaraq Az\u0259rbaycana, Az\u0259rbaycan xalq\u0131na, Az\u0259rbaycan Ordusuna \u00f6z d\u0259st\u0259yini g\u00f6st\u0259rirdi. Onun verdiyi siyasi v\u0259 m\u0259n\u0259vi d\u0259st\u0259k biz\u0259 \u0259lav\u0259 g\u00fcc verirdi, bizi ruhland\u0131r\u0131rd\u0131. Qarda\u015f T\u00fcrkiy\u0259 xalq\u0131 h\u00f6rm\u0259tli Prezident \u018frdo\u011fan\u0131n liderliyi il\u0259 Az\u0259rbaycana m\u00fcnt\u0259z\u0259m olaraq d\u0259st\u0259k g\u00f6st\u0259rmi\u015fdir. M\u00fcharib\u0259 zaman\u0131 onun \u201cAz\u0259rbaycan t\u0259k deyil, T\u00fcrkiy\u0259 Az\u0259rbaycan\u0131n yan\u0131ndad\u0131r!\u201d dem\u0259si b\u00fct\u00fcn d\u00fcnyaya \u00e7ox ciddi mesaj idi. Az\u0259rbaycan xalq\u0131 bu qarda\u015f d\u0259st\u0259yini he\u00e7 vaxt unutmayacaq\u201d.<\/p>\n<p><img loading=\"lazy\" src=\"https:\/\/cdn.musavat.com\/news\/images\/Ayten\/%C4%B0%C4%B0%C4%B0%C4%B0%C4%B0%C4%B0%C4%B0%C4%B0.jpg\" alt=\"\u0130\u0130\u0130\u0130\u0130\u0130\u0130\u0130.jpg (86 KB)\" width=\"700\" height=\"467\" \/><\/p>\n<p><strong>T\u00fcrkiy\u0259 Prezidentinin 2020-ci\u00a0 ilin Tovuz d\u00f6y\u00fc\u015fl\u0259ri zaman\u0131 \u201cBu, Erm\u0259nistan\u0131n boyunu a\u015fan h\u00fccumdur\u201d, dey\u0259r\u0259k Erm\u0259nistan\u0131n havadarlar\u0131na x\u0259b\u0259rdarl\u0131q etm\u0259si, Az\u0259rbaycana birm\u0259nal\u0131 d\u0259st\u0259yini davaml\u0131 \u015f\u0259kild\u0259 xat\u0131rlatmas\u0131, hakim komandan\u0131n t\u0259msil\u00e7il\u0259rinn davaml\u0131 \u015f\u0259kild\u0259 Bak\u0131ya s\u0259f\u0259rl\u0259ri, h\u0259m\u00e7inin V\u0259t\u0259n m\u00fcharib\u0259sinin ilk g\u00fcnl\u0259rind\u0259n T\u00fcrkiy\u0259nin \u201cF-16\u201d-lar\u0131n\u0131n G\u0259nc\u0259 yax\u0131nl\u0131\u011f\u0131na enm\u0259si bir \u00e7oxlar\u0131n\u0131n \u201ck\u00fcrk\u00fcn\u0259 bir\u0259 salm\u0131\u015fd\u0131.\u201d<\/strong>\u00a0Bu, bir ba\u015fqa T\u00fcrkiy\u0259 idi, 90-c\u0131 ill\u0259rd\u0259 sovet tanklar\u0131n\u0131n Bak\u0131da t\u00f6r\u0259tdiyi q\u0131r\u011f\u0131na s\u0259ssiz qalan, K\u0259lb\u0259c\u0259r i\u015f\u011fal olunan zaman m\u00fclki sakinl\u0259ri m\u00fchasir\u0259d\u0259n \u00e7\u0131xartmaqdan \u00f6tr\u00fc helikopter verm\u0259y\u0259 bel\u0259, c\u0259sar\u0259ti \u00e7atmayan NATO \u00f6lk\u0259sind\u0259n f\u0259rqli bir T\u00fcrkiy\u0259!<\/p>\n<p><img loading=\"lazy\" src=\"https:\/\/cdn.musavat.com\/news\/images\/Ayten\/rjjITy5WauKX6SR7iZvesjQjq4hw81ssHZnQNRYj_825.jpg\" alt=\"rjjITy5WauKX6SR7iZvesjQjq4hw81ssHZnQNRYj_825.jpg (72 KB)\" width=\"700\" height=\"467\" \/><\/p>\n<p>Q\u0131sa m\u00fcdd\u0259td\u0259 iki qarda\u015f \u00f6lk\u0259 \u0259sr\u0259 b\u0259rab\u0259r yol ke\u00e7dil\u0259r. D\u00f6vl\u0259timizin ba\u015f\u00e7\u0131s\u0131 da m\u0259mnunluqla xat\u0131rlatd\u0131: \u201cM\u00fcharib\u0259d\u0259n v\u0259 \u015fanl\u0131 Z\u0259f\u0259rimizd\u0259n bir il sonra tarixi \u015eu\u015fa \u015f\u0259h\u0259rind\u0259 T\u00fcrkiy\u0259 v\u0259 Az\u0259rbaycan prezidentl\u0259ri \u015eu\u015fa B\u0259yannam\u0259sini imzalayaraq bizim \u0259laq\u0259l\u0259rimizi \u0259n y\u00fcks\u0259k zirv\u0259y\u0259 &#8211; m\u00fctt\u0259fiqlik s\u0259viyy\u0259sin\u0259 qald\u0131rm\u0131\u015flar\u201d. M\u0259hz bu m\u00fcbar\u0259k yola g\u00f6r\u0259 Azadl\u0131q meydan\u0131nda ke\u00e7iril\u0259n H\u0259rbi paradda T\u00fcrkiy\u0259 h\u0259rb\u00e7il\u0259rinin i\u015ftirak\u0131 birliyimizin n\u00f6vb\u0259ti t\u0259zah\u00fcr\u00fc \u00a0idi. 44 g\u00fcnl\u00fck V\u0259t\u0259n M\u00fcharib\u0259sind\u0259n sonrak\u0131 ilk ke\u00e7idd\u0259, 5 il bundan \u0259vv\u0259lki Z\u0259f\u0259r parad\u0131nda da c\u0259nab R\u0259c\u0259b Tayyib \u018frdo\u011fan Az\u0259rbaycan Prezidenti il\u0259 b\u0259rab\u0259r idi. V\u0259 q\u0259l\u0259b\u0259nin ilk yubileyind\u0259 d\u0259 bir yerd\u0259 dost-d\u00fc\u015fm\u0259n\u0259 mesaj verdil\u0259r.<\/p>\n<p><img loading=\"lazy\" src=\"https:\/\/cdn.musavat.com\/news\/images\/Ayten\/9OokfWWco8niP2AjINS4TqOrtHZp8cShFBxE7n3W_825.jpg\" alt=\"9OokfWWco8niP2AjINS4TqOrtHZp8cShFBxE7n3W_825.jpg (87 KB)\" width=\"700\" height=\"467\" \/><\/p>\n<p><strong>Eyni zamanda qarda\u015f Pakistan\u0131n Ba\u015f naziri M\u0259h\u0259mm\u0259d \u015eahbaz \u015e\u0259rifin f\u0259xri qonaqlar s\u0131ras\u0131nda olmas\u0131 m\u0259mnunluqla qar\u015f\u0131land\u0131, d\u00f6vl\u0259t ba\u015f\u00e7\u0131m\u0131z da \u00e7\u0131x\u0131\u015f\u0131nda onun ad\u0131n\u0131 x\u00fcsusil\u0259 vur\u011fulad\u0131.<\/strong>\u00a0Sitat: \u201cPakistan d\u00f6vl\u0259ti v\u0259 xalq\u0131 44 g\u00fcnl\u00fck V\u0259t\u0259n m\u00fcharib\u0259si zaman\u0131 Az\u0259rbaycana d\u0259st\u0259k v\u0259 h\u0259mr\u0259ylik g\u00f6st\u0259rmi\u015fdir. Bu g\u00fcn ilk d\u0259f\u0259 olaraq Azadl\u0131q meydan\u0131nda Pakistan h\u0259rb\u00e7il\u0259ri d\u0259 biziml\u0259 b\u0259rab\u0259r i\u015ftirak edirl\u0259r. Bu, \u00fc\u00e7 \u00f6lk\u0259nin &#8211; Az\u0259rbaycan, T\u00fcrkiy\u0259, Pakistan xalqlar\u0131n\u0131n, ordular\u0131n\u0131n birliyinin t\u0259zah\u00fcr\u00fcd\u00fcr\u201d. Pakistan Erm\u0259nistan\u0131n i\u015f\u011fal\u00e7\u0131 siyas\u0259tinin qar\u015f\u0131l\u0131\u011f\u0131nda onu bir d\u00f6vl\u0259t kimi tan\u0131mayan t\u0259k d\u00f6vl\u0259t oldu! M\u00fcs\u0259lman d\u00fcnyas\u0131n\u0131n n\u00fcv\u0259 d\u00f6vl\u0259tinin s\u0259rgil\u0259diyi prinsipiall\u0131q bir \u00e7oxlar\u0131 \u00fc\u00e7\u00fcn n\u00fcmun\u0259 idi. Yaln\u0131z Az\u0259rbaycan \u0259razi b\u00fct\u00f6vl\u00fcy\u00fcn\u00fc t\u0259min etdikd\u0259n sonra Pakistan Erm\u0259nistanla \u0259m\u0259kda\u015fl\u0131q istiqam\u0259tind\u0259 add\u0131m atd\u0131. Bu n\u00fcmun\u0259l\u0259r tarixin \u015f\u0259r\u0259f l\u00f6vh\u0259sind\u0259 daim qalacaq v\u0259 h\u00f6rm\u0259tl\u0259 xat\u0131rlanacaq, nec\u0259 ki, Az\u0259rbaycan o\u011fullar\u0131n\u0131n canlar\u0131-qanlar\u0131 hesan\u0131na \u00c7anaqqala z\u0259f\u0259rinin qazan\u0131lmas\u0131nda i\u015ftirak\u0131, Nuru pa\u015fa v\u0259 Qafqaz \u0130slam Ordusunun Az\u0259rbaycan\u0131n da\u015fnaklardan v\u0259 bol\u015fevikl\u0259rd\u0259n azad edilm\u0259si kimi unudulmaz n\u00fcmun\u0259l\u0259r f\u0259xar\u0259tl\u0259 dil\u0259 g\u0259tirilir. Bu, \u00fc\u00e7 qarda\u015f \u015fad g\u00fcnd\u0259 d\u0259, a\u011f\u0131r d\u00f6n\u0259ml\u0259rd\u0259 d\u0259 bir-birin\u0259 arxa-dayaq oldular v\u0259 bu birg\u0259lik \u0259b\u0259diyy\u0259t\u0259 q\u0259d\u0259r davam ed\u0259c\u0259k! M\u00f6ht\u0259\u015f\u0259m \u00fc\u00e7l\u00fck: n\u00fcv\u0259 \u00f6lk\u0259si, NATO d\u00f6vl\u0259ti, 21-ci \u0259srd\u0259 \u0259razi b\u00fct\u00f6vl\u00fcy\u00fcn\u00fc t\u0259kba\u015f\u0131na azad etmi\u015f t\u0259k D\u00f6vl\u0259t! H\u0259r iki \u00f6lk\u0259nin r\u0259hb\u0259rinin Bak\u0131dak\u0131 H\u0259rbi paradda i\u015ftirak\u0131 qarda\u015fl\u0131\u011f\u0131m\u0131z\u0131n n\u00fcmun\u0259si v\u0259 \u0259b\u0259diya\u015farl\u0131\u011f\u0131n\u0131n t\u0259zah\u00fcr\u00fcd\u00fcr. Bundan \u0259vv\u0259l 3 lider azad La\u00e7\u0131nda bir araya g\u0259lmi\u015fdil\u0259r, La\u00e7\u0131n y\u00fcks\u0259klikl\u0259rind\u0259n dost-d\u00fc\u015fm\u0259n\u0259 ismar\u0131\u015flar yollam\u0131\u015fd\u0131lar.<\/p>\n<p><strong>Pakistan v\u0259 T\u00fcrkiy\u0259 ali n\u00fcmay\u0259nd\u0259 hey\u0259tl\u0259rind\u0259n \u0259lav\u0259 g\u0259l\u0259n dig\u0259r dost \u00f6lk\u0259l\u0259rd\u0259n d\u0259 y\u00fcks\u0259k s\u0259viyy\u0259li qonaqlar izl\u0259dil\u0259r h\u0259rbi parad\u0131. Siyah\u0131ya diqq\u0259t ed\u0259k:<\/strong>\u00a0Slovakiya- Ba\u015f nazirin m\u00fcavini, m\u00fcdafi\u0259 naziri, S\u0259udiyy\u0259 \u018fr\u0259bistan\u0131 &#8211; m\u00fcdafi\u0259 nazirinin m\u00fcavini, Serbiya &#8211; Ba\u015f q\u0259rargah r\u0259isi, Q\u0131r\u011f\u0131z\u0131stan &#8211; m\u00fcdafi\u0259 naziri, Qazax\u0131stan &#8211; m\u00fcdafi\u0259 naziri, \u00d6zb\u0259kustan &#8211; m\u00fcdafi nazirinin \u00a0m\u00fcavini s\u0259viyy\u0259sind\u0259 t\u0259msil olunurdular. Bir m\u00fcdd\u0259t \u00f6nc\u0259 T\u00fcrk D\u00f6vl\u0259tl\u0259r T\u0259\u015fkilat\u0131 Q\u0259b\u0259l\u0259 Zirv\u0259sin\u0259 topla\u015fm\u0131\u015fd\u0131, oradan da vacib mesajlar verilmi\u015fdi dost-d\u00fc\u015fm\u0259n\u0259. Amma Q\u0259b\u0259l\u0259 Zirv\u0259si kimi, Bak\u0131da ke\u00e7iril\u0259n h\u0259rbi parad da kimis\u0259 t\u0259hdid xarakteri da\u015f\u0131m\u0131rd\u0131. 21-ci \u0259srin silah, texnikalar\u0131n\u0131n, Az\u0259rbaycan ordusunun q\u00fcdr\u0259tinin, xalq\u0131n\u0131n m\u0259tinliyinin n\u00fcmayi\u015fi d\u00f6vl\u0259timiz\u0259 v\u0259 dost-qarda\u015f \u00f6lk\u0259l\u0259rimiz\u0259 b\u0259d niyy\u0259tl\u0259rl\u0259 baxmaq ist\u0259y\u0259nl\u0259r\u0259 x\u0259b\u0259rdarl\u0131q xarakterli g\u00f6st\u0259ri idi. B\u0259li, bir daha kims\u0259 biziml\u0259 t\u0259hdid dilind\u0259 dan\u0131\u015fma\u011fa c\u00fcr\u0259t etm\u0259sin, \u0259ks halda, Ali Ba\u015f Komandan\u0131n dediyi kimi, \u201cpe\u015fman olacaqlar!\u201d<\/p>\n<p>T\u00fcrkiy\u0259 Prezidenti R.T.\u018frdo\u011fan 86 milyonluq T\u00fcrkiy\u0259 xalq\u0131n\u0131n salamlar\u0131n\u0131 \u015f\u0259r\u0259f tribunas\u0131ndan s\u0259sl\u0259ndirm\u0259kl\u0259 yana\u015f\u0131, \u015fanl\u0131 q\u0259l\u0259b\u0259miz\u0259 verdiyi b\u00f6y\u00fck qiym\u0259ti bu \u015f\u0259kild\u0259 izhar etdi: \u201c\u0130st\u0259yir\u0259m bil\u0259siniz ki, Qaraba\u011f\u0131n azadl\u0131\u011fa qovu\u015fmas\u0131 t\u0259kc\u0259 Az\u0259rbaycan \u00fc\u00e7\u00fcn deyil, T\u00fcrk d\u00fcnyas\u0131 \u00fc\u00e7\u00fcn d\u0259 b\u00f6y\u00fck bir q\u00fcrur m\u0259nb\u0259yidir. Az\u0259rbaycan Ordusunun Qaraba\u011f torpa\u011f\u0131nda atd\u0131\u011f\u0131 h\u0259r add\u0131m, istiqlal v\u0259 \u015f\u0259r\u0259f u\u011frunda t\u00f6k\u00fcl\u0259n h\u0259r damla qan T\u00fcrk d\u00fcnyas\u0131n\u0131n tarixind\u0259 \u015f\u0259r\u0259f ni\u015fan\u0259si olaraq ortaq tariximiz\u0259 q\u0131z\u0131l h\u0259rfl\u0259rl\u0259 yaz\u0131lm\u0131\u015fd\u0131r. Bu g\u00fcn burada Az\u0259rbaycan \u0259sg\u0259ri T\u00fcrkiy\u0259d\u0259n g\u0259l\u0259n \u0259sg\u0259r qarda\u015flar\u0131 il\u0259 \u00e7iyin-\u00e7iyin\u0259, yan-yanad\u0131rlar. \u018fsg\u0259rl\u0259rimiz\u0259 baxd\u0131qca \u201cBir mill\u0259t, iki d\u00f6vl\u0259t\u201d \u015f\u00fcar\u0131n\u0131n n\u0259 dem\u0259k oldu\u011funu ham\u0131m\u0131z g\u00f6r\u0259 bilirik. \u015e\u0259hidl\u0259rimizin bir-birin\u0259 qar\u0131\u015fan qanlar\u0131n\u0131n \u00fcz\u0259rind\u0259 y\u00fcks\u0259l\u0259n Azadl\u0131q Bayra\u011f\u0131 Qaraba\u011f\u0131n d\u00f6rd bir yan\u0131nda \u015fanla, \u015f\u0259r\u0259fl\u0259, q\u00fcrurla dal\u011falan\u0131r\u201d. B\u00fct\u00fcn T\u00fcrk D\u00fcnyas\u0131n\u0131n b\u00f6y\u00fck Z\u0259f\u0259ridir Qaraba\u011fda qazan\u0131lan Q\u018fL\u018fB\u018f!<\/p>\n<p><img loading=\"lazy\" src=\"https:\/\/cdn.musavat.com\/news\/images\/Ayten\/QQQQQQ.jpg\" alt=\"QQQQQQ.jpg (139 KB)\" width=\"700\" height=\"467\" \/><\/p>\n<p><strong>Prezident \u0130lham \u018fliyev \u00f6t\u0259n ill\u0259rin ac\u0131 xatir\u0259l\u0259rini, h\u0259m d\u0259 ger\u00e7\u0259kl\u0259rini dil\u0259 g\u0259tirdi:\u00a0<\/strong>\u201c1990-c\u0131 ill\u0259rin \u0259vv\u0259ll\u0259rind\u0259 Erm\u0259nistan\u0131n Az\u0259rbaycana qar\u015f\u0131 apard\u0131\u011f\u0131 i\u015f\u011fal\u00e7\u0131l\u0131q siyas\u0259ti n\u0259tic\u0259sind\u0259 torpaqlar\u0131m\u0131z\u0131n t\u0259xmin\u0259n 20 faizi i\u015f\u011fal alt\u0131na d\u00fc\u015fm\u00fc\u015fd\u00fc. Bir milyon Az\u0259rbaycan v\u0259t\u0259nda\u015f\u0131 qa\u00e7q\u0131n, k\u00f6\u00e7k\u00fcn v\u0259ziyy\u0259tin\u0259 sal\u0131nm\u0131\u015fd\u0131r. Xalq\u0131m\u0131za qar\u015f\u0131 h\u0259rbi cinay\u0259tl\u0259r t\u00f6r\u0259dilmi\u015fdir. Xocal\u0131 soyq\u0131r\u0131m\u0131 t\u00f6r\u0259dilmi\u015fdir, etnik t\u0259mizl\u0259m\u0259 siyas\u0259ti apar\u0131l\u0131rd\u0131. Bu, bizim irad\u0259mizi s\u0131nd\u0131rmad\u0131\u201d. Bu, h\u0259m d\u0259 o dem\u0259kdir ki, Az\u0259rbaycan he\u00e7 zaman \u00fczl\u0259\u015fdiyi cinay\u0259tl\u0259ri unutmayacaq, b\u0259d niyy\u0259tlil\u0259r \u201cqulaqlar\u0131ndan s\u0131r\u011fa etsinl\u0259r!\u201d H\u0259m d\u0259 o q\u00fcvv\u0259l\u0259r anlas\u0131nlar ki, bu d\u00f6vl\u0259tin, bu xalq\u0131n irad\u0259sini s\u0131nd\u0131rmaq m\u00fcmk\u00fcns\u00fczd\u00fcr! D\u00f6vl\u0259t ba\u015f\u00e7\u0131m\u0131z qeyd etdi ki, h\u0259l\u0259 2003-c\u00fc ild\u0259 ilk d\u0259f\u0259 Az\u0259rbaycan Prezidenti v\u0259zif\u0259sin\u0259 se\u00e7il\u0259nd\u0259 n\u0259yin bahas\u0131na olursa-olsun \u00f6z do\u011fma torpaqlar\u0131m\u0131z\u0131 azad ed\u0259c\u0259yimizi b\u0259yan etmi\u015fdi. 17 il sonra h\u0259yata ke\u00e7iril\u0259n bu m\u00fcq\u0259dd\u0259s AND\u0131n H\u0259rbi paradda, Qalib Ordunun ke\u00e7idi zaman\u0131, Qalib Xalq\u0131n qar\u015f\u0131s\u0131nda, Dost liderl\u0259rin i\u015ftirak\u0131 il\u0259 b\u0259yan olunmas\u0131n\u0131n \u00f6z\u00fc o q\u0259d\u0259r b\u00f6y\u00fck m\u0259mnunluq do\u011furdu ki&#8230;<\/p>\n<p>Pakistan\u0131n Ba\u015f naziri \u015eahbaz \u015e\u0259rif Azadl\u0131q meydan\u0131nda sanki and i\u00e7di: \u201cBe\u015f il \u0259vv\u0259l Az\u0259rbaycan\u0131n c\u0259sur o\u011fullar\u0131 \u0259ziz qarda\u015f\u0131m Prezident \u0130lham \u018fliyevin q\u0259tiyy\u0259tli v\u0259 uzaqg\u00f6r\u0259n r\u0259hb\u0259rliyi il\u0259 tarixi m\u00fcbariz\u0259y\u0259 qalxd\u0131lar. B\u00fct\u00fcn d\u00fcnya t\u0259\u0259cc\u00fcbl\u0259 onun \u015fahidi oldu ki, Az\u0259rbaycan\u0131n c\u0259sur Silahl\u0131 Q\u00fcvv\u0259l\u0259ri \u00f6z ata-baba yurdlar\u0131n\u0131n tac\u0131 olan Qaraba\u011f\u0131 azad etdi. Torpaqlar\u0131n azadl\u0131\u011f\u0131 u\u011frunda b\u00fct\u00fcn m\u00fcbariz\u0259 d\u00f6vr\u00fcnd\u0259 Pakistan qarda\u015f Az\u0259rbaycan\u0131n yan\u0131nda bir qaya kimi dayand\u0131. Bundan sonra da bel\u0259 olacaq\u201d. S\u0259mimiyy\u0259tl\u0259 yo\u011frulmu\u015f m\u00f6ht\u0259\u015f\u0259m andd\u0131r! \u201cAmin\u201d dey\u0259k&#8230;<\/p>\n<p><img loading=\"lazy\" src=\"https:\/\/cdn.musavat.com\/news\/images\/Ayten\/ttPgpdOljFtLZGjKonBik3oCS94dhMNJIkUkJeZR_825.jpg\" alt=\"ttPgpdOljFtLZGjKonBik3oCS94dhMNJIkUkJeZR_825.jpg (59 KB)\" width=\"700\" height=\"467\" \/><\/p>\n<p>D\u00f6vl\u0259timizin ba\u015f\u00e7\u0131s\u0131 \u00f6z \u00e7\u0131x\u0131\u015f\u0131nda Erm\u0259nistan\u0131n zaman\u0131nda d\u00fczg\u00fcn n\u0259tic\u0259 \u00e7\u0131xara bilm\u0259diyini, \u0130kinci Qaraba\u011f m\u00fcharib\u0259si \u0259r\u0259f\u0259sind\u0259 daha da az\u011f\u0131nla\u015fd\u0131\u011f\u0131n\u0131, biz\u0259 qar\u015f\u0131 yeni \u0259razi iddialar\u0131 il\u0259 \u00e7\u0131x\u0131\u015f etm\u0259y\u0259 ba\u015flad\u0131\u011f\u0131n\u0131 qeyd etm\u0259kl\u0259 \u0130r\u0259vandak\u0131 revan\u015fistl\u0259rl\u0259 yana\u015f\u0131, s\u00fclh s\u0259n\u0259dinin paraflanmas\u0131ndan sonra da aya\u011f\u0131n\u0131 s\u00fcr\u00fcy\u0259-s\u00fcr\u00fcy\u0259 s\u00fclh\u0259 do\u011fru \u201cbir add\u0131m ir\u0259li, iki add\u0131m geri\u201d atan r\u0259smil\u0259r\u0259 d\u0259 x\u0259b\u0259rdarl\u0131q etmi\u015f oldu. Vaxtil\u0259 bizi yeni m\u00fcharib\u0259 il\u0259 h\u0259d\u0259l\u0259y\u0259nl\u0259rin taleyini d\u0259 xat\u0131rlatd\u0131: \u201cH\u0259tta deyirdil\u0259r ki, onlar yeni torpaqlar u\u011frunda yeni m\u00fcharib\u0259 aparacaqlar v\u0259 Az\u0259rbaycan\u0131 tam i\u015f\u011fal ed\u0259c\u0259kl\u0259r. Deyirdil\u0259r ki, onlar\u0131n tanklar\u0131 Bak\u0131 k\u00fc\u00e7\u0259l\u0259rind\u0259 olacaq. Deyirdil\u0259r ki, onlar Bak\u0131da \u00e7ay i\u00e7\u0259c\u0259kl\u0259r. \u018fslind\u0259, onlar\u0131n bu arzular\u0131 h\u0259yata ke\u00e7di. Onlar\u0131 biz ger\u00e7\u0259kl\u0259\u015fdirdik. Onlar\u0131n tanklar\u0131 bu g\u00fcn H\u0259rbi Q\u0259nim\u0259tl\u0259r Park\u0131nda n\u00fcmayi\u015f etdirilir. Erm\u0259ni h\u0259rbi cinay\u0259tkarlar\u0131 bu g\u00fcn Bak\u0131da m\u0259hk\u0259m\u0259 qar\u015f\u0131s\u0131nda cavab verirl\u0259r v\u0259 istintaq t\u0259cridxanas\u0131nda Az\u0259rbaycan \u00e7ay\u0131n\u0131 i\u00e7irl\u0259r\u201d. M\u00f6ht\u0259\u015f\u0259m n\u0259tic\u0259dir! T\u0259kc\u0259 erm\u0259ni i\u015f\u011fal\u00e7\u0131lar\u0131na v\u0259 separat\u00e7\u0131lar\u0131na deyil, b\u00fct\u00f6vl\u00fckd\u0259 d\u00fcnyada b\u0259nz\u0259r yol(suzlu\u011f)u se\u00e7\u0259nl\u0259r\u0259 ibr\u0259t d\u0259rsi olacaq n\u0259tic\u0259! H\u0259m d\u0259 Az\u0259rbaycan n\u00fcmun\u0259si!<\/p>\n<p><img loading=\"lazy\" src=\"https:\/\/cdn.musavat.com\/news\/images\/Ayten\/YDDl6LFO7ev1aIORV0k37HycUKhxfVEo7QXwncLf_825.jpg\" alt=\"YDDl6LFO7ev1aIORV0k37HycUKhxfVEo7QXwncLf_825.jpg (155 KB)\" width=\"700\" height=\"467\" \/><\/p>\n<p><strong>\u015e\u0259hid v\u0259 qazil\u0259rimizin can\u0131, qan\u0131 bahas\u0131na, ordumuzun q\u00fcdr\u0259ti, xalq\u0131m\u0131z\u0131n v\u0259hd\u0259ti, \u015f\u0259hid analar\u0131n\u0131n \u201cyalvar\u0131ram, Ali Ba\u015f Komandana deyin, m\u00fcharib\u0259ni dayand\u0131rmas\u0131n\u201d, xahi\u015fl\u0259ri il\u0259 m\u00fc\u015fayi\u0259t olunan V\u0259t\u0259n m\u00fcharib\u0259sind\u0259 qazan\u0131lan tarixi q\u0259l\u0259b\u0259mizl\u0259 f\u0259xr etm\u0259kl\u0259 yana\u015f\u0131, onun \u0259b\u0259diliyi \u00fc\u00e7\u00fcn h\u0259r birimizin \u00fcz\u0259rin\u0259 m\u0259suliyy\u0259t d\u00fc\u015f\u00fcr.<\/strong><\/p>\n<p><img loading=\"lazy\" src=\"https:\/\/cdn.musavat.com\/news\/images\/TURAN%20ORUC\/1b3a6c8a-e982-4e26-bf42-5f34a10cf8f7.jpg\" alt=\"1b3a6c8a-e982-4e26-bf42-5f34a10cf8f7.jpg (216 KB)\" width=\"700\" height=\"394\" \/><\/p>\n<p>Azadl\u0131q meydan\u0131ndak\u0131 h\u0259rbi parada tama\u015fa etm\u0259y\u0259 g\u0259l\u0259nl\u0259r s\u0131ras\u0131nda \u0259ll\u0259rind\u0259 Az\u0259rbaycan, T\u00fcrkiy\u0259 v\u0259 Az\u0259rbaycan bayraqlar\u0131 tutmu\u015f u\u015faqlar\u0131m\u0131z\u0131n g\u00f6zl\u0259rind\u0259ki sevinci, \u00fczl\u0259rind\u0259ki \u015faqraq g\u00fcl\u00fc\u015f\u00fc izl\u0259m\u0259k o q\u0259d\u0259r xo\u015f idi ki&#8230; Onlar bayraqlar\u0131m\u0131z\u0131 sev\u0259r\u0259k, m\u00f6hk\u0259m-m\u0259hk\u0259m tutmu\u015f Az\u0259rbaycan\u0131n g\u0259l\u0259c\u0259yidir. \u018fman\u0259t torpa\u011fa, bayra\u011fa, d\u00f6vl\u0259t\u0259 sahib \u00e7\u0131xan yeni X\u00fcsusi T\u0259yinatl\u0131 Xalq yeti\u015fir! Q\u0259l\u0259b\u0259miz bir daha m\u00fcbar\u0259k, birliyimiz, birg\u0259liyimiz \u0259b\u0259di, dostlu\u011fumuz-qarda\u015fl\u0131\u011f\u0131m\u0131z var olsun! Azadl\u0131q meydan\u0131 t\u0259kc\u0259 h\u0259rbi ke\u00e7id \u00fcnvan\u0131 olmad\u0131, h\u0259m d\u0259 qarda\u015flar\u0131n and i\u00e7diyi m\u0259kan kimi tarix\u0259 d\u00fc\u015fd\u00fc.\u00a0<strong>\u015eu\u015fa B\u0259yannam\u0259sin\u0259 q\u0259d\u0259r v\u0259 ondan sonra birg\u0259liyimizin \u00e7oxsayl\u0131 n\u00fcmun\u0259l\u0259ri olmu\u015fdu, bu, bir ba\u015fqad\u0131r! And\u0131m\u0131z m\u00fcbar\u0259k olsun!<\/strong><\/p>\n<div class=\"news-author text-left\"><a href=\"https:\/\/musavat.com\/author\/elsad-pasasoy_10\"><img class=\"img-responsive img-author\" src=\"https:\/\/cdn.musavat.com\/authors\/thumbnails\/792564e974cc921b5fc823e40bdd3a15.jpeg\" \/>El\u015fad PA\u015eASOY<\/a><\/div>\n","protected":false},"excerpt":{"rendered":"<p>R\u0259hb\u0259rlik etdiyi qarda\u015f xalqa v\u0259 d\u00f6vl\u0259t\u0259 \u201cAz\u0259rbaycan\u0131n sevinci bizim sevincimiz, k\u0259d\u0259ri bizim k\u0259d\u0259rimizdir\u201d n\u0259sih\u0259t v\u0259 v\u0259siyy\u0259tini \u0259man\u0259t etmi\u015f T\u00fcrkiy\u0259 C\u00fcmhuriyy\u0259tinin qurucusu Qazi Mustafa Kamal Atat\u00fcrk v\u0259fat\u0131n\u0131n 87-ci ild\u00f6n\u00fcm\u00fcnd\u0259 Az\u0259rbaycanda da b\u00f6y\u00fck say\u011f\u0131 v\u0259 minn\u0259tl\u0259 an\u0131l\u0131r. T\u00fcrkiy\u0259 v\u0259 Az\u0259rbaycan\u0131 bir-birin\u0259 ba\u011flayan o q\u0259d\u0259r tell\u0259r var ki&#8230; \u201cBir mill\u0259t, iki d\u00f6vl\u0259t\u201din aras\u0131ndak\u0131 Turan k\u00f6rp\u00fcs\u00fc \u2013 Z\u0259ng\u0259zur d\u0259hlizi 105 il \u00f6nc\u0259 qapad\u0131lsa bel\u0259, torpaqlar\u0131m\u0131z ya\u011fmalansa bel\u0259, qanl\u0131 sovet imperiyas\u0131 m\u00f6vcud oldu\u011fu d\u00f6n\u0259md\u0259 iki qarda\u015f xalq aras\u0131ndak\u0131 m\u0259n\u0259vi ba\u011fl\u0131l\u0131qlar\u0131 q\u0131ra bilm\u0259di. \u00c7ox ke\u00e7m\u0259y\u0259c\u0259k, Z\u0259ng\u0259zur d\u0259hlizi, Turan qap\u0131s\u0131 yenid\u0259n a\u00e7\u0131lacaq, art\u0131q buna kims\u0259nin \u015f\u00fcbh\u0259si qalmay\u0131b.&hellip;<\/p>\n","protected":false},"author":2,"featured_media":834010,"comment_status":"closed","ping_status":"closed","sticky":false,"template":"","format":"standard","meta":{"om_disable_all_campaigns":false,"_monsterinsights_skip_tracking":false,"_monsterinsights_sitenote_active":false,"_monsterinsights_sitenote_note":"","_monsterinsights_sitenote_category":0},"categories":[19],"tags":[],"aioseo_notices":[],"gutentor_comment":0,"rttpg_featured_image_url":{"full":["https:\/\/arantv.az\/wp-content\/uploads\/2025\/11\/3360b5c341bbf37ad185539712a052b5.jpg",870,500,false],"landscape":["https:\/\/arantv.az\/wp-content\/uploads\/2025\/11\/3360b5c341bbf37ad185539712a052b5.jpg",870,500,false],"portraits":["https:\/\/arantv.az\/wp-content\/uploads\/2025\/11\/3360b5c341bbf37ad185539712a052b5.jpg",870,500,false],"thumbnail":["https:\/\/arantv.az\/wp-content\/uploads\/2025\/11\/3360b5c341bbf37ad185539712a052b5-500x280.jpg",500,280,true],"medium":["https:\/\/arantv.az\/wp-content\/uploads\/2025\/11\/3360b5c341bbf37ad185539712a052b5-635x365.jpg",635,365,true],"large":["https:\/\/arantv.az\/wp-content\/uploads\/2025\/11\/3360b5c341bbf37ad185539712a052b5-840x483.jpg",640,368,true],"1536x1536":["https:\/\/arantv.az\/wp-content\/uploads\/2025\/11\/3360b5c341bbf37ad185539712a052b5.jpg",870,500,false],"2048x2048":["https:\/\/arantv.az\/wp-content\/uploads\/2025\/11\/3360b5c341bbf37ad185539712a052b5.jpg",870,500,false],"post-thumbnail":["https:\/\/arantv.az\/wp-content\/uploads\/2025\/11\/3360b5c341bbf37ad185539712a052b5-240x172.jpg",240,172,true],"advps-thumb-one":["https:\/\/arantv.az\/wp-content\/uploads\/2025\/11\/3360b5c341bbf37ad185539712a052b5.jpg",870,500,false]},"rttpg_author":{"display_name":"V\u00fcsal Rafiqo\u011flu","author_link":"https:\/\/arantv.az\/?author=2"},"rttpg_comment":0,"rttpg_category":"<a href=\"https:\/\/arantv.az\/?cat=19\" rel=\"category\">G\u00fcnd\u0259m<\/a>","rttpg_excerpt":"R\u0259hb\u0259rlik etdiyi qarda\u015f xalqa v\u0259 d\u00f6vl\u0259t\u0259 \u201cAz\u0259rbaycan\u0131n sevinci bizim sevincimiz, k\u0259d\u0259ri bizim k\u0259d\u0259rimizdir\u201d n\u0259sih\u0259t v\u0259 v\u0259siyy\u0259tini \u0259man\u0259t etmi\u015f T\u00fcrkiy\u0259 C\u00fcmhuriyy\u0259tinin qurucusu Qazi Mustafa Kamal Atat\u00fcrk v\u0259fat\u0131n\u0131n 87-ci ild\u00f6n\u00fcm\u00fcnd\u0259 Az\u0259rbaycanda da b\u00f6y\u00fck say\u011f\u0131 v\u0259 minn\u0259tl\u0259 an\u0131l\u0131r. T\u00fcrkiy\u0259 v\u0259 Az\u0259rbaycan\u0131 bir-birin\u0259 ba\u011flayan o q\u0259d\u0259r tell\u0259r var ki&#8230; \u201cBir mill\u0259t, iki d\u00f6vl\u0259t\u201din aras\u0131ndak\u0131 Turan k\u00f6rp\u00fcs\u00fc \u2013 Z\u0259ng\u0259zur d\u0259hlizi&hellip;","_links":{"self":[{"href":"https:\/\/arantv.az\/index.php?rest_route=\/wp\/v2\/posts\/834009"}],"collection":[{"href":"https:\/\/arantv.az\/index.php?rest_route=\/wp\/v2\/posts"}],"about":[{"href":"https:\/\/arantv.az\/index.php?rest_route=\/wp\/v2\/types\/post"}],"author":[{"embeddable":true,"href":"https:\/\/arantv.az\/index.php?rest_route=\/wp\/v2\/users\/2"}],"replies":[{"embeddable":true,"href":"https:\/\/arantv.az\/index.php?rest_route=%2Fwp%2Fv2%2Fcomments&post=834009"}],"version-history":[{"count":2,"href":"https:\/\/arantv.az\/index.php?rest_route=\/wp\/v2\/posts\/834009\/revisions"}],"predecessor-version":[{"id":834012,"href":"https:\/\/arantv.az\/index.php?rest_route=\/wp\/v2\/posts\/834009\/revisions\/834012"}],"wp:featuredmedia":[{"embeddable":true,"href":"https:\/\/arantv.az\/index.php?rest_route=\/wp\/v2\/media\/834010"}],"wp:attachment":[{"href":"https:\/\/arantv.az\/index.php?rest_route=%2Fwp%2Fv2%2Fmedia&parent=834009"}],"wp:term":[{"taxonomy":"category","embeddable":true,"href":"https:\/\/arantv.az\/index.php?rest_route=%2Fwp%2Fv2%2Fcategories&post=834009"},{"taxonomy":"post_tag","embeddable":true,"href":"https:\/\/arantv.az\/index.php?rest_route=%2Fwp%2Fv2%2Ftags&post=834009"}],"curies":[{"name":"wp","href":"https:\/\/api.w.org\/{rel}","templated":true}]}}