{"id":834017,"date":"2025-11-10T18:05:38","date_gmt":"2025-11-10T14:05:38","guid":{"rendered":"https:\/\/arantv.az\/?p=834017"},"modified":"2025-11-10T18:05:38","modified_gmt":"2025-11-10T14:05:38","slug":"euronews-baki-beyn%c9%99lxalq-inc%c9%99s%c9%99n%c9%99t-festivali-v%c9%99-onun-istirakcilarina-material-h%c9%99sr-edib","status":"publish","type":"post","link":"https:\/\/arantv.az\/?p=834017","title":{"rendered":"&#8220;Euronews&#8221; Bak\u0131 Beyn\u0259lxalq \u0130nc\u0259s\u0259n\u0259t Festival\u0131 v\u0259 onun i\u015ftirak\u00e7\u0131lar\u0131na material h\u0259sr edib"},"content":{"rendered":"<div class=\"text-content\" data-id=\"\" data-url=\"\">\n<p>&#8220;Euronews&#8221; telekanal\u0131 Bak\u0131 Beyn\u0259lxalq \u0130nc\u0259s\u0259n\u0259t Festival\u0131 (BIAF) haqq\u0131nda material haz\u0131rlay\u0131b.<\/p>\n<p>&#8220;Bak\u0131 Beyn\u0259lxalq \u0130nc\u0259s\u0259n\u0259t Festival\u0131 ke\u00e7irildiyi ikinci h\u0259ft\u0259d\u0259n etibar\u0259n m\u0259d\u0259ni \u0259m\u0259kda\u015fl\u0131\u011f\u0131 geni\u015fl\u0259ndirm\u0259y\u0259 can at\u0131r&#8221; ba\u015fl\u0131ql\u0131 m\u0259qal\u0259d\u0259 t\u0259dbir i\u015ftirak\u00e7\u0131lar\u0131, onlar\u0131n t\u0259\u0259ss\u00fcratlar\u0131, h\u0259m\u00e7inin d\u00fcnya inc\u0259s\u0259n\u0259t s\u0259hn\u0259sinin n\u00fcmay\u0259nd\u0259l\u0259ri \u00fc\u00e7\u00fcn bu festivalda i\u015ftirak\u0131n \u0259h\u0259miyy\u0259ti haqq\u0131nda dan\u0131\u015f\u0131l\u0131r.<\/p>\n<p>Telekanal qeyd edir ki, &#8220;Oskar&#8221; m\u00fckafat\u0131 laureat\u0131, daha \u00e7ox &#8220;Oturan p\u0259l\u0259ng, gizl\u0259n\u0259n \u0259jdaha&#8221; filmi il\u0259 tan\u0131nan qurulu\u015f\u00e7u r\u0259ssam Tim \u0130p \u015f\u0259h\u0259rd\u0259 b\u00f6y\u00fck ajiotaj yarad\u0131b. O, \u0130qor Stravinskinin d\u00fcnyaca m\u0259\u015fhur &#8220;M\u00fcq\u0259dd\u0259s bahar&#8221; baleti \u00fc\u00e7\u00fcn dekorasiyalar yarad\u0131b, \u0259s\u0259rin interpretasiyas\u0131n\u0131 is\u0259 tan\u0131nm\u0131\u015f \u00e7inli xoreoqraf Yan Lipin h\u0259yata ke\u00e7irib.<\/p>\n<p>&#8220;Euronews&#8221; xat\u0131rlad\u0131r ki, festivalda \u00f6zb\u0259k piano\u00e7u Behzod Abduraimov, kanadal\u0131 rejissor Rober Lepaj v\u0259 Bak\u0131da anadan olmu\u015f amerikal\u0131 skripka\u00e7\u0131 Dmitriy Sitkovetski kimi tan\u0131nm\u0131\u015f \u015f\u0259xsl\u0259r d\u0259 i\u015ftirak edirl\u0259r.<\/p>\n<p>&#8220;Sitkovetski \u00fc\u00e7\u00fcn festivalda i\u015ftirak t\u0259kc\u0259 \u00e7\u0131x\u0131\u015f etm\u0259k deyil, h\u0259m d\u0259 atas\u0131 Yulian\u0131n 32 ya\u015f\u0131nda v\u0259fat\u0131ndan sonra t\u0259rk etdiyi v\u0259t\u0259nin\u0259 qay\u0131d\u0131\u015fd\u0131r. \u0130ndi o, atas\u0131n\u0131n xatir\u0259sini v\u0259 anadan olmas\u0131n\u0131n 100 illiyini Bak\u0131 D\u00f6vl\u0259t Orkestrinin i\u015ftirak\u0131 il\u0259 qala-konsertl\u0259 qeyd edir. \u015eou onun \u00fc\u00e7\u00fcn k\u00f6kl\u0259rin\u0259 son d\u0259r\u0259c\u0259 d\u0259rin \u015f\u0259xsi qay\u0131d\u0131\u015f\u0131 oldu&#8221;, &#8211; materialda deyilir.<\/p>\n<p>BIAF-\u0131n M\u0259sl\u0259h\u0259t Komit\u0259sinin \u00fczv\u00fc Svetlana Dvoretskaya &#8220;Euronews&#8221;a bildirib ki, festival\u0131n \u0259sas m\u0259qs\u0259di daha geni\u015f m\u0259d\u0259ni \u015f\u0259b\u0259k\u0259 yaratmaq \u00fc\u00e7\u00fcn beyn\u0259lxalq m\u0259d\u0259niyy\u0259t institutlar\u0131 v\u0259 festivallarla \u0259laq\u0259l\u0259rin m\u00f6hk\u0259ml\u0259ndirilm\u0259sidir. O, h\u0259m\u00e7inin Bak\u0131n\u0131n Zaltsburq v\u0259 Avinyon kimi d\u00fcnyan\u0131n \u0259n m\u0259\u015fhur inc\u0259s\u0259n\u0259t festivallar\u0131 il\u0259 bir s\u0131rada durmaq potensial\u0131na inand\u0131\u011f\u0131n\u0131 ifad\u0259 edib.<\/p>\n<p>Qeyd ed\u0259k ki, BIAF \u00e7\u0259r\u00e7iv\u0259sind\u0259 t\u0259dbirl\u0259r Bak\u0131n\u0131n \u0259n populyar m\u0259kanlar\u0131nda, o c\u00fcml\u0259d\u0259n Heyd\u0259r \u018fliyev M\u0259rk\u0259zi, D\u00f6vl\u0259t Filarmoniyas\u0131, Milli Dram, Musiqili Teatr v\u0259 bir s\u0131ra dig\u0259r yerl\u0259rd\u0259 ke\u00e7irilir.<\/p>\n<p>BIAF Heyd\u0259r \u018fliyev Fondunun v\u0259 Az\u0259rbaycan M\u0259d\u0259niyy\u0259t Nazirliyinin d\u0259st\u0259yi il\u0259 t\u0259\u015fkil olunub v\u0259 2025-ci il noyabr\u0131n 16-d\u0259k davam ed\u0259c\u0259k.<\/p>\n<\/div>\n<div><\/div>\n<div><\/div>\n<div class=\"inner-social-box\">\n<div class=\"subs-in-social subs-whatsapp\"><\/div>\n<\/div>\n","protected":false},"excerpt":{"rendered":"<p>&#8220;Euronews&#8221; telekanal\u0131 Bak\u0131 Beyn\u0259lxalq \u0130nc\u0259s\u0259n\u0259t Festival\u0131 (BIAF) haqq\u0131nda material haz\u0131rlay\u0131b. &#8220;Bak\u0131 Beyn\u0259lxalq \u0130nc\u0259s\u0259n\u0259t Festival\u0131 ke\u00e7irildiyi ikinci h\u0259ft\u0259d\u0259n etibar\u0259n m\u0259d\u0259ni \u0259m\u0259kda\u015fl\u0131\u011f\u0131 geni\u015fl\u0259ndirm\u0259y\u0259 can at\u0131r&#8221; ba\u015fl\u0131ql\u0131 m\u0259qal\u0259d\u0259 t\u0259dbir i\u015ftirak\u00e7\u0131lar\u0131, onlar\u0131n t\u0259\u0259ss\u00fcratlar\u0131, h\u0259m\u00e7inin d\u00fcnya inc\u0259s\u0259n\u0259t s\u0259hn\u0259sinin n\u00fcmay\u0259nd\u0259l\u0259ri \u00fc\u00e7\u00fcn bu festivalda i\u015ftirak\u0131n \u0259h\u0259miyy\u0259ti haqq\u0131nda dan\u0131\u015f\u0131l\u0131r. Telekanal qeyd edir ki, &#8220;Oskar&#8221; m\u00fckafat\u0131 laureat\u0131, daha \u00e7ox &#8220;Oturan p\u0259l\u0259ng, gizl\u0259n\u0259n \u0259jdaha&#8221; filmi il\u0259 tan\u0131nan qurulu\u015f\u00e7u r\u0259ssam Tim \u0130p \u015f\u0259h\u0259rd\u0259 b\u00f6y\u00fck ajiotaj yarad\u0131b. O, \u0130qor Stravinskinin d\u00fcnyaca m\u0259\u015fhur &#8220;M\u00fcq\u0259dd\u0259s bahar&#8221; baleti \u00fc\u00e7\u00fcn dekorasiyalar yarad\u0131b, \u0259s\u0259rin interpretasiyas\u0131n\u0131 is\u0259 tan\u0131nm\u0131\u015f \u00e7inli xoreoqraf Yan Lipin h\u0259yata ke\u00e7irib. &#8220;Euronews&#8221; xat\u0131rlad\u0131r ki, festivalda&hellip;<\/p>\n","protected":false},"author":2,"featured_media":834018,"comment_status":"closed","ping_status":"closed","sticky":false,"template":"","format":"standard","meta":{"om_disable_all_campaigns":false,"_monsterinsights_skip_tracking":false,"_monsterinsights_sitenote_active":false,"_monsterinsights_sitenote_note":"","_monsterinsights_sitenote_category":0},"categories":[1],"tags":[],"aioseo_notices":[],"gutentor_comment":0,"rttpg_featured_image_url":{"full":["https:\/\/arantv.az\/wp-content\/uploads\/2025\/11\/19d27730c710bdf5feb60eb408fde9a3.png",824,500,false],"landscape":["https:\/\/arantv.az\/wp-content\/uploads\/2025\/11\/19d27730c710bdf5feb60eb408fde9a3.png",824,500,false],"portraits":["https:\/\/arantv.az\/wp-content\/uploads\/2025\/11\/19d27730c710bdf5feb60eb408fde9a3.png",824,500,false],"thumbnail":["https:\/\/arantv.az\/wp-content\/uploads\/2025\/11\/19d27730c710bdf5feb60eb408fde9a3-500x280.png",500,280,true],"medium":["https:\/\/arantv.az\/wp-content\/uploads\/2025\/11\/19d27730c710bdf5feb60eb408fde9a3-602x365.png",602,365,true],"large":["https:\/\/arantv.az\/wp-content\/uploads\/2025\/11\/19d27730c710bdf5feb60eb408fde9a3.png",640,388,false],"1536x1536":["https:\/\/arantv.az\/wp-content\/uploads\/2025\/11\/19d27730c710bdf5feb60eb408fde9a3.png",824,500,false],"2048x2048":["https:\/\/arantv.az\/wp-content\/uploads\/2025\/11\/19d27730c710bdf5feb60eb408fde9a3.png",824,500,false],"post-thumbnail":["https:\/\/arantv.az\/wp-content\/uploads\/2025\/11\/19d27730c710bdf5feb60eb408fde9a3-240x172.png",240,172,true],"advps-thumb-one":["https:\/\/arantv.az\/wp-content\/uploads\/2025\/11\/19d27730c710bdf5feb60eb408fde9a3.png",824,500,false]},"rttpg_author":{"display_name":"V\u00fcsal Rafiqo\u011flu","author_link":"https:\/\/arantv.az\/?author=2"},"rttpg_comment":0,"rttpg_category":"<a href=\"https:\/\/arantv.az\/?cat=1\" rel=\"category\">C\u0259miyy\u0259t<\/a>","rttpg_excerpt":"&#8220;Euronews&#8221; telekanal\u0131 Bak\u0131 Beyn\u0259lxalq \u0130nc\u0259s\u0259n\u0259t Festival\u0131 (BIAF) haqq\u0131nda material haz\u0131rlay\u0131b. &#8220;Bak\u0131 Beyn\u0259lxalq \u0130nc\u0259s\u0259n\u0259t Festival\u0131 ke\u00e7irildiyi ikinci h\u0259ft\u0259d\u0259n etibar\u0259n m\u0259d\u0259ni \u0259m\u0259kda\u015fl\u0131\u011f\u0131 geni\u015fl\u0259ndirm\u0259y\u0259 can at\u0131r&#8221; ba\u015fl\u0131ql\u0131 m\u0259qal\u0259d\u0259 t\u0259dbir i\u015ftirak\u00e7\u0131lar\u0131, onlar\u0131n t\u0259\u0259ss\u00fcratlar\u0131, h\u0259m\u00e7inin d\u00fcnya inc\u0259s\u0259n\u0259t s\u0259hn\u0259sinin n\u00fcmay\u0259nd\u0259l\u0259ri \u00fc\u00e7\u00fcn bu festivalda i\u015ftirak\u0131n \u0259h\u0259miyy\u0259ti haqq\u0131nda dan\u0131\u015f\u0131l\u0131r. Telekanal qeyd edir ki, &#8220;Oskar&#8221; m\u00fckafat\u0131 laureat\u0131, daha \u00e7ox &#8220;Oturan p\u0259l\u0259ng, gizl\u0259n\u0259n \u0259jdaha&#8221; filmi&hellip;","_links":{"self":[{"href":"https:\/\/arantv.az\/index.php?rest_route=\/wp\/v2\/posts\/834017"}],"collection":[{"href":"https:\/\/arantv.az\/index.php?rest_route=\/wp\/v2\/posts"}],"about":[{"href":"https:\/\/arantv.az\/index.php?rest_route=\/wp\/v2\/types\/post"}],"author":[{"embeddable":true,"href":"https:\/\/arantv.az\/index.php?rest_route=\/wp\/v2\/users\/2"}],"replies":[{"embeddable":true,"href":"https:\/\/arantv.az\/index.php?rest_route=%2Fwp%2Fv2%2Fcomments&post=834017"}],"version-history":[{"count":1,"href":"https:\/\/arantv.az\/index.php?rest_route=\/wp\/v2\/posts\/834017\/revisions"}],"predecessor-version":[{"id":834019,"href":"https:\/\/arantv.az\/index.php?rest_route=\/wp\/v2\/posts\/834017\/revisions\/834019"}],"wp:featuredmedia":[{"embeddable":true,"href":"https:\/\/arantv.az\/index.php?rest_route=\/wp\/v2\/media\/834018"}],"wp:attachment":[{"href":"https:\/\/arantv.az\/index.php?rest_route=%2Fwp%2Fv2%2Fmedia&parent=834017"}],"wp:term":[{"taxonomy":"category","embeddable":true,"href":"https:\/\/arantv.az\/index.php?rest_route=%2Fwp%2Fv2%2Fcategories&post=834017"},{"taxonomy":"post_tag","embeddable":true,"href":"https:\/\/arantv.az\/index.php?rest_route=%2Fwp%2Fv2%2Ftags&post=834017"}],"curies":[{"name":"wp","href":"https:\/\/api.w.org\/{rel}","templated":true}]}}