{"id":834037,"date":"2025-11-11T12:28:59","date_gmt":"2025-11-11T08:28:59","guid":{"rendered":"https:\/\/arantv.az\/?p=834037"},"modified":"2025-11-11T12:28:59","modified_gmt":"2025-11-11T08:28:59","slug":"12-noyabr-az%c9%99rbaycan-respublikasinin-konstitusiya-gunudur-4","status":"publish","type":"post","link":"https:\/\/arantv.az\/?p=834037","title":{"rendered":"12 noyabr &#8211; Az\u0259rbaycan Respublikas\u0131n\u0131n Konstitusiya G\u00fcn\u00fcd\u00fcr"},"content":{"rendered":"<p>D\u00f6vl\u0259t m\u00fcst\u0259qilliyinin b\u0259rpa olundu\u011fu ilk ill\u0259rd\u0259 ulu \u00f6nd\u0259r Heyd\u0259r \u018fliyevin b\u00f6y\u00fck uzaqg\u00f6r\u0259nlikl\u0259, c\u0259sar\u0259tl\u0259 h\u0259yata ke\u00e7irdiyi \u0259sasl\u0131 islahatlar respublikam\u0131z\u0131 inki\u015faf yoluna \u00e7\u0131xarmaqla yana\u015f\u0131, qanunlar\u0131n aliliyini t\u0259min ed\u0259n, h\u00fcquqi, d\u00fcny\u0259vi d\u00f6vl\u0259t quruculu\u011funa yol a\u00e7an yeni milli Konstitusiyan\u0131n haz\u0131rlanmas\u0131na v\u0259 q\u0259buluna \u015f\u0259rait yaratd\u0131.1995-ci ilin may\u0131nda ulu \u00f6nd\u0259r Heyd\u0259r \u018fliyevin s\u0259drliyi il\u0259 yarad\u0131lan Konstitusiya Komissiyas\u0131n\u0131n haz\u0131rlad\u0131\u011f\u0131 Konstitusiya layih\u0259si 1995-ci ilin oktyabr\u0131nda \u00fcmumxalq m\u00fczakir\u0259sin\u0259 verildi v\u0259 1995-ci il noyabr\u0131n 12-d\u0259 \u00fcmumxalq s\u0259sverm\u0259sin\u0259 \u00e7\u0131xar\u0131ld\u0131. Referendumda se\u00e7icil\u0259rin 86 faizi i\u015ftirak etdi v\u0259 onlar\u0131n 91,9 faizi Konstitusiyan\u0131n q\u0259bul edilm\u0259sinin lehin\u0259 s\u0259s verdi.Konstitusiyan\u0131n q\u0259bulu m\u00fcst\u0259qillik tariximizin \u0259n m\u00fch\u00fcm hadis\u0259l\u0259rind\u0259n biri olmaqla yana\u015f\u0131, ulu \u00f6nd\u0259r Heyd\u0259r \u018fliyevin Az\u0259rbaycan d\u00f6vl\u0259t\u00e7iliyi qar\u015f\u0131s\u0131ndak\u0131 b\u00f6y\u00fck xidm\u0259tl\u0259rind\u0259n biridir. Bu Konstitusiya m\u00fcst\u0259qil d\u00f6vl\u0259t quruculu\u011fu prosesini t\u0259nziml\u0259y\u0259n, demokratik inki\u015fafa t\u0259minat yaradan, c\u0259miyy\u0259tin siyasi, sosial, m\u0259d\u0259ni, iqtisadi sferalar\u0131nda k\u00f6kl\u00fc d\u0259yi\u015fiklikl\u0259ri \u00f6z\u00fcnd\u0259 ehtiva ed\u0259n, qanunvericiliyin t\u0259kmill\u0259\u015fdirilm\u0259sind\u0259 h\u00fcquqi baza rolunu oynayan m\u00fck\u0259mm\u0259l v\u0259 m\u00fct\u0259r\u0259qqi s\u0259n\u0259d idi.<\/p>\n<p>Milli Konstitusiyam\u0131z\u0131n q\u0259bul edilm\u0259sind\u0259n sonrak\u0131 d\u00f6vr \u0259rzind\u0259 Milli M\u0259clis t\u0259r\u0259find\u0259n \u00f6lk\u0259 h\u0259yat\u0131n\u0131n b\u00fct\u00fcn sah\u0259l\u0259rini \u0259hat\u0259 ed\u0259n, d\u00fcnya standartlar\u0131na cavab ver\u0259n bir s\u0131ra qanunlar q\u0259bul edilmi\u015fdir. Az\u0259rbaycan Respublikas\u0131 bir s\u0131ra beyn\u0259lxalq konvensiyalara qo\u015fulmu\u015f, Avropa \u015euras\u0131na \u00fczv q\u0259bul olmu\u015fdur.<\/p>\n<p>D\u00f6vl\u0259timizin 44 g\u00fcnl\u00fck V\u0259t\u0259n m\u00fcharib\u0259sind\u0259 inaml\u0131 Q\u0259l\u0259b\u0259 qazanmas\u0131na baxmayaraq, Erm\u0259nistan t\u0259r\u0259find\u0259n h\u0259rbi t\u0259xribatlar m\u00fcharib\u0259d\u0259n sonrak\u0131 d\u00f6vrd\u0259 d\u0259 davam etdirilib. 2020-ci il noyabr\u0131n 10-da imzalanm\u0131\u015f \u00dc\u00e7t\u0259r\u0259fli B\u0259yanat\u0131n m\u00fcdd\u0259alar\u0131n\u0131n t\u0259min olunmas\u0131, Qaraba\u011f iqtisadi rayonunda t\u00f6r\u0259dil\u0259n geni\u015fmiqyasl\u0131 t\u0259xribatlar\u0131n qar\u015f\u0131s\u0131n\u0131n al\u0131nmas\u0131, Az\u0259rbaycan\u0131n konstitusiya qurulu\u015funun b\u0259rpa edilm\u0259si m\u0259qs\u0259dil\u0259 2023-c\u00fc il sentyabr\u0131n 19-da b\u00f6lg\u0259d\u0259 lokal xarakterli antiterror t\u0259dbirl\u0259ri ba\u015flan\u0131l\u0131b. 24 saatdan az bir m\u00fcdd\u0259td\u0259 ba\u015fa \u00e7atan v\u0259 Az\u0259rbaycan Silahl\u0131 Q\u00fcvv\u0259l\u0259rinin y\u00fcks\u0259k m\u0259har\u0259t v\u0259 pe\u015f\u0259karl\u0131qla h\u0259yata ke\u00e7irdiyi bu t\u0259dbirl\u0259r n\u0259tic\u0259sind\u0259 qar\u015f\u0131ya qoyulan strateji h\u0259d\u0259fl\u0259r\u0259 u\u011furla nail olundu \u2013 d\u00fc\u015fm\u0259nin h\u0259rbi t\u0259yinatl\u0131 vasit\u0259l\u0259ri z\u0259r\u0259rsizl\u0259\u015fdirildi. Sentyabr\u0131n 19-20-d\u0259 Az\u0259rbaycan d\u00f6vl\u0259ti daha bir m\u00f6ht\u0259\u015f\u0259m q\u0259l\u0259b\u0259y\u0259 imza atd\u0131 v\u0259 \u00f6lk\u0259mizin d\u00f6vl\u0259t suverenliyi tam b\u0259rpa edildi. Lokal xarakterli antiterror t\u0259dbirl\u0259ri n\u0259tic\u0259sind\u0259 qazan\u0131lan Q\u0259l\u0259b\u0259 say\u0259sind\u0259 d\u00f6vl\u0259timizin \u018fsas Qanununun h\u00fcquqi q\u00fcvv\u0259si i\u015f\u011faldan azad edilmi\u015f b\u00fct\u00fcn torpaqlar\u0131m\u0131zda b\u0259rpa olundu, Konstitusiyada t\u0259sbit edilmi\u015f h\u00fcquqlar\u0131n tam \u015f\u0259kild\u0259 b\u0259rpas\u0131 \u00fc\u00e7\u00fcn real z\u0259min yarand\u0131.<\/p>\n<p>30 illik erm\u0259ni i\u015f\u011fal\u0131na son qoyaraq \u0259razi b\u00fct\u00f6vl\u00fcy\u00fcn\u00fc v\u0259 s\u00fcverenliyini b\u0259rpa ed\u0259n Az\u0259rbaycanda 2024-c\u00fc il fevral\u0131n 7-d\u0259 m\u00fcst\u0259qillik tariximizd\u0259 ilk d\u0259f\u0259 b\u00fct\u00fcn \u00f6lk\u0259 \u0259razisind\u0259 prezident, sentyabr\u0131n 1-d\u0259 parlament, 29 yanvar 2025-ci il tarixd\u0259 is\u0259 b\u0259l\u0259diyy\u0259 se\u00e7kil\u0259ri ke\u00e7irildi. Az\u0259rbaycan Respublikas\u0131n\u0131n \u0259razi b\u00fct\u00f6vl\u00fcy\u00fcn\u00fcn v\u0259 suverenliyinin tam b\u0259rpa olundu\u011funu, 2025-ci ild\u0259 Konstitusiyan\u0131n q\u0259bul edilm\u0259sinin 30-cu v\u0259 V\u0259t\u0259n m\u00fcharib\u0259sind\u0259 q\u0259l\u0259b\u0259nin 5-ci ild\u00f6n\u00fcm\u00fcn\u00fc n\u0259z\u0259r\u0259 alaraq Prezident \u0130lham \u018fliyevin m\u00fcvafiq S\u0259r\u0259ncam\u0131 il\u0259 2025-ci il \u00f6lk\u0259mizd\u0259 \u201cKonstitusiya v\u0259 Suverenlik \u0130li\u201d elan edildi. Bu q\u0259rar h\u00fcquqi d\u00f6vl\u0259t\u00e7ilik v\u0259 suverenlik d\u0259y\u0259rl\u0259rinin m\u00f6hk\u0259ml\u0259ndirilm\u0259si bax\u0131m\u0131ndan x\u00fcsusi \u0259h\u0259miyy\u0259t\u0259 malikdir.<\/p>\n<p>&nbsp;<\/p>\n<p>&nbsp;<\/p>\n<p>Ta\u011f\u0131 \u0130mamverdiyev<br \/>\nYAP A\u011fstafa rayon t\u0259\u015fkilat\u0131n\u0131n \u0259m\u0259kda\u015f\u0131<\/p>\n","protected":false},"excerpt":{"rendered":"<p>D\u00f6vl\u0259t m\u00fcst\u0259qilliyinin b\u0259rpa olundu\u011fu ilk ill\u0259rd\u0259 ulu \u00f6nd\u0259r Heyd\u0259r \u018fliyevin b\u00f6y\u00fck uzaqg\u00f6r\u0259nlikl\u0259, c\u0259sar\u0259tl\u0259 h\u0259yata ke\u00e7irdiyi \u0259sasl\u0131 islahatlar respublikam\u0131z\u0131 inki\u015faf yoluna \u00e7\u0131xarmaqla yana\u015f\u0131, qanunlar\u0131n aliliyini t\u0259min ed\u0259n, h\u00fcquqi, d\u00fcny\u0259vi d\u00f6vl\u0259t quruculu\u011funa yol a\u00e7an yeni milli Konstitusiyan\u0131n haz\u0131rlanmas\u0131na v\u0259 q\u0259buluna \u015f\u0259rait yaratd\u0131.1995-ci ilin may\u0131nda ulu \u00f6nd\u0259r Heyd\u0259r \u018fliyevin s\u0259drliyi il\u0259 yarad\u0131lan Konstitusiya Komissiyas\u0131n\u0131n haz\u0131rlad\u0131\u011f\u0131 Konstitusiya layih\u0259si 1995-ci ilin oktyabr\u0131nda \u00fcmumxalq m\u00fczakir\u0259sin\u0259 verildi v\u0259 1995-ci il noyabr\u0131n 12-d\u0259 \u00fcmumxalq s\u0259sverm\u0259sin\u0259 \u00e7\u0131xar\u0131ld\u0131. Referendumda se\u00e7icil\u0259rin 86 faizi i\u015ftirak etdi v\u0259 onlar\u0131n 91,9 faizi Konstitusiyan\u0131n q\u0259bul edilm\u0259sinin lehin\u0259 s\u0259s verdi.Konstitusiyan\u0131n q\u0259bulu m\u00fcst\u0259qillik tariximizin \u0259n m\u00fch\u00fcm hadis\u0259l\u0259rind\u0259n&hellip;<\/p>\n","protected":false},"author":2,"featured_media":834038,"comment_status":"closed","ping_status":"closed","sticky":false,"template":"","format":"standard","meta":{"om_disable_all_campaigns":false,"_monsterinsights_skip_tracking":false,"_monsterinsights_sitenote_active":false,"_monsterinsights_sitenote_note":"","_monsterinsights_sitenote_category":0},"categories":[19],"tags":[],"aioseo_notices":[],"gutentor_comment":0,"rttpg_featured_image_url":{"full":["https:\/\/arantv.az\/wp-content\/uploads\/2025\/11\/b25dbb11-585b-4d35-afa3-a49b6e3cb635.jpg",1200,800,false],"landscape":["https:\/\/arantv.az\/wp-content\/uploads\/2025\/11\/b25dbb11-585b-4d35-afa3-a49b6e3cb635.jpg",1200,800,false],"portraits":["https:\/\/arantv.az\/wp-content\/uploads\/2025\/11\/b25dbb11-585b-4d35-afa3-a49b6e3cb635.jpg",1200,800,false],"thumbnail":["https:\/\/arantv.az\/wp-content\/uploads\/2025\/11\/b25dbb11-585b-4d35-afa3-a49b6e3cb635-500x280.jpg",500,280,true],"medium":["https:\/\/arantv.az\/wp-content\/uploads\/2025\/11\/b25dbb11-585b-4d35-afa3-a49b6e3cb635-548x365.jpg",548,365,true],"large":["https:\/\/arantv.az\/wp-content\/uploads\/2025\/11\/b25dbb11-585b-4d35-afa3-a49b6e3cb635-840x560.jpg",640,427,true],"1536x1536":["https:\/\/arantv.az\/wp-content\/uploads\/2025\/11\/b25dbb11-585b-4d35-afa3-a49b6e3cb635.jpg",1200,800,false],"2048x2048":["https:\/\/arantv.az\/wp-content\/uploads\/2025\/11\/b25dbb11-585b-4d35-afa3-a49b6e3cb635.jpg",1200,800,false],"post-thumbnail":["https:\/\/arantv.az\/wp-content\/uploads\/2025\/11\/b25dbb11-585b-4d35-afa3-a49b6e3cb635-240x172.jpg",240,172,true],"advps-thumb-one":["https:\/\/arantv.az\/wp-content\/uploads\/2025\/11\/b25dbb11-585b-4d35-afa3-a49b6e3cb635-1200x620.jpg",1200,620,true]},"rttpg_author":{"display_name":"V\u00fcsal Rafiqo\u011flu","author_link":"https:\/\/arantv.az\/?author=2"},"rttpg_comment":0,"rttpg_category":"<a href=\"https:\/\/arantv.az\/?cat=19\" rel=\"category\">G\u00fcnd\u0259m<\/a>","rttpg_excerpt":"D\u00f6vl\u0259t m\u00fcst\u0259qilliyinin b\u0259rpa olundu\u011fu ilk ill\u0259rd\u0259 ulu \u00f6nd\u0259r Heyd\u0259r \u018fliyevin b\u00f6y\u00fck uzaqg\u00f6r\u0259nlikl\u0259, c\u0259sar\u0259tl\u0259 h\u0259yata ke\u00e7irdiyi \u0259sasl\u0131 islahatlar respublikam\u0131z\u0131 inki\u015faf yoluna \u00e7\u0131xarmaqla yana\u015f\u0131, qanunlar\u0131n aliliyini t\u0259min ed\u0259n, h\u00fcquqi, d\u00fcny\u0259vi d\u00f6vl\u0259t quruculu\u011funa yol a\u00e7an yeni milli Konstitusiyan\u0131n haz\u0131rlanmas\u0131na v\u0259 q\u0259buluna \u015f\u0259rait yaratd\u0131.1995-ci ilin may\u0131nda ulu \u00f6nd\u0259r Heyd\u0259r \u018fliyevin s\u0259drliyi il\u0259 yarad\u0131lan Konstitusiya Komissiyas\u0131n\u0131n haz\u0131rlad\u0131\u011f\u0131 Konstitusiya layih\u0259si 1995-ci&hellip;","_links":{"self":[{"href":"https:\/\/arantv.az\/index.php?rest_route=\/wp\/v2\/posts\/834037"}],"collection":[{"href":"https:\/\/arantv.az\/index.php?rest_route=\/wp\/v2\/posts"}],"about":[{"href":"https:\/\/arantv.az\/index.php?rest_route=\/wp\/v2\/types\/post"}],"author":[{"embeddable":true,"href":"https:\/\/arantv.az\/index.php?rest_route=\/wp\/v2\/users\/2"}],"replies":[{"embeddable":true,"href":"https:\/\/arantv.az\/index.php?rest_route=%2Fwp%2Fv2%2Fcomments&post=834037"}],"version-history":[{"count":1,"href":"https:\/\/arantv.az\/index.php?rest_route=\/wp\/v2\/posts\/834037\/revisions"}],"predecessor-version":[{"id":834039,"href":"https:\/\/arantv.az\/index.php?rest_route=\/wp\/v2\/posts\/834037\/revisions\/834039"}],"wp:featuredmedia":[{"embeddable":true,"href":"https:\/\/arantv.az\/index.php?rest_route=\/wp\/v2\/media\/834038"}],"wp:attachment":[{"href":"https:\/\/arantv.az\/index.php?rest_route=%2Fwp%2Fv2%2Fmedia&parent=834037"}],"wp:term":[{"taxonomy":"category","embeddable":true,"href":"https:\/\/arantv.az\/index.php?rest_route=%2Fwp%2Fv2%2Fcategories&post=834037"},{"taxonomy":"post_tag","embeddable":true,"href":"https:\/\/arantv.az\/index.php?rest_route=%2Fwp%2Fv2%2Ftags&post=834037"}],"curies":[{"name":"wp","href":"https:\/\/api.w.org\/{rel}","templated":true}]}}