{"id":834042,"date":"2025-11-11T14:22:02","date_gmt":"2025-11-11T10:22:02","guid":{"rendered":"https:\/\/arantv.az\/?p=834042"},"modified":"2025-11-11T14:22:02","modified_gmt":"2025-11-11T10:22:02","slug":"olk%c9%99nin-konstitusiya-qurulusunun-tarixi","status":"publish","type":"post","link":"https:\/\/arantv.az\/?p=834042","title":{"rendered":"\u00d6lk\u0259nin konstitusiya qurulu\u015funun tarixi"},"content":{"rendered":"<p>\u00dcmummilli lider Heyd\u0259r \u018fliyevin bilavasit\u0259 r\u0259hb\u0259rliyi il\u0259 \u0259rs\u0259y\u0259 g\u0259lmi\u015f v\u0259 q\u0259bul edilmi\u015f \u018fsas Qanun \u00f6lk\u0259mizin tarixind\u0259 \u00e7ox m\u00fch\u00fcm v\u0259 taley\u00fckl\u00fc tarixi hadis\u0259 olmaqla demokratiyam\u0131z\u0131n, d\u00f6vl\u0259t suverenliyimizin, insan h\u00fcquq v\u0259 azadl\u0131qlar\u0131n\u0131n t\u0259minat\u0131 sah\u0259sind\u0259 art\u0131q biz\u0259 \u00e7ox \u015fey vermi\u015fdir. Bizim c\u0259miyy\u0259tin \u0259n m\u00fch\u00fcm d\u0259y\u0259rl\u0259ri bu qanunun t\u0259m\u0259l prinsipl\u0259rini t\u0259\u015fkil edir.<\/p>\n<p>&nbsp;<\/p>\n<p>Konstitusiyam\u0131zda demokratik v\u0259 h\u00fcquqi d\u00f6vl\u0259t quruculu\u011funun \u0259saslar\u0131 g\u00f6st\u0259rilmi\u015f, h\u0259r bir v\u0259t\u0259nda\u015f\u0131n h\u00fcquq v\u0259 azadl\u0131qlar\u0131, se\u00e7ib-se\u00e7ilm\u0259k h\u00fcququ, \u00f6lk\u0259nin siyasi v\u0259 iqtisadi h\u0259yat\u0131\u0131nda f\u0259al rolu t\u0259sbit olunmu\u015fdur. Bizim milli Konstitusiya m\u00fcasir d\u00fcnyan\u0131n sivil d\u0259y\u0259rl\u0259rin\u0259 v\u0259 qanun yarad\u0131c\u0131l\u0131\u011f\u0131 praktikas\u0131na, milli v\u0259 \u00fcmumb\u0259\u015f\u0259ri prinsipl\u0259r\u0259 s\u00f6yk\u0259n\u0259r\u0259k demokratik, d\u00fcny\u0259vi d\u00f6vl\u0259t quruculu\u011fu \u00fc\u00e7\u00fcn baza rolunu oynam\u0131\u015fd\u0131r.<\/p>\n<p>&nbsp;<\/p>\n<p>\u0130lk Konstitusiyam\u0131z\u0131n q\u0259bul olunmas\u0131ndan ke\u00e7\u0259n m\u00fcdd\u0259t tarix\u0259n q\u0131sa olsa da, Az\u0259rbaycan Respublikas\u0131 h\u0259min m\u00fcdd\u0259td\u0259 b\u00fct\u00fcn sah\u0259l\u0259rd\u0259 xeyli ir\u0259lil\u0259mi\u015f, \u00f6lk\u0259d\u0259 apar\u0131lan siyasi v\u0259 iqtisadi islahatlar, h\u0259yata ke\u00e7iril\u0259n demokratik d\u0259yi\u015fiklikl\u0259r iqtisadiyyat\u0131n intensiv inki\u015faf\u0131na, sosial-iqtisadi v\u0259 ictimai-siyasi h\u0259yatda b\u00f6y\u00fck u\u011furlar\u0131n qazan\u0131lmas\u0131na imkan yaratm\u0131\u015fd\u0131r. Strateji m\u0259qs\u0259dl\u0259rin h\u0259yata ke\u00e7irilm\u0259si, qlobal iqtisadi v\u0259 sosial layih\u0259l\u0259rin realla\u015fd\u0131r\u0131lmas\u0131, d\u00f6vl\u0259tin \u00f6z\u00fcn\u00fcn inki\u015faf x\u00fcsusiyy\u0259tl\u0259rin\u0259 uy\u011fun olaraq ba\u015f ver\u0259n yenilikl\u0259r yet\u0259rinc\u0259dir. H\u00fcquqi v\u0259 v\u0259t\u0259nda\u015f c\u0259miyy\u0259ti quruculu\u011funda yeni meyill\u0259r, c\u0259miyy\u0259tin inki\u015faf\u0131nda pozitiv c\u0259h\u0259tl\u0259r meydana \u00e7\u0131x\u0131r, beyn\u0259lxalq \u0259laq\u0259l\u0259r v\u0259 insan m\u00fcnasib\u0259tl\u0259ri t\u0259kmill\u0259\u015fir, ayr\u0131-ayr\u0131 d\u00f6vl\u0259tl\u0259rin siyasi sisteml\u0259rind\u0259n m\u00fcsb\u0259t c\u0259h\u0259tl\u0259r m\u0259nims\u0259nilir.<\/p>\n<p>&nbsp;<\/p>\n<p>M\u0259hz bu hadis\u0259d\u0259n sonra \u00f6lk\u0259mizd\u0259 h\u00fcquqi islahatlar\u0131n beyn\u0259lxalq standartlara uy\u011funla\u015fd\u0131r\u0131lmas\u0131 yolunda ciddi add\u0131mlar at\u0131ld\u0131, b\u00fct\u00fcn d\u00f6vl\u0259t v\u0259 ictimai t\u0259\u015fkilatlar\u0131n i\u015f \u00fcsullar\u0131 Konstitusiyan\u0131n t\u0259l\u0259bl\u0259rin\u0259 f\u0259al \u015f\u0259kild\u0259 uy\u011funla\u015fd\u0131r\u0131ld\u0131. M\u00fcst\u0259qilliyimizin inki\u015faf etdirilm\u0259si, \u00f6lk\u0259 \u00fc\u00e7\u00fcn hava v\u0259 su kimi laz\u0131m olan sabitliyin b\u0259rq\u0259rar olmas\u0131 yeni v\u00fcs\u0259t ald\u0131, \u0259sil v\u0259t\u0259nda\u015f c\u0259miyy\u0259ti t\u0259\u015f\u0259kk\u00fcl tapd\u0131.<\/p>\n<p>&nbsp;<\/p>\n<p>\u00d6t\u0259n il Konstitusiyaya \u0259lav\u0259 v\u0259 d\u0259yi\u015fiklikl\u0259r q\u0259bul edildi ki, bu da zaman\u0131n t\u0259l\u0259bl\u0259rind\u0259n ir\u0259li g\u0259lmi\u015fdir. H\u0259min m\u0259s\u0259l\u0259 respublikam\u0131z\u0131n ictimaiyy\u0259tinin d\u0259rin mara\u011f\u0131na s\u0259b\u0259b oldu, geni\u015f k\u00fctl\u0259 t\u0259r\u0259find\u0259n raz\u0131l\u0131qla qar\u015f\u0131land\u0131. \u00dcmumxalq m\u00fczakir\u0259sin\u0259 t\u0259qdim edilmi\u015f Referendum Akt\u0131n\u0131n ham\u0131 t\u0259r\u0259find\u0259n r\u0259\u011fb\u0259tl\u0259 qar\u015f\u0131lanmas\u0131n\u0131n \u0259sas s\u0259b\u0259bi o idi ki, bu m\u00fcdd\u0259alar insanlar\u0131n g\u0259l\u0259c\u0259yinin daha parlaq olmas\u0131na y\u00f6n\u0259lmi\u015fdir, d\u00f6vl\u0259tin v\u0259 d\u00f6vl\u0259t\u00e7ilik \u0259n\u0259n\u0259l\u0259rinin, demokratiyan\u0131n daha da inki\u015faf etdirilib m\u00f6hk\u0259ml\u0259ndirilm\u0259si m\u0259qs\u0259dini g\u00fcd\u00fcr.<\/p>\n<p>&nbsp;<\/p>\n<p>&nbsp;<\/p>\n<p>&nbsp;<\/p>\n<p>&nbsp;<\/p>\n<p>&nbsp;<\/p>\n<p>Yunis Eyyubov<\/p>\n<p>YAP A\u011fstafa rayon t\u0259\u015fkilat\u0131n\u0131n \u0259m\u0259kda\u015f\u0131<\/p>\n","protected":false},"excerpt":{"rendered":"<p>\u00dcmummilli lider Heyd\u0259r \u018fliyevin bilavasit\u0259 r\u0259hb\u0259rliyi il\u0259 \u0259rs\u0259y\u0259 g\u0259lmi\u015f v\u0259 q\u0259bul edilmi\u015f \u018fsas Qanun \u00f6lk\u0259mizin tarixind\u0259 \u00e7ox m\u00fch\u00fcm v\u0259 taley\u00fckl\u00fc tarixi hadis\u0259 olmaqla demokratiyam\u0131z\u0131n, d\u00f6vl\u0259t suverenliyimizin, insan h\u00fcquq v\u0259 azadl\u0131qlar\u0131n\u0131n t\u0259minat\u0131 sah\u0259sind\u0259 art\u0131q biz\u0259 \u00e7ox \u015fey vermi\u015fdir. Bizim c\u0259miyy\u0259tin \u0259n m\u00fch\u00fcm d\u0259y\u0259rl\u0259ri bu qanunun t\u0259m\u0259l prinsipl\u0259rini t\u0259\u015fkil edir. &nbsp; Konstitusiyam\u0131zda demokratik v\u0259 h\u00fcquqi d\u00f6vl\u0259t quruculu\u011funun \u0259saslar\u0131 g\u00f6st\u0259rilmi\u015f, h\u0259r bir v\u0259t\u0259nda\u015f\u0131n h\u00fcquq v\u0259 azadl\u0131qlar\u0131, se\u00e7ib-se\u00e7ilm\u0259k h\u00fcququ, \u00f6lk\u0259nin siyasi v\u0259 iqtisadi h\u0259yat\u0131\u0131nda f\u0259al rolu t\u0259sbit olunmu\u015fdur. Bizim milli Konstitusiya m\u00fcasir d\u00fcnyan\u0131n sivil d\u0259y\u0259rl\u0259rin\u0259 v\u0259 qanun yarad\u0131c\u0131l\u0131\u011f\u0131 praktikas\u0131na, milli v\u0259 \u00fcmumb\u0259\u015f\u0259ri prinsipl\u0259r\u0259 s\u00f6yk\u0259n\u0259r\u0259k&hellip;<\/p>\n","protected":false},"author":2,"featured_media":834043,"comment_status":"closed","ping_status":"closed","sticky":false,"template":"","format":"standard","meta":{"om_disable_all_campaigns":false,"_monsterinsights_skip_tracking":false,"_monsterinsights_sitenote_active":false,"_monsterinsights_sitenote_note":"","_monsterinsights_sitenote_category":0},"categories":[2],"tags":[],"aioseo_notices":[],"gutentor_comment":0,"rttpg_featured_image_url":{"full":["https:\/\/arantv.az\/wp-content\/uploads\/2025\/11\/IMG-20251104-WA0038-2.jpg",1200,797,false],"landscape":["https:\/\/arantv.az\/wp-content\/uploads\/2025\/11\/IMG-20251104-WA0038-2.jpg",1200,797,false],"portraits":["https:\/\/arantv.az\/wp-content\/uploads\/2025\/11\/IMG-20251104-WA0038-2.jpg",1200,797,false],"thumbnail":["https:\/\/arantv.az\/wp-content\/uploads\/2025\/11\/IMG-20251104-WA0038-2-500x280.jpg",500,280,true],"medium":["https:\/\/arantv.az\/wp-content\/uploads\/2025\/11\/IMG-20251104-WA0038-2-550x365.jpg",550,365,true],"large":["https:\/\/arantv.az\/wp-content\/uploads\/2025\/11\/IMG-20251104-WA0038-2-840x558.jpg",640,425,true],"1536x1536":["https:\/\/arantv.az\/wp-content\/uploads\/2025\/11\/IMG-20251104-WA0038-2.jpg",1200,797,false],"2048x2048":["https:\/\/arantv.az\/wp-content\/uploads\/2025\/11\/IMG-20251104-WA0038-2.jpg",1200,797,false],"post-thumbnail":["https:\/\/arantv.az\/wp-content\/uploads\/2025\/11\/IMG-20251104-WA0038-2-240x172.jpg",240,172,true],"advps-thumb-one":["https:\/\/arantv.az\/wp-content\/uploads\/2025\/11\/IMG-20251104-WA0038-2-1200x620.jpg",1200,620,true]},"rttpg_author":{"display_name":"V\u00fcsal Rafiqo\u011flu","author_link":"https:\/\/arantv.az\/?author=2"},"rttpg_comment":0,"rttpg_category":"<a href=\"https:\/\/arantv.az\/?cat=2\" rel=\"category\">Region X\u0259b\u0259rl\u0259ri<\/a>","rttpg_excerpt":"\u00dcmummilli lider Heyd\u0259r \u018fliyevin bilavasit\u0259 r\u0259hb\u0259rliyi il\u0259 \u0259rs\u0259y\u0259 g\u0259lmi\u015f v\u0259 q\u0259bul edilmi\u015f \u018fsas Qanun \u00f6lk\u0259mizin tarixind\u0259 \u00e7ox m\u00fch\u00fcm v\u0259 taley\u00fckl\u00fc tarixi hadis\u0259 olmaqla demokratiyam\u0131z\u0131n, d\u00f6vl\u0259t suverenliyimizin, insan h\u00fcquq v\u0259 azadl\u0131qlar\u0131n\u0131n t\u0259minat\u0131 sah\u0259sind\u0259 art\u0131q biz\u0259 \u00e7ox \u015fey vermi\u015fdir. Bizim c\u0259miyy\u0259tin \u0259n m\u00fch\u00fcm d\u0259y\u0259rl\u0259ri bu qanunun t\u0259m\u0259l prinsipl\u0259rini t\u0259\u015fkil edir. &nbsp; Konstitusiyam\u0131zda demokratik v\u0259 h\u00fcquqi d\u00f6vl\u0259t quruculu\u011funun&hellip;","_links":{"self":[{"href":"https:\/\/arantv.az\/index.php?rest_route=\/wp\/v2\/posts\/834042"}],"collection":[{"href":"https:\/\/arantv.az\/index.php?rest_route=\/wp\/v2\/posts"}],"about":[{"href":"https:\/\/arantv.az\/index.php?rest_route=\/wp\/v2\/types\/post"}],"author":[{"embeddable":true,"href":"https:\/\/arantv.az\/index.php?rest_route=\/wp\/v2\/users\/2"}],"replies":[{"embeddable":true,"href":"https:\/\/arantv.az\/index.php?rest_route=%2Fwp%2Fv2%2Fcomments&post=834042"}],"version-history":[{"count":1,"href":"https:\/\/arantv.az\/index.php?rest_route=\/wp\/v2\/posts\/834042\/revisions"}],"predecessor-version":[{"id":834044,"href":"https:\/\/arantv.az\/index.php?rest_route=\/wp\/v2\/posts\/834042\/revisions\/834044"}],"wp:featuredmedia":[{"embeddable":true,"href":"https:\/\/arantv.az\/index.php?rest_route=\/wp\/v2\/media\/834043"}],"wp:attachment":[{"href":"https:\/\/arantv.az\/index.php?rest_route=%2Fwp%2Fv2%2Fmedia&parent=834042"}],"wp:term":[{"taxonomy":"category","embeddable":true,"href":"https:\/\/arantv.az\/index.php?rest_route=%2Fwp%2Fv2%2Fcategories&post=834042"},{"taxonomy":"post_tag","embeddable":true,"href":"https:\/\/arantv.az\/index.php?rest_route=%2Fwp%2Fv2%2Ftags&post=834042"}],"curies":[{"name":"wp","href":"https:\/\/api.w.org\/{rel}","templated":true}]}}