{"id":834125,"date":"2025-11-12T13:23:05","date_gmt":"2025-11-12T09:23:05","guid":{"rendered":"https:\/\/arantv.az\/?p=834125"},"modified":"2025-11-12T13:23:05","modified_gmt":"2025-11-12T09:23:05","slug":"ilham-%c9%99liyev-%c9%99razi-butovluyunun-b%c9%99rpasi-az%c9%99rbaycanin-inkisafinda-yeni-tarixi-m%c9%99rh%c9%99l%c9%99nin-%c9%99sasini-qoyub","status":"publish","type":"post","link":"https:\/\/arantv.az\/?p=834125","title":{"rendered":"\u0130lham \u018fliyev: \u018frazi b\u00fct\u00f6vl\u00fcy\u00fcn\u00fcn b\u0259rpas\u0131 Az\u0259rbaycan\u0131n inki\u015faf\u0131nda yeni tarixi m\u0259rh\u0259l\u0259nin \u0259sas\u0131n\u0131 qoyub"},"content":{"rendered":"<p><strong>\u00d6lk\u0259nin \u0259razi b\u00fct\u00f6vl\u00fcy\u00fcn\u00fcn v\u0259 d\u00f6vl\u0259tin suverenliyinin b\u0259rpas\u0131 Az\u0259rbaycan\u0131n inki\u015faf\u0131nda yeni bir tarixi m\u0259rh\u0259l\u0259nin \u0259sas\u0131n\u0131 qoyub, h\u0259m\u00e7inin iqtisadi, sosial v\u0259 m\u0259d\u0259ni sah\u0259l\u0259rl\u0259 yana\u015f\u0131, h\u00fcquqi sah\u0259d\u0259 d\u0259 islahatlar apar\u0131lmas\u0131n\u0131 z\u0259ruri edib.<\/strong><\/p>\n<p><strong>Musavat.com<\/strong>\u00a0x\u0259b\u0259r verir ki, bu fikir Az\u0259rbaycan Prezidenti \u0130lham \u018fliyevin &#8220;Konstitusiya v\u0259 qanunun aliliyi m\u00fcasir h\u00fcquqi sisteml\u0259rd\u0259&#8221; adl\u0131 beyn\u0259lxalq konfrans\u0131n i\u015ftirak\u00e7\u0131lar\u0131na m\u00fcraci\u0259tind\u0259 yer al\u0131b.<\/p>\n<p>D\u00f6vl\u0259t ba\u015f\u00e7\u0131s\u0131, h\u0259m\u00e7inin \u0259min oldu\u011funu bildirib ki, konfransda konstitusiya quruculu\u011fu sah\u0259sind\u0259 tan\u0131nm\u0131\u015f m\u00fct\u0259x\u0259ssisl\u0259rin i\u015ftirak\u0131 il\u0259 m\u00fcxt\u0259lif aktual m\u00f6vzularda apar\u0131lacaq m\u00fczakir\u0259l\u0259r, \u0259ld\u0259 olunacaq n\u0259tic\u0259l\u0259r Konstitusiyan\u0131n aliliyinin t\u0259mini, insan v\u0259 v\u0259t\u0259nda\u015f h\u00fcquq v\u0259 azadl\u0131qlar\u0131n\u0131n daha s\u0259m\u0259r\u0259li m\u00fcdafi\u0259si istiqam\u0259tind\u0259 \u00f6z t\u00f6hf\u0259sini vermi\u015f olacaq.<\/p>\n","protected":false},"excerpt":{"rendered":"<p>\u00d6lk\u0259nin \u0259razi b\u00fct\u00f6vl\u00fcy\u00fcn\u00fcn v\u0259 d\u00f6vl\u0259tin suverenliyinin b\u0259rpas\u0131 Az\u0259rbaycan\u0131n inki\u015faf\u0131nda yeni bir tarixi m\u0259rh\u0259l\u0259nin \u0259sas\u0131n\u0131 qoyub, h\u0259m\u00e7inin iqtisadi, sosial v\u0259 m\u0259d\u0259ni sah\u0259l\u0259rl\u0259 yana\u015f\u0131, h\u00fcquqi sah\u0259d\u0259 d\u0259 islahatlar apar\u0131lmas\u0131n\u0131 z\u0259ruri edib. Musavat.com\u00a0x\u0259b\u0259r verir ki, bu fikir Az\u0259rbaycan Prezidenti \u0130lham \u018fliyevin &#8220;Konstitusiya v\u0259 qanunun aliliyi m\u00fcasir h\u00fcquqi sisteml\u0259rd\u0259&#8221; adl\u0131 beyn\u0259lxalq konfrans\u0131n i\u015ftirak\u00e7\u0131lar\u0131na m\u00fcraci\u0259tind\u0259 yer al\u0131b. D\u00f6vl\u0259t ba\u015f\u00e7\u0131s\u0131, h\u0259m\u00e7inin \u0259min oldu\u011funu bildirib ki, konfransda konstitusiya quruculu\u011fu sah\u0259sind\u0259 tan\u0131nm\u0131\u015f m\u00fct\u0259x\u0259ssisl\u0259rin i\u015ftirak\u0131 il\u0259 m\u00fcxt\u0259lif aktual m\u00f6vzularda apar\u0131lacaq m\u00fczakir\u0259l\u0259r, \u0259ld\u0259 olunacaq n\u0259tic\u0259l\u0259r Konstitusiyan\u0131n aliliyinin t\u0259mini, insan v\u0259 v\u0259t\u0259nda\u015f h\u00fcquq v\u0259 azadl\u0131qlar\u0131n\u0131n daha s\u0259m\u0259r\u0259li m\u00fcdafi\u0259si istiqam\u0259tind\u0259 \u00f6z t\u00f6hf\u0259sini&hellip;<\/p>\n","protected":false},"author":2,"featured_media":834126,"comment_status":"closed","ping_status":"closed","sticky":false,"template":"","format":"standard","meta":{"om_disable_all_campaigns":false,"_monsterinsights_skip_tracking":false,"_monsterinsights_sitenote_active":false,"_monsterinsights_sitenote_note":"","_monsterinsights_sitenote_category":0},"categories":[4],"tags":[],"aioseo_notices":[],"gutentor_comment":0,"rttpg_featured_image_url":{"full":["https:\/\/arantv.az\/wp-content\/uploads\/2025\/11\/b569fbbb36a3ee03115cb207ea8c963b.jpg",825,500,false],"landscape":["https:\/\/arantv.az\/wp-content\/uploads\/2025\/11\/b569fbbb36a3ee03115cb207ea8c963b.jpg",825,500,false],"portraits":["https:\/\/arantv.az\/wp-content\/uploads\/2025\/11\/b569fbbb36a3ee03115cb207ea8c963b.jpg",825,500,false],"thumbnail":["https:\/\/arantv.az\/wp-content\/uploads\/2025\/11\/b569fbbb36a3ee03115cb207ea8c963b-500x280.jpg",500,280,true],"medium":["https:\/\/arantv.az\/wp-content\/uploads\/2025\/11\/b569fbbb36a3ee03115cb207ea8c963b-602x365.jpg",602,365,true],"large":["https:\/\/arantv.az\/wp-content\/uploads\/2025\/11\/b569fbbb36a3ee03115cb207ea8c963b.jpg",640,388,false],"1536x1536":["https:\/\/arantv.az\/wp-content\/uploads\/2025\/11\/b569fbbb36a3ee03115cb207ea8c963b.jpg",825,500,false],"2048x2048":["https:\/\/arantv.az\/wp-content\/uploads\/2025\/11\/b569fbbb36a3ee03115cb207ea8c963b.jpg",825,500,false],"post-thumbnail":["https:\/\/arantv.az\/wp-content\/uploads\/2025\/11\/b569fbbb36a3ee03115cb207ea8c963b-240x172.jpg",240,172,true],"advps-thumb-one":["https:\/\/arantv.az\/wp-content\/uploads\/2025\/11\/b569fbbb36a3ee03115cb207ea8c963b.jpg",825,500,false]},"rttpg_author":{"display_name":"V\u00fcsal Rafiqo\u011flu","author_link":"https:\/\/arantv.az\/?author=2"},"rttpg_comment":0,"rttpg_category":"<a href=\"https:\/\/arantv.az\/?cat=4\" rel=\"category\">Siyas\u0259t<\/a>","rttpg_excerpt":"\u00d6lk\u0259nin \u0259razi b\u00fct\u00f6vl\u00fcy\u00fcn\u00fcn v\u0259 d\u00f6vl\u0259tin suverenliyinin b\u0259rpas\u0131 Az\u0259rbaycan\u0131n inki\u015faf\u0131nda yeni bir tarixi m\u0259rh\u0259l\u0259nin \u0259sas\u0131n\u0131 qoyub, h\u0259m\u00e7inin iqtisadi, sosial v\u0259 m\u0259d\u0259ni sah\u0259l\u0259rl\u0259 yana\u015f\u0131, h\u00fcquqi sah\u0259d\u0259 d\u0259 islahatlar apar\u0131lmas\u0131n\u0131 z\u0259ruri edib. Musavat.com\u00a0x\u0259b\u0259r verir ki, bu fikir Az\u0259rbaycan Prezidenti \u0130lham \u018fliyevin &#8220;Konstitusiya v\u0259 qanunun aliliyi m\u00fcasir h\u00fcquqi sisteml\u0259rd\u0259&#8221; adl\u0131 beyn\u0259lxalq konfrans\u0131n i\u015ftirak\u00e7\u0131lar\u0131na m\u00fcraci\u0259tind\u0259 yer al\u0131b. D\u00f6vl\u0259t ba\u015f\u00e7\u0131s\u0131, h\u0259m\u00e7inin&hellip;","_links":{"self":[{"href":"https:\/\/arantv.az\/index.php?rest_route=\/wp\/v2\/posts\/834125"}],"collection":[{"href":"https:\/\/arantv.az\/index.php?rest_route=\/wp\/v2\/posts"}],"about":[{"href":"https:\/\/arantv.az\/index.php?rest_route=\/wp\/v2\/types\/post"}],"author":[{"embeddable":true,"href":"https:\/\/arantv.az\/index.php?rest_route=\/wp\/v2\/users\/2"}],"replies":[{"embeddable":true,"href":"https:\/\/arantv.az\/index.php?rest_route=%2Fwp%2Fv2%2Fcomments&post=834125"}],"version-history":[{"count":1,"href":"https:\/\/arantv.az\/index.php?rest_route=\/wp\/v2\/posts\/834125\/revisions"}],"predecessor-version":[{"id":834127,"href":"https:\/\/arantv.az\/index.php?rest_route=\/wp\/v2\/posts\/834125\/revisions\/834127"}],"wp:featuredmedia":[{"embeddable":true,"href":"https:\/\/arantv.az\/index.php?rest_route=\/wp\/v2\/media\/834126"}],"wp:attachment":[{"href":"https:\/\/arantv.az\/index.php?rest_route=%2Fwp%2Fv2%2Fmedia&parent=834125"}],"wp:term":[{"taxonomy":"category","embeddable":true,"href":"https:\/\/arantv.az\/index.php?rest_route=%2Fwp%2Fv2%2Fcategories&post=834125"},{"taxonomy":"post_tag","embeddable":true,"href":"https:\/\/arantv.az\/index.php?rest_route=%2Fwp%2Fv2%2Ftags&post=834125"}],"curies":[{"name":"wp","href":"https:\/\/api.w.org\/{rel}","templated":true}]}}