{"id":834128,"date":"2025-11-12T13:24:04","date_gmt":"2025-11-12T09:24:04","guid":{"rendered":"https:\/\/arantv.az\/?p=834128"},"modified":"2025-11-12T13:24:04","modified_gmt":"2025-11-12T09:24:04","slug":"prezident-beyn%c9%99lxalq-konfransin-istirakcilarina-muraci%c9%99t-unvanladi","status":"publish","type":"post","link":"https:\/\/arantv.az\/?p=834128","title":{"rendered":"Prezident beyn\u0259lxalq konfrans\u0131n i\u015ftirak\u00e7\u0131lar\u0131na m\u00fcraci\u0259t \u00fcnvanlad\u0131"},"content":{"rendered":"<p><strong>Prezident \u0130lham \u018fliyev &#8220;Konstitusiya v\u0259 qanunun aliliyi m\u00fcasir h\u00fcquqi sisteml\u0259rd\u0259&#8221; m\u00f6vzusunda t\u0259\u015fkil olunan beyn\u0259lxalq konfrans\u0131n i\u015ftirak\u00e7\u0131lar\u0131na m\u00fcraci\u0259t \u00fcnvanlay\u0131b.<\/strong><\/p>\n<p><strong>Musavat.com<\/strong>-un m\u0259lumat\u0131na g\u00f6r\u0259, m\u0259tnd\u0259 deyilir:<\/p>\n<p>&#8220;H\u00f6rm\u0259tli konfrans i\u015ftirak\u00e7\u0131lar\u0131,<\/p>\n<p>Sizi Az\u0259rbaycan Respublikas\u0131 Konstitusiyas\u0131n\u0131n q\u0259bul edilm\u0259sinin 30-cu ild\u00f6n\u00fcm\u00fcn\u0259 h\u0259sr olunmu\u015f &#8220;Konstitusiya v\u0259 qanunun aliliyi m\u00fcasir h\u00fcquqi sisteml\u0259rd\u0259&#8221; m\u00f6vzusunda beyn\u0259lxalq konfransda s\u0259mimi-q\u0259lbd\u0259n salamlay\u0131ram.<\/p>\n<p>D\u00fcz 30 il \u0259vv\u0259l bu g\u00fcn \u2013 1995-ci il noyabr\u0131n 12-d\u0259 Az\u0259rbaycan xalq\u0131 \u00f6z\u00fcn\u00fcn \u00e7ox\u0259srlik d\u00f6vl\u0259t\u00e7ilik \u0259n\u0259n\u0259l\u0259rinin davam\u0131 olaraq, \u00fcmumxalq s\u0259sverm\u0259si \u2013 referendum yolu il\u0259 suveren Az\u0259rbaycan Respublikas\u0131n\u0131n ilk Konstitusiyas\u0131n\u0131 q\u0259bul etmi\u015fdir. M\u00fcst\u0259qilliyinin yeni qazan\u0131ld\u0131\u011f\u0131, \u0259razil\u0259rinin h\u0259rbi t\u0259cav\u00fcz\u0259 m\u0259ruz qald\u0131\u011f\u0131, daxili g\u0259rginliyin h\u00f6km s\u00fcrd\u00fcy\u00fc bir \u015f\u0259raitd\u0259 bu ali h\u00fcquqi s\u0259n\u0259din q\u0259bulu \u00f6lk\u0259 tarixi \u00fc\u00e7\u00fcn \u00e7ox m\u00fch\u00fcm ictimai-siyasi hadis\u0259 olmaqla, Az\u0259rbaycan\u0131n d\u00f6vl\u0259t quruculu\u011funda yeni bir s\u0259hif\u0259nin ba\u015flan\u011f\u0131c\u0131n\u0131 qoymu\u015fdur.<\/p>\n<p>Layih\u0259si Az\u0259rbaycan xalq\u0131n\u0131n \u00dcmummilli Lideri Heyd\u0259r \u018fliyevin birba\u015fa r\u0259hb\u0259rlik etdiyi komissiya t\u0259r\u0259find\u0259n haz\u0131rlanm\u0131\u015f, \u00fcmumb\u0259\u015f\u0259ri d\u0259y\u0259rl\u0259r\u0259, d\u00fcnyan\u0131n qabaqc\u0131l demokratik d\u00f6vl\u0259tl\u0259rinin konstitusion t\u0259cr\u00fcb\u0259sin\u0259 \u0259saslanan Konstitusiya m\u00fcasir, demokratik, h\u00fcquqi v\u0259 d\u00fcny\u0259vi d\u00f6vl\u0259t quruculu\u011funun, v\u0259t\u0259nda\u015f c\u0259miyy\u0259tinin b\u0259rq\u0259rar olmas\u0131n\u0131n v\u0259 demokratik \u0259n\u0259n\u0259l\u0259rin t\u0259\u015f\u0259kk\u00fcl\u00fcn\u00fcn qarant\u0131 rolunu oynam\u0131\u015fd\u0131r.<\/p>\n<p>\u018fsas Qanunda Az\u0259rbaycan xalq\u0131 d\u00f6vl\u0259t hakimiyy\u0259tinin yegan\u0259 m\u0259nb\u0259yi olaraq b\u0259yan edilmi\u015f, hakimiyy\u0259tl\u0259rin b\u00f6lg\u00fcs\u00fc prinsipin\u0259 uy\u011fun qaydada, qanunvericilik, icra v\u0259 m\u0259hk\u0259m\u0259 hakimiyy\u0259tl\u0259ri aras\u0131nda qar\u015f\u0131l\u0131ql\u0131 balans v\u0259 s\u0259lahiyy\u0259t \u00e7\u0259r\u00e7iv\u0259si m\u00fc\u0259yy\u0259n edilmi\u015f, insan v\u0259 v\u0259t\u0259nda\u015f h\u00fcquqlar\u0131n\u0131n v\u0259 azadl\u0131qlar\u0131n\u0131n, Az\u0259rbaycan Respublikas\u0131n\u0131n v\u0259t\u0259nda\u015flar\u0131na layiqli h\u0259yat s\u0259viyy\u0259sinin t\u0259min edilm\u0259si d\u00f6vl\u0259tin ali m\u0259qs\u0259di kimi t\u0259sbit edilmi\u015fdir. M\u0259hk\u0259m\u0259 hakimiyy\u0259tinin m\u00fcst\u0259qilliyinin t\u0259mini, siyasi pl\u00fcralizmin d\u0259st\u0259kl\u0259nm\u0259si, yerli \u00f6z\u00fcn\u00fcidar\u0259etm\u0259nin fundamental \u0259saslar\u0131n\u0131n formala\u015fd\u0131r\u0131lmas\u0131 da Konstitusiyada yer tutan \u0259sas m\u0259s\u0259l\u0259l\u0259rd\u0259ndir.<\/p>\n<p>Q\u0259bulundan ke\u00e7\u0259n d\u00f6vr \u0259rzind\u0259 Konstitusiya \u00f6lk\u0259 daxilind\u0259 apar\u0131lan \u00e7ox\u015fax\u0259li islahatlar v\u0259 qloballa\u015fan d\u00fcnyaya inteqrasiya \u00fc\u00e7\u00fcn \u00f6z\u00fcl qismind\u0259 \u00e7\u0131x\u0131\u015f etmi\u015f, c\u0259miyy\u0259td\u0259 qanunun aliliyinin t\u0259mini, azad sahibkarl\u0131\u011f\u0131n v\u0259 bazar iqtisadiyyat\u0131n\u0131n inki\u015faf\u0131, xalq\u0131n tarixi, milli-m\u0259d\u0259ni irsinin qorunmas\u0131 istiqam\u0259tind\u0259 \u0259v\u0259zsiz rola malik oldu\u011funu v\u0259 sa\u011flam t\u0259m\u0259ll\u0259r \u00fcz\u0259rind\u0259 quruldu\u011funu s\u00fcbut etmi\u015fdir.<\/p>\n<p>Az\u0259rbaycan\u0131n s\u00fcr\u0259tli sosial-iqtisadi inki\u015faf\u0131, regionun qabaqc\u0131l d\u00f6vl\u0259ti kimi layiqli yer tutmas\u0131 v\u0259 c\u0259miyy\u0259td\u0259 ba\u015f ver\u0259n ictimai-siyasi prosesl\u0259r Konstitusiyan\u0131n da d\u00f6vr\u00fcn \u00e7a\u011f\u0131r\u0131\u015flar\u0131na uy\u011funla\u015fd\u0131r\u0131lmas\u0131n\u0131 z\u0259ruri etmi\u015fdir. Bu m\u0259qs\u0259dl\u0259 m\u00fcxt\u0259lif ill\u0259rd\u0259 Konstitusiyaya edil\u0259n \u0259lav\u0259 v\u0259 d\u0259yi\u015fiklikl\u0259r insan h\u00fcquq v\u0259 azadl\u0131qlar\u0131n\u0131n t\u0259minat\u0131 mexanizml\u0259rinin g\u00fccl\u0259ndirilm\u0259si, v\u0259t\u0259nda\u015f c\u0259miyy\u0259tinin \u0259saslar\u0131n\u0131n d\u0259rinl\u0259\u015fdirilm\u0259si v\u0259 d\u00f6vl\u0259t idar\u0259etm\u0259sinin t\u0259kmill\u0259\u015fdirilm\u0259si y\u00f6n\u00fcnd\u0259 bir \u00e7ox \u0259h\u0259miyy\u0259tli m\u0259s\u0259l\u0259l\u0259ri ehtiva etmi\u015fdir.<\/p>\n<p>Bu il biz h\u0259m d\u0259 i\u015f\u011fala m\u0259ruz qalm\u0131\u015f torpaqlar\u0131m\u0131z\u0131n azad edilm\u0259si u\u011frunda apard\u0131\u011f\u0131m\u0131z 44 g\u00fcnl\u00fck V\u0259t\u0259n m\u00fcharib\u0259sind\u0259 qazand\u0131\u011f\u0131m\u0131z tarixi Z\u0259f\u0259rin be\u015finci ild\u00f6n\u00fcm\u00fcn\u00fc b\u00f6y\u00fck q\u00fcrur hissi il\u0259 qeyd edirik. \u00d6lk\u0259nin \u0259razi b\u00fct\u00f6vl\u00fcy\u00fcn\u00fcn v\u0259 d\u00f6vl\u0259tin suverenliyinin b\u0259rpas\u0131 Az\u0259rbaycan\u0131n inki\u015faf\u0131nda yeni bir tarixi m\u0259rh\u0259l\u0259nin \u0259sas\u0131n\u0131 qoymu\u015f, h\u0259m\u00e7inin iqtisadi, sosial v\u0259 m\u0259d\u0259ni sah\u0259l\u0259rl\u0259 yana\u015f\u0131, h\u00fcquqi sah\u0259d\u0259 d\u0259 islahatlar apar\u0131lmas\u0131n\u0131 z\u0259ruri etmi\u015fdir. Bu bax\u0131mdan, \u0259min\u0259m ki, konfransda konstitusiya quruculu\u011fu sah\u0259sind\u0259 tan\u0131nm\u0131\u015f m\u00fct\u0259x\u0259ssisl\u0259rin i\u015ftirak\u0131 il\u0259 m\u00fcxt\u0259lif aktual m\u00f6vzularda apar\u0131lacaq m\u00fczakir\u0259l\u0259r, \u0259ld\u0259 olunacaq n\u0259tic\u0259l\u0259r Konstitusiyan\u0131n aliliyinin t\u0259mini, insan v\u0259 v\u0259t\u0259nda\u015f h\u00fcquq v\u0259 azadl\u0131qlar\u0131n\u0131n daha s\u0259m\u0259r\u0259li m\u00fcdafi\u0259si istiqam\u0259tind\u0259 \u00f6z t\u00f6hf\u0259sini vermi\u015f olacaqd\u0131r.<\/p>\n<p>Bir daha Sizi Bak\u0131da \u00fcr\u0259kd\u0259n salamlay\u0131r v\u0259 konfrans\u0131n i\u015fin\u0259 u\u011furlar arzulay\u0131ram&#8221;.<\/p>\n","protected":false},"excerpt":{"rendered":"<p>Prezident \u0130lham \u018fliyev &#8220;Konstitusiya v\u0259 qanunun aliliyi m\u00fcasir h\u00fcquqi sisteml\u0259rd\u0259&#8221; m\u00f6vzusunda t\u0259\u015fkil olunan beyn\u0259lxalq konfrans\u0131n i\u015ftirak\u00e7\u0131lar\u0131na m\u00fcraci\u0259t \u00fcnvanlay\u0131b. Musavat.com-un m\u0259lumat\u0131na g\u00f6r\u0259, m\u0259tnd\u0259 deyilir: &#8220;H\u00f6rm\u0259tli konfrans i\u015ftirak\u00e7\u0131lar\u0131, Sizi Az\u0259rbaycan Respublikas\u0131 Konstitusiyas\u0131n\u0131n q\u0259bul edilm\u0259sinin 30-cu ild\u00f6n\u00fcm\u00fcn\u0259 h\u0259sr olunmu\u015f &#8220;Konstitusiya v\u0259 qanunun aliliyi m\u00fcasir h\u00fcquqi sisteml\u0259rd\u0259&#8221; m\u00f6vzusunda beyn\u0259lxalq konfransda s\u0259mimi-q\u0259lbd\u0259n salamlay\u0131ram. D\u00fcz 30 il \u0259vv\u0259l bu g\u00fcn \u2013 1995-ci il noyabr\u0131n 12-d\u0259 Az\u0259rbaycan xalq\u0131 \u00f6z\u00fcn\u00fcn \u00e7ox\u0259srlik d\u00f6vl\u0259t\u00e7ilik \u0259n\u0259n\u0259l\u0259rinin davam\u0131 olaraq, \u00fcmumxalq s\u0259sverm\u0259si \u2013 referendum yolu il\u0259 suveren Az\u0259rbaycan Respublikas\u0131n\u0131n ilk Konstitusiyas\u0131n\u0131 q\u0259bul etmi\u015fdir. M\u00fcst\u0259qilliyinin yeni qazan\u0131ld\u0131\u011f\u0131, \u0259razil\u0259rinin h\u0259rbi t\u0259cav\u00fcz\u0259 m\u0259ruz qald\u0131\u011f\u0131, daxili g\u0259rginliyin&hellip;<\/p>\n","protected":false},"author":2,"featured_media":834129,"comment_status":"closed","ping_status":"closed","sticky":false,"template":"","format":"standard","meta":{"om_disable_all_campaigns":false,"_monsterinsights_skip_tracking":false,"_monsterinsights_sitenote_active":false,"_monsterinsights_sitenote_note":"","_monsterinsights_sitenote_category":0},"categories":[4],"tags":[],"aioseo_notices":[],"gutentor_comment":0,"rttpg_featured_image_url":{"full":["https:\/\/arantv.az\/wp-content\/uploads\/2025\/11\/0e8b3a48877eef3ed3bde9896ba4a175.jpg",824,500,false],"landscape":["https:\/\/arantv.az\/wp-content\/uploads\/2025\/11\/0e8b3a48877eef3ed3bde9896ba4a175.jpg",824,500,false],"portraits":["https:\/\/arantv.az\/wp-content\/uploads\/2025\/11\/0e8b3a48877eef3ed3bde9896ba4a175.jpg",824,500,false],"thumbnail":["https:\/\/arantv.az\/wp-content\/uploads\/2025\/11\/0e8b3a48877eef3ed3bde9896ba4a175-500x280.jpg",500,280,true],"medium":["https:\/\/arantv.az\/wp-content\/uploads\/2025\/11\/0e8b3a48877eef3ed3bde9896ba4a175-602x365.jpg",602,365,true],"large":["https:\/\/arantv.az\/wp-content\/uploads\/2025\/11\/0e8b3a48877eef3ed3bde9896ba4a175.jpg",640,388,false],"1536x1536":["https:\/\/arantv.az\/wp-content\/uploads\/2025\/11\/0e8b3a48877eef3ed3bde9896ba4a175.jpg",824,500,false],"2048x2048":["https:\/\/arantv.az\/wp-content\/uploads\/2025\/11\/0e8b3a48877eef3ed3bde9896ba4a175.jpg",824,500,false],"post-thumbnail":["https:\/\/arantv.az\/wp-content\/uploads\/2025\/11\/0e8b3a48877eef3ed3bde9896ba4a175-240x172.jpg",240,172,true],"advps-thumb-one":["https:\/\/arantv.az\/wp-content\/uploads\/2025\/11\/0e8b3a48877eef3ed3bde9896ba4a175.jpg",824,500,false]},"rttpg_author":{"display_name":"V\u00fcsal Rafiqo\u011flu","author_link":"https:\/\/arantv.az\/?author=2"},"rttpg_comment":0,"rttpg_category":"<a href=\"https:\/\/arantv.az\/?cat=4\" rel=\"category\">Siyas\u0259t<\/a>","rttpg_excerpt":"Prezident \u0130lham \u018fliyev &#8220;Konstitusiya v\u0259 qanunun aliliyi m\u00fcasir h\u00fcquqi sisteml\u0259rd\u0259&#8221; m\u00f6vzusunda t\u0259\u015fkil olunan beyn\u0259lxalq konfrans\u0131n i\u015ftirak\u00e7\u0131lar\u0131na m\u00fcraci\u0259t \u00fcnvanlay\u0131b. Musavat.com-un m\u0259lumat\u0131na g\u00f6r\u0259, m\u0259tnd\u0259 deyilir: &#8220;H\u00f6rm\u0259tli konfrans i\u015ftirak\u00e7\u0131lar\u0131, Sizi Az\u0259rbaycan Respublikas\u0131 Konstitusiyas\u0131n\u0131n q\u0259bul edilm\u0259sinin 30-cu ild\u00f6n\u00fcm\u00fcn\u0259 h\u0259sr olunmu\u015f &#8220;Konstitusiya v\u0259 qanunun aliliyi m\u00fcasir h\u00fcquqi sisteml\u0259rd\u0259&#8221; m\u00f6vzusunda beyn\u0259lxalq konfransda s\u0259mimi-q\u0259lbd\u0259n salamlay\u0131ram. D\u00fcz 30 il \u0259vv\u0259l bu g\u00fcn \u2013&hellip;","_links":{"self":[{"href":"https:\/\/arantv.az\/index.php?rest_route=\/wp\/v2\/posts\/834128"}],"collection":[{"href":"https:\/\/arantv.az\/index.php?rest_route=\/wp\/v2\/posts"}],"about":[{"href":"https:\/\/arantv.az\/index.php?rest_route=\/wp\/v2\/types\/post"}],"author":[{"embeddable":true,"href":"https:\/\/arantv.az\/index.php?rest_route=\/wp\/v2\/users\/2"}],"replies":[{"embeddable":true,"href":"https:\/\/arantv.az\/index.php?rest_route=%2Fwp%2Fv2%2Fcomments&post=834128"}],"version-history":[{"count":1,"href":"https:\/\/arantv.az\/index.php?rest_route=\/wp\/v2\/posts\/834128\/revisions"}],"predecessor-version":[{"id":834130,"href":"https:\/\/arantv.az\/index.php?rest_route=\/wp\/v2\/posts\/834128\/revisions\/834130"}],"wp:featuredmedia":[{"embeddable":true,"href":"https:\/\/arantv.az\/index.php?rest_route=\/wp\/v2\/media\/834129"}],"wp:attachment":[{"href":"https:\/\/arantv.az\/index.php?rest_route=%2Fwp%2Fv2%2Fmedia&parent=834128"}],"wp:term":[{"taxonomy":"category","embeddable":true,"href":"https:\/\/arantv.az\/index.php?rest_route=%2Fwp%2Fv2%2Fcategories&post=834128"},{"taxonomy":"post_tag","embeddable":true,"href":"https:\/\/arantv.az\/index.php?rest_route=%2Fwp%2Fv2%2Ftags&post=834128"}],"curies":[{"name":"wp","href":"https:\/\/api.w.org\/{rel}","templated":true}]}}