{"id":834267,"date":"2025-11-12T17:29:16","date_gmt":"2025-11-12T13:29:16","guid":{"rendered":"https:\/\/arantv.az\/?p=834267"},"modified":"2025-11-12T17:29:16","modified_gmt":"2025-11-12T13:29:16","slug":"paytaxtin-daha-bir-moht%c9%99s%c9%99m-unvani-z%c9%99f%c9%99r-muzeyifotovideo","status":"publish","type":"post","link":"https:\/\/arantv.az\/?p=834267","title":{"rendered":"Paytaxt\u0131n daha bir m\u00f6ht\u0259\u015f\u0259m \u00fcnvan\u0131 &#8211; Z\u0259f\u0259r muzeyiFOTOV\u0130DEO"},"content":{"rendered":"<div class=\"text-content\" data-id=\"\" data-url=\"\">\n<p><strong>M\u0259lum oldu\u011fu kimi, Z\u0259f\u0259r g\u00fcn\u00fc Az\u0259rbaycan Respublikas\u0131n\u0131n Prezidenti \u0130lham \u018fliyev v\u0259 birinci xan\u0131m Mehriban \u018fliyeva Bak\u0131da Z\u0259f\u0259r abid\u0259sini ziyar\u0259t edib v\u0259 Z\u0259f\u0259r muzeyinin a\u00e7\u0131l\u0131\u015f\u0131nda i\u015ftirak edibl\u0259r. Prezident \u0130lham \u018fliyev Z\u0259f\u0259r abid\u0259sinin \u00f6n\u00fcn\u0259 \u0259klil qoyub, \u015f\u0259hidl\u0259rin xatir\u0259sini ehtiramla an\u0131b. Birinci xan\u0131m Mehriban \u018fliyeva abid\u0259nin \u00f6n\u00fcn\u0259 g\u00fcl d\u0259st\u0259l\u0259ri d\u00fcz\u00fcb. Daha sonra d\u00f6vl\u0259timizin ba\u015f\u00e7\u0131s\u0131 v\u0259 birinci xan\u0131m Z\u0259f\u0259r muzeyinin a\u00e7\u0131l\u0131\u015f\u0131nda i\u015ftirak edibl\u0259r.<\/strong><\/p>\n<p>A\u00e7\u0131l\u0131\u015fdan sonra Z\u0259f\u0259r muzeyi v\u0259t\u0259nda\u015flar\u0131m\u0131z\u0131n v\u0259 turistl\u0259rin \u00fcz\u00fcn\u0259 a\u00e7\u0131q elan olunub.<\/p>\n<p>Musavat.com-un m\u0259lumat\u0131na g\u00f6r\u0259, Prezident \u0130lham \u018fliyevin tap\u015f\u0131r\u0131\u011f\u0131na \u0259sas\u0259n, ziyar\u0259t\u00e7il\u0259r 3 g\u00fcn \u0259rzind\u0259, 9\u201311 noyabr tarixl\u0259rind\u0259 Z\u0259f\u0259r muzeyini \u00f6d\u0259ni\u015fsiz ziyar\u0259t etm\u0259k imkan\u0131 qazan\u0131blar. 12 noyabrdan etibar\u0259n muzey bilet sistemi il\u0259 f\u0259aliyy\u0259t g\u00f6st\u0259r\u0259c\u0259k. Bilet qiym\u0259tl\u0259ri a\u015fa\u011f\u0131dak\u0131 kimidir: Az\u0259rbaycan v\u0259t\u0259nda\u015flar\u0131 \u00fc\u00e7\u00fcn: M\u0259kt\u0259b ya\u015fl\u0131 u\u015faqlar \u2013 \u00f6d\u0259ni\u015fsiz, t\u0259l\u0259b\u0259l\u0259r \u2013 1 AZN, b\u00f6y\u00fckl\u0259r \u2013 5 AZN.<\/p>\n<p><strong>Xarici v\u0259t\u0259nda\u015flar \u00fc\u00e7\u00fcn: u\u015faqlar \u2013 6 AZN, b\u00f6y\u00fckl\u0259r \u2013 15 AZN.<\/strong><\/p>\n<p>\u015e\u0259hid ail\u0259l\u0259ri, m\u00fcharib\u0259 i\u015ftirak\u00e7\u0131lar\u0131, h\u0259rbi qulluq\u00e7ular v\u0259 I, II qrup \u0259lill\u0259r muzeyi \u00f6d\u0259ni\u015fsiz ziyar\u0259t ed\u0259 bil\u0259c\u0259kl\u0259r.<\/p>\n<p>\u015eanl\u0131 Z\u0259f\u0259rimizin \u015f\u0259r\u0259fli s\u0259hif\u0259l\u0259rini \u00f6z\u00fcnd\u0259 \u0259ks etdir\u0259n Z\u0259f\u0259r muzeyin\u0259 ziyar\u0259t\u0259 g\u0259l\u0259nl\u0259rin ard\u0131-aras\u0131 k\u0259silmir. U\u015faqdan-b\u00f6y\u00fcy\u0259 h\u0259r k\u0259s bu oca\u011f\u0131 ziyar\u0259t etm\u0259y\u0259 t\u0259l\u0259sir. Ziyar\u0259t\u00e7il\u0259rin say\u0131n\u0131n \u00e7ox olmas\u0131 t\u0259\u015fkilat\u00e7\u0131lar\u0131n i\u015fini \u00e7\u0259tinl\u0259\u015fdirs\u0259 d\u0259, kifay\u0259t q\u0259d\u0259r m\u0259har\u0259tl\u0259 bu, m\u00fcq\u0259dd\u0259s missiyan\u0131n \u00f6hd\u0259sind\u0259n g\u0259lirl\u0259r, el\u0259 Musavat.com-un \u0259m\u0259kda\u015f\u0131 olaraq s\u00f6z\u00fcged\u0259n \u00fcnvanda olark\u0259n \u00fcr\u0259ka\u00e7an m\u0259nz\u0259r\u0259nin \u015fahidi olduq.<\/p>\n<div id=\"jwplayer_video_1\" class=\"jwplayer jw-reset jw-state-idle jw-skin-seven jw-stretch-uniform jw-breakpoint-4 jw-flag-user-inactive\" tabindex=\"0\">\n<div class=\"jw-media jw-reset\"><\/div>\n<div class=\"jw-preview jw-reset\"><\/div>\n<div class=\"jw-overlays jw-reset\">\n<div id=\"jwplayer_video_1_jwpsrv\" class=\"jw-plugin jw-reset\"><\/div>\n<div id=\"jwplayer_video_1_related\" class=\"jw-plugin jw-reset jw-plugin-related\"><\/div>\n<\/div>\n<div class=\"jw-controls jw-reset\">\n<div class=\"jw-display-icon-container jw-background-color jw-reset\">\n<div class=\"jw-icon jw-icon-display jw-button-color jw-reset\" tabindex=\"0\" role=\"button\" aria-label=\"Start playback\"><\/div>\n<\/div>\n<div class=\"jw-controls-right jw-reset\">\n<div class=\"jw-dock jw-reset\"><\/div>\n<\/div>\n<div class=\"jw-nextup-container jw-reset\">\n<div class=\"jw-nextup jw-reset\">\n<div class=\"jw-nextup-tooltip jw-reset\">\n<div class=\"jw-nextup-header jw-reset\"><\/div>\n<div class=\"jw-nextup-body jw-background-color jw-reset\">\n<div class=\"jw-nextup-title jw-reset\"><\/div>\n<\/div>\n<\/div>\n<p><button class=\"jw-nextup-close\" aria-label=\"Next Up Close\"><\/button><\/div>\n<\/div>\n<\/div>\n<div class=\"afs_ads\"><\/div>\n<\/div>\n<p>M\u00fchafiz\u0259\u00e7il\u0259r \u0259vv\u0259lc\u0259 ziyar\u0259t\u0259 g\u0259l\u0259nl\u0259rd\u0259n ail\u0259l\u0259rind\u0259 \u015f\u0259hidl\u0259rin olub-olmad\u0131\u011f\u0131n\u0131 soru\u015fur, t\u0259sdiq cavab\u0131 oldu\u011fu t\u0259qdird\u0259, onlar\u0131 \u015f\u0259hid ail\u0259l\u0259ri \u00fc\u00e7\u00fcn n\u0259z\u0259rd\u0259 tutulmu\u015f ke\u00e7idd\u0259n i\u00e7\u0259ri yola sal\u0131rlar. Burada is\u0259 ziyar\u0259t\u00e7il\u0259ri k\u00f6n\u00fcll\u00fc g\u0259ncl\u0259r qar\u015f\u0131lay\u0131r v\u0259 m\u00fc\u015fayi\u0259t edir. Dig\u0259r istiqam\u0259td\u0259 topla\u015fan ziyar\u0259t\u00e7il\u0259r is\u0259 n\u00f6vb\u0259li qaydada muzey\u0259 daxil olurlar. M\u00fchafiz\u0259\u00e7il\u0259r bildirir ki, ilk g\u00fcnl\u0259r h\u0259m giri\u015fin \u00f6d\u0259ni\u015fsiz olmas\u0131, h\u0259m d\u0259 qeyri-i\u015f g\u00fcnl\u0259rin\u0259 t\u0259sad\u00fcf etm\u0259si s\u0259b\u0259bind\u0259n ziyar\u0259t\u00e7il\u0259rin ax\u0131n\u0131 g\u00fcn \u0259rzind\u0259 davam edib.<\/p>\n<p>Qeyd ed\u0259k ki, Z\u0259f\u0259r muzeyi Az\u0259rbaycan Respublikas\u0131n\u0131n Prezidenti \u0130lham \u018fliyevin 2020-ci ilin dekabr\u0131nda \u201cBak\u0131 \u015f\u0259h\u0259rind\u0259 V\u0259t\u0259n m\u00fcharib\u0259si memorial kompleksinin v\u0259 Z\u0259f\u0259r muzeyinin yarad\u0131lmas\u0131 haqq\u0131nda\u201d S\u0259r\u0259ncam\u0131ndan ir\u0259li g\u0259l\u0259r\u0259k Az\u0259rbaycan xalq\u0131n\u0131n V\u0259t\u0259n m\u00fcharib\u0259sind\u0259 g\u00f6st\u0259rdiyi misilsiz q\u0259hr\u0259manl\u0131\u011f\u0131n v\u0259 qazand\u0131\u011f\u0131 \u015fanl\u0131 Z\u0259f\u0259rin n\u00fcmayi\u015f etdirilm\u0259si, \u015f\u0259hidl\u0259rimizin \u0259ziz xatir\u0259sinin \u0259b\u0259dil\u0259\u015fdirilm\u0259si m\u0259qs\u0259dil\u0259 yarad\u0131l\u0131b.<\/p>\n<p>Muzeyin ekspozisiyas\u0131 beyn\u0259lxalq t\u0259cr\u00fcb\u0259 v\u0259 d\u00fcnyada m\u00f6vcud muzey konsepsiyalar\u0131 \u0259sas g\u00f6t\u00fcr\u00fclm\u0259kl\u0259, h\u0259m\u00e7inin \u0259n son texnologiyalar t\u0259tbiq edilm\u0259kl\u0259 i\u015fl\u0259nilib. Muzeyin giri\u015f hiss\u0259sind\u0259 Erm\u0259nistana m\u0259xsus n\u00f6mr\u0259 ni\u015fanlar\u0131n\u0131n \u00fcz\u0259rin\u0259 h\u0259kk olunmu\u015f \u201cQaraba\u011f Az\u0259rbaycand\u0131r\u201d s\u00f6zl\u0259rinin fonunda M\u00fcz\u0259ff\u0259r Ali Ba\u015f Komandan, Prezident \u0130lham \u018fliyevin h\u0259rbi geyimd\u0259 \u015f\u0259kli qar\u015f\u0131lay\u0131r ziyar\u0259t\u00e7il\u0259ri. Muzeyin giri\u015find\u0259 tarixi Q\u0259l\u0259b\u0259nin r\u0259mzin\u0259 \u00e7evrilmi\u015f \u201cD\u0259mir yumruq\u201d instalyasiyas\u0131, h\u0259m\u00e7inin a\u011f divar boyunca q\u0259hr\u0259man \u015f\u0259hidl\u0259rimizin adlar\u0131 s\u0131ralan\u0131b. C\u0259nab Prezident v\u0259 Birinci xan\u0131m\u0131n qar\u015f\u0131s\u0131nda \u015f\u0259kil \u00e7\u0259kdirdikl\u0259ri bu adlar\u0131n h\u0259r biri \u0259z\u0259m\u0259tli d\u00f6y\u00fc\u015f hekay\u0259l\u0259ridir, q\u0259hr\u0259manl\u0131q dastanlar\u0131d\u0131r. Divarboyu axan su daimi h\u0259yat m\u0259nb\u0259yi kimi \u015f\u0259hidl\u0259rimizin q\u0259hr\u0259manl\u0131qlar\u0131 il\u0259 \u00f6l\u00fcms\u00fczl\u00fcy\u0259 qovu\u015fduqlar\u0131n\u0131, h\u0259r zaman q\u0259lbimizd\u0259 ya\u015fad\u0131qlar\u0131n\u0131 \u00f6z\u00fcnd\u0259 simvoliz\u0259 edir. \u015e\u0259hidl\u0259rimizin ruhuna ehtiramla i\u00e7\u0259ri daxil oluruq.<\/p>\n<p>Muzeyd\u0259 bir-birind\u0259n maraql\u0131 8 ekspozisiya zal\u0131 yarad\u0131l\u0131b:\u00a0\u201cQaraba\u011f v\u0259 \u015e\u0259rqi Z\u0259ng\u0259zur. \u018fsrl\u0259rin hekay\u0259si\u201d, \u201cErm\u0259nistan\u2013Az\u0259rbaycan m\u00fcnaqi\u015f\u0259si. Tarix\u0259 bax\u0131\u015f\u201d, \u201c44 g\u00fcnl\u00fck V\u0259t\u0259n m\u00fcharib\u0259si. \u201cD\u0259mir yumruq\u201d \u0259m\u0259liyyat\u0131\u201d, \u201c\u015eanl\u0131 Z\u0259f\u0259r. \u015eu\u015fan\u0131n azad olunmas\u0131\u201d, \u201cQ\u0259hr\u0259manlar yolu\u201d, \u201cQaraba\u011f Az\u0259rbaycand\u0131r!\u201d, \u201cD\u00f6vl\u0259t suverenliyinin b\u0259rpas\u0131. 20.09.2023\u201d, \u201cQaraba\u011f v\u0259 \u015e\u0259rqi Z\u0259ng\u0259zur. Dir\u00e7\u0259li\u015f\u201d.<\/p>\n<p>T\u0259qdim olunan faktlar, foto v\u0259 videomateriallar, interaktiv n\u00fcmayi\u015fl\u0259r v\u0259 x\u00fcsusi olaraq bu muzey \u00fc\u00e7\u00fcn haz\u0131rlanm\u0131\u015f eksponatlar, maketl\u0259r m\u00fcnaqi\u015f\u0259 haqq\u0131nda h\u0259qiq\u0259tl\u0259ri, 44 g\u00fcnl\u00fck V\u0259t\u0259n m\u00fcharib\u0259sinin gedi\u015fi, \u015fanl\u0131 Z\u0259f\u0259r n\u0259tic\u0259sind\u0259 d\u00f6vl\u0259t suverenliyinin b\u0259rpa olunmas\u0131 bar\u0259d\u0259 m\u0259lumatlar\u0131 ziyar\u0259t\u00e7iy\u0259 dol\u011fun \u00e7atd\u0131rmaqla yana\u015f\u0131, h\u0259m d\u0259 bu hadis\u0259l\u0259ri h\u0259r bir k\u0259s\u0259 yenid\u0259n ya\u015fad\u0131r, m\u00f6ht\u0259\u015f\u0259m duy\u011fular b\u0259x\u015f edir. Muzeyin ekspozisiya zallar\u0131nda Qaraba\u011fda V\u0259t\u0259n m\u00fcharib\u0259sin\u0259d\u0259k v\u0259 Z\u0259f\u0259r G\u00fcn\u00fcnd\u0259n sonra h\u0259lak olmu\u015f \u015f\u0259hidl\u0259rimizin adlar\u0131 \u0259b\u0259dil\u0259\u015fdirilib.<\/p>\n<p>Muzeyin\u00a0\u201cQaraba\u011f v\u0259 \u015e\u0259rqi Z\u0259ng\u0259zur. \u018fsrl\u0259rin hekay\u0259si\u201d\u00a0adl\u0131 birinci zal\u0131nda Az\u0259rbaycan\u0131n m\u0259d\u0259niyy\u0259t be\u015fiyi olan Qaraba\u011f\u0131n t\u0259bii g\u00f6z\u0259lliyi, tarixi memarl\u0131q bax\u0131m\u0131ndan z\u0259nginliyi t\u0259qdim edilir. Zal\u0131n divar\u0131ndak\u0131 kitab instalyasiyalar\u0131nda \u00dcmummilli Lider Heyd\u0259r \u018fliyevin b\u00f6lg\u0259nin sosial-iqtisadi inki\u015faf\u0131na verdiyi t\u00f6hf\u0259l\u0259r\u0259 dair geni\u015f m\u0259lumatlar var.<\/p>\n<p>Zal\u0131n m\u0259rk\u0259zind\u0259 yerl\u0259\u015f\u0259n interaktiv kitablar is\u0259 Qaraba\u011f\u0131n t\u0259bi\u0259ti, \u0259d\u0259bi irsi, musiqisi v\u0259 xalq s\u0259n\u0259ti il\u0259 yax\u0131ndan tan\u0131\u015f olma\u011fa imkan yarad\u0131r. Eyni zamanda, ziyar\u0259t\u00e7il\u0259r\u0259 Qaraba\u011f\u0131n d\u00f6vl\u0259t\u00e7ilik, h\u0259rb, \u0259d\u0259biyyat v\u0259 inc\u0259s\u0259n\u0259t sah\u0259l\u0259rind\u0259 iz qoymu\u015f g\u00f6rk\u0259mli \u015f\u0259xsiyy\u0259tl\u0259rin\u0259 dair m\u0259lumatlar t\u0259qdim olunur.\u00a0Ziyar\u0259t\u00e7il\u0259r kitablar\u0131 v\u0259r\u0259ql\u0259m\u0259kl\u0259 Qaraba\u011f\u0131m\u0131za, \u015e\u0259rqi Z\u0259ng\u0259zura aid qiym\u0259tli materiallarla tan\u0131\u015f olurlar.<\/p>\n<p>Z\u0259f\u0259r muzeyind\u0259\u00a0\u201cErm\u0259nistan\u2013Az\u0259rbaycan m\u00fcnaqi\u015f\u0259si.\u00a0Tarix\u0259 bax\u0131\u015f\u201d\u00a0zal\u0131nda Qaraba\u011f\u0131n i\u015f\u011fal tarixind\u0259n b\u0259hs olunur, a\u011fr\u0131-ac\u0131l\u0131 xatir\u0259l\u0259r yada d\u00fc\u015f\u00fcr. Qaraba\u011fda i\u015f\u011fal d\u00f6vr\u00fcnd\u0259 da\u011f\u0131d\u0131lm\u0131\u015f binalar\u0131n, yerl\u0259-yeksan edilmi\u015f ya\u015fay\u0131\u015f yerl\u0259rinin taleyin\u0259 h\u0259sr olunan instalyasiya \u2013 viran qalm\u0131\u015f ev v\u0259 bu evin qal\u0131qlar\u0131 alt\u0131ndan ba\u015f qald\u0131ran a\u011fac h\u0259yat\u0131n yenid\u0259n dir\u00e7\u0259li\u015finin r\u0259mzi olaraq t\u0259qdim edilib.<\/p>\n<p>\u201c44 g\u00fcnl\u00fck V\u0259t\u0259n m\u00fcharib\u0259si. \u201cD\u0259mir yumruq\u201d \u0259m\u0259liyyat\u0131\u201d\u00a0adl\u0131 zal Az\u0259rbaycan torpaqlar\u0131n\u0131n azadl\u0131\u011f\u0131 u\u011frunda apar\u0131lan q\u0259hr\u0259manl\u0131q m\u00fcbariz\u0259sini \u0259ks etdirir. M\u00fcasir h\u0259rbi texnikalar 3D formatda n\u00fcmayi\u015f etdirilir. Q\u0259l\u0259b\u0259nin qazan\u0131lmas\u0131nda m\u00fcst\u0259sna xidm\u0259tl\u0259ri olan Az\u0259rbaycan Respublikas\u0131n\u0131n Silahl\u0131 Q\u00fcvv\u0259l\u0259rinin qo\u015fun n\u00f6vl\u0259rinin bayraqlar\u0131, eyni zamanda, Silahl\u0131 Q\u00fcvv\u0259l\u0259rin x\u00fcsusi t\u0259yinatl\u0131lar\u0131n\u0131n maketl\u0259ri d\u0259 ziyar\u0259t\u00e7il\u0259rd\u0259 b\u00f6y\u00fck maraq do\u011furur.\u00a0V\u0259t\u0259n M\u00fcharib\u0259sinin q\u0259hr\u0259manlar\u0131na veril\u0259n orden v\u0259 medallar\u0131n n\u00fcmun\u0259l\u0259ri d\u0259 b\u00f6y\u00fck mara\u011fa s\u0259b\u0259b olur.<\/p>\n<p>\u201c\u015eanl\u0131 Z\u0259f\u0259r. \u015eu\u015fan\u0131n azad olunmas\u0131\u201d zal\u0131nda Az\u0259rbaycan\u0131n h\u0259rb tarixind\u0259 x\u00fcsusi yer tutan, misilsiz taktiki bacar\u0131qla h\u0259yata ke\u00e7irilmi\u015f \u0259m\u0259liyyat\u0131 t\u0259qdim olunur. \u015eu\u015fan\u0131n maketi heyranedicidir. Eyni zamanda \u015eu\u015fa m\u0259scidi, Vaqif m\u0259qb\u0259r\u0259si v\u0259 dig\u0259r \u00fcnvanlar\u0131n maketl\u0259ri t\u0259qdim olunur.<\/p>\n<p>\u201cQaraba\u011f Az\u0259rbaycand\u0131r!\u201d adl\u0131 zalda Z\u0259f\u0259r G\u00fcn\u00fcnd\u0259n, \u00fcmumxalq sevincind\u0259n b\u0259hs olunur. Zal\u0131n m\u0259rk\u0259zind\u0259 V\u0259t\u0259n m\u00fcharib\u0259sind\u0259 \u015fanl\u0131 Z\u0259f\u0259rin v\u0259 Qaraba\u011f\u0131n dir\u00e7\u0259li\u015finin r\u0259mzin\u0259 \u00e7evrilmi\u015f Xar\u0131b\u00fclb\u00fcl\u00fcn Murano \u015f\u00fc\u015f\u0259sind\u0259n haz\u0131rlanm\u0131\u015f instalyasiyas\u0131 yerl\u0259\u015fir. Parlaq i\u015f\u0131qlar v\u0259 r\u0259ngl\u0259r zala bayram ab-havas\u0131 b\u0259x\u015f edir, vizual effektl\u0259r sevinc v\u0259 q\u00fcrur hissini g\u00fccl\u0259ndirir. B\u00f6y\u00fck ekranlarda 30 illik h\u0259sr\u0259t\u0259 son qoyan Z\u0259f\u0259rin ya\u015fatd\u0131\u011f\u0131 q\u00fcrurverici v\u0259 sevinc dolu anlar n\u00fcmayi\u015f olunur.<\/p>\n<p>\u201cD\u00f6vl\u0259t suverenliyinin b\u0259rpas\u0131. 20.09.2023\u201d, \u201cQaraba\u011f v\u0259 \u015e\u0259rqi Z\u0259ng\u0259zur. Dir\u00e7\u0259li\u015f\u201d\u00a0adl\u0131 zallarda Qaraba\u011f\u0131n b\u0259rpas\u0131ndan, g\u0259l\u0259c\u0259k inki\u015faf\u0131ndan b\u0259hs edilir. \u00c7\u0131x\u0131\u015f hiss\u0259d\u0259ki \u201cDan\u0131\u015fan fotolar\u201d adl\u0131 b\u00f6lm\u0259d\u0259 Z\u0259f\u0259r hekay\u0259si fotolarda \u0259ksini tap\u0131r, Ali Ba\u015f Komandan\u0131n d\u00f6y\u00fc\u015fl\u0259r\u0259 v\u0259 azad olunmu\u015f \u0259razil\u0259rin yenid\u0259n qurulmas\u0131na aid fotolar\u0131 h\u0259r k\u0259si q\u00fcrurland\u0131r\u0131r.<\/p>\n<p>Z\u0259f\u0259r Muzeyind\u0259 kitabxana v\u0259 kafe d\u0259 f\u0259aliyy\u0259t g\u00f6st\u0259rir. Auditorium zal\u0131nda is\u0259 seminar v\u0259 konfranslar\u0131n, m\u00fcxt\u0259lif ictimai t\u0259dbirl\u0259rin t\u0259\u015fkili n\u0259z\u0259rd\u0259 tutulur. Kitabxanada Az\u0259rbaycan tarixin\u0259, m\u0259d\u0259ni irsin\u0259, art\u0131q ke\u00e7mi\u015fd\u0259 qalan Erm\u0259nistan-Az\u0259rbaycan m\u00fcnaqi\u015f\u0259sin\u0259, el\u0259c\u0259 d\u0259 Qaraba\u011f\u0131n b\u0259rpas\u0131na v\u0259 inki\u015faf\u0131na dair kitablar, ara\u015fd\u0131rma materiallar\u0131 t\u0259qdim olunur.<\/p>\n<p>Z\u0259f\u0259r muzeyi m\u00f6ht\u0259\u015f\u0259mliyi il\u0259 b\u0259rab\u0259r, sirli-sehrli bir gu\u015f\u0259dir, g\u0259l\u0259nl\u0259ri ovsunlay\u0131r. Erm\u0259nistan ordusunun darmada\u011f\u0131n edilm\u0259sind\u0259n sonra yarad\u0131lm\u0131\u015f H\u0259rbi Q\u0259nim\u0259tl\u0259r Park\u0131n\u0131n yax\u0131nl\u0131\u011f\u0131nda tikilmi\u015f bu muzey v\u0259t\u0259nda\u015flar\u0131m\u0131z \u00fc\u00e7\u00fcn q\u00fcrur \u00fcnvan\u0131na \u00e7evril\u0259c\u0259k.<\/p>\n<p>Allah \u015f\u0259hidl\u0259rimiz\u0259 r\u0259hm\u0259t el\u0259sin, qazil\u0259rimiz\u0259 \u015f\u0259falar versin, d\u00f6vl\u0259timizi, mill\u0259timizi, ordumuzu qorusun!<\/p>\n<p><strong>E.Pa\u015fasoy,<\/strong><br \/>\n<strong>Musavat.com<\/strong><\/p>\n<\/div>\n<div>\n<div class=\"form-group\"><img class=\"img-responsive\" src=\"https:\/\/cdn.musavat.com\/news\/images\/A.K%C3%96%C5%9E%C6%8FL%C6%8FR%20YEN%C4%B0%20D%C4%B0ZAYN\/ali\/WhatsApp%20Image%202025-11-12%20at%2016.29.40.jpeg\" \/><\/div>\n<div class=\"form-group\"><img class=\"img-responsive\" src=\"https:\/\/cdn.musavat.com\/news\/images\/A.K%C3%96%C5%9E%C6%8FL%C6%8FR%20YEN%C4%B0%20D%C4%B0ZAYN\/ali\/WhatsApp%20Image%202025-11-12%20at%2016.29.47%20%281%29.jpeg\" \/><\/div>\n<div class=\"form-group\"><img class=\"img-responsive\" src=\"https:\/\/cdn.musavat.com\/news\/images\/A.K%C3%96%C5%9E%C6%8FL%C6%8FR%20YEN%C4%B0%20D%C4%B0ZAYN\/ali\/WhatsApp%20Image%202025-11-12%20at%2016.29.47.jpeg\" \/><\/div>\n<div class=\"form-group\"><img class=\"img-responsive\" src=\"https:\/\/cdn.musavat.com\/news\/images\/A.K%C3%96%C5%9E%C6%8FL%C6%8FR%20YEN%C4%B0%20D%C4%B0ZAYN\/ali\/WhatsApp%20Image%202025-11-12%20at%2016.29.48.jpeg\" \/><\/div>\n<div class=\"form-group\"><img class=\"img-responsive\" src=\"https:\/\/cdn.musavat.com\/news\/images\/A.K%C3%96%C5%9E%C6%8FL%C6%8FR%20YEN%C4%B0%20D%C4%B0ZAYN\/ali\/WhatsApp%20Image%202025-11-12%20at%2016.29.49%20%281%29.jpeg\" \/><\/div>\n<div class=\"form-group\"><img class=\"img-responsive\" src=\"https:\/\/cdn.musavat.com\/news\/images\/A.K%C3%96%C5%9E%C6%8FL%C6%8FR%20YEN%C4%B0%20D%C4%B0ZAYN\/ali\/WhatsApp%20Image%202025-11-12%20at%2016.29.49.jpeg\" \/><\/div>\n<div class=\"form-group\"><img class=\"img-responsive\" src=\"https:\/\/cdn.musavat.com\/news\/images\/A.K%C3%96%C5%9E%C6%8FL%C6%8FR%20YEN%C4%B0%20D%C4%B0ZAYN\/ali\/WhatsApp%20Image%202025-11-12%20at%2016.30.51%20%281%29.jpeg\" \/><\/div>\n<div class=\"form-group\"><img class=\"img-responsive\" src=\"https:\/\/cdn.musavat.com\/news\/images\/A.K%C3%96%C5%9E%C6%8FL%C6%8FR%20YEN%C4%B0%20D%C4%B0ZAYN\/ali\/WhatsApp%20Image%202025-11-12%20at%2016.30.51.jpeg\" \/><\/div>\n<div class=\"form-group\"><img class=\"img-responsive\" src=\"https:\/\/cdn.musavat.com\/news\/images\/A.K%C3%96%C5%9E%C6%8FL%C6%8FR%20YEN%C4%B0%20D%C4%B0ZAYN\/ali\/WhatsApp%20Image%202025-11-12%20at%2016.32.02.jpeg\" \/><\/div>\n<div class=\"form-group\"><img class=\"img-responsive\" src=\"https:\/\/cdn.musavat.com\/news\/images\/A.K%C3%96%C5%9E%C6%8FL%C6%8FR%20YEN%C4%B0%20D%C4%B0ZAYN\/ali\/WhatsApp%20Image%202025-11-12%20at%2016.32.03%20%281%29.jpeg\" \/><\/div>\n<div class=\"form-group\"><img class=\"img-responsive\" src=\"https:\/\/cdn.musavat.com\/news\/images\/A.K%C3%96%C5%9E%C6%8FL%C6%8FR%20YEN%C4%B0%20D%C4%B0ZAYN\/ali\/WhatsApp%20Image%202025-11-12%20at%2016.32.03.jpeg\" \/><\/div>\n<div class=\"form-group\"><img class=\"img-responsive\" src=\"https:\/\/cdn.musavat.com\/news\/images\/A.K%C3%96%C5%9E%C6%8FL%C6%8FR%20YEN%C4%B0%20D%C4%B0ZAYN\/ali\/WhatsApp%20Image%202025-11-12%20at%2016.33.54.jpeg\" \/><\/div>\n<div class=\"form-group\"><img class=\"img-responsive\" src=\"https:\/\/cdn.musavat.com\/news\/images\/A.K%C3%96%C5%9E%C6%8FL%C6%8FR%20YEN%C4%B0%20D%C4%B0ZAYN\/ali\/WhatsApp%20Image%202025-11-12%20at%2016.34.03.jpeg\" \/><\/div>\n<div class=\"form-group\"><img class=\"img-responsive\" src=\"https:\/\/cdn.musavat.com\/news\/images\/A.K%C3%96%C5%9E%C6%8FL%C6%8FR%20YEN%C4%B0%20D%C4%B0ZAYN\/ali\/WhatsApp%20Image%202025-11-12%20at%2016.34.04%20%281%29.jpeg\" \/><\/div>\n<div class=\"form-group\"><img class=\"img-responsive\" src=\"https:\/\/cdn.musavat.com\/news\/images\/A.K%C3%96%C5%9E%C6%8FL%C6%8FR%20YEN%C4%B0%20D%C4%B0ZAYN\/ali\/WhatsApp%20Image%202025-11-12%20at%2016.34.04.jpeg\" \/><\/div>\n<div class=\"form-group\"><img class=\"img-responsive\" src=\"https:\/\/cdn.musavat.com\/news\/images\/A.K%C3%96%C5%9E%C6%8FL%C6%8FR%20YEN%C4%B0%20D%C4%B0ZAYN\/ali\/WhatsApp%20Image%202025-11-12%20at%2016.34.05%20%281%29.jpeg\" \/><\/div>\n<div class=\"form-group\"><img class=\"img-responsive\" src=\"https:\/\/cdn.musavat.com\/news\/images\/A.K%C3%96%C5%9E%C6%8FL%C6%8FR%20YEN%C4%B0%20D%C4%B0ZAYN\/ali\/WhatsApp%20Image%202025-11-12%20at%2016.34.05.jpeg\" \/><\/div>\n<div class=\"form-group\"><img class=\"img-responsive\" src=\"https:\/\/cdn.musavat.com\/news\/images\/A.K%C3%96%C5%9E%C6%8FL%C6%8FR%20YEN%C4%B0%20D%C4%B0ZAYN\/ali\/WhatsApp%20Image%202025-11-12%20at%2016.34.06.jpeg\" \/><\/div>\n<\/div>\n","protected":false},"excerpt":{"rendered":"<p>M\u0259lum oldu\u011fu kimi, Z\u0259f\u0259r g\u00fcn\u00fc Az\u0259rbaycan Respublikas\u0131n\u0131n Prezidenti \u0130lham \u018fliyev v\u0259 birinci xan\u0131m Mehriban \u018fliyeva Bak\u0131da Z\u0259f\u0259r abid\u0259sini ziyar\u0259t edib v\u0259 Z\u0259f\u0259r muzeyinin a\u00e7\u0131l\u0131\u015f\u0131nda i\u015ftirak edibl\u0259r. Prezident \u0130lham \u018fliyev Z\u0259f\u0259r abid\u0259sinin \u00f6n\u00fcn\u0259 \u0259klil qoyub, \u015f\u0259hidl\u0259rin xatir\u0259sini ehtiramla an\u0131b. Birinci xan\u0131m Mehriban \u018fliyeva abid\u0259nin \u00f6n\u00fcn\u0259 g\u00fcl d\u0259st\u0259l\u0259ri d\u00fcz\u00fcb. Daha sonra d\u00f6vl\u0259timizin ba\u015f\u00e7\u0131s\u0131 v\u0259 birinci xan\u0131m Z\u0259f\u0259r muzeyinin a\u00e7\u0131l\u0131\u015f\u0131nda i\u015ftirak edibl\u0259r. A\u00e7\u0131l\u0131\u015fdan sonra Z\u0259f\u0259r muzeyi v\u0259t\u0259nda\u015flar\u0131m\u0131z\u0131n v\u0259 turistl\u0259rin \u00fcz\u00fcn\u0259 a\u00e7\u0131q elan olunub. Musavat.com-un m\u0259lumat\u0131na g\u00f6r\u0259, Prezident \u0130lham \u018fliyevin tap\u015f\u0131r\u0131\u011f\u0131na \u0259sas\u0259n, ziyar\u0259t\u00e7il\u0259r 3 g\u00fcn \u0259rzind\u0259, 9\u201311 noyabr tarixl\u0259rind\u0259 Z\u0259f\u0259r muzeyini \u00f6d\u0259ni\u015fsiz ziyar\u0259t etm\u0259k&hellip;<\/p>\n","protected":false},"author":2,"featured_media":834268,"comment_status":"closed","ping_status":"closed","sticky":false,"template":"","format":"standard","meta":{"om_disable_all_campaigns":false,"_monsterinsights_skip_tracking":false,"_monsterinsights_sitenote_active":false,"_monsterinsights_sitenote_note":"","_monsterinsights_sitenote_category":0},"categories":[1],"tags":[],"aioseo_notices":[],"gutentor_comment":0,"rttpg_featured_image_url":{"full":["https:\/\/arantv.az\/wp-content\/uploads\/2025\/11\/1056d335ff2fbf84768fdb1df2d2c461.jpg",870,500,false],"landscape":["https:\/\/arantv.az\/wp-content\/uploads\/2025\/11\/1056d335ff2fbf84768fdb1df2d2c461.jpg",870,500,false],"portraits":["https:\/\/arantv.az\/wp-content\/uploads\/2025\/11\/1056d335ff2fbf84768fdb1df2d2c461.jpg",870,500,false],"thumbnail":["https:\/\/arantv.az\/wp-content\/uploads\/2025\/11\/1056d335ff2fbf84768fdb1df2d2c461-500x280.jpg",500,280,true],"medium":["https:\/\/arantv.az\/wp-content\/uploads\/2025\/11\/1056d335ff2fbf84768fdb1df2d2c461-635x365.jpg",635,365,true],"large":["https:\/\/arantv.az\/wp-content\/uploads\/2025\/11\/1056d335ff2fbf84768fdb1df2d2c461-840x483.jpg",640,368,true],"1536x1536":["https:\/\/arantv.az\/wp-content\/uploads\/2025\/11\/1056d335ff2fbf84768fdb1df2d2c461.jpg",870,500,false],"2048x2048":["https:\/\/arantv.az\/wp-content\/uploads\/2025\/11\/1056d335ff2fbf84768fdb1df2d2c461.jpg",870,500,false],"post-thumbnail":["https:\/\/arantv.az\/wp-content\/uploads\/2025\/11\/1056d335ff2fbf84768fdb1df2d2c461-240x172.jpg",240,172,true],"advps-thumb-one":["https:\/\/arantv.az\/wp-content\/uploads\/2025\/11\/1056d335ff2fbf84768fdb1df2d2c461.jpg",870,500,false]},"rttpg_author":{"display_name":"V\u00fcsal Rafiqo\u011flu","author_link":"https:\/\/arantv.az\/?author=2"},"rttpg_comment":0,"rttpg_category":"<a href=\"https:\/\/arantv.az\/?cat=1\" rel=\"category\">C\u0259miyy\u0259t<\/a>","rttpg_excerpt":"M\u0259lum oldu\u011fu kimi, Z\u0259f\u0259r g\u00fcn\u00fc Az\u0259rbaycan Respublikas\u0131n\u0131n Prezidenti \u0130lham \u018fliyev v\u0259 birinci xan\u0131m Mehriban \u018fliyeva Bak\u0131da Z\u0259f\u0259r abid\u0259sini ziyar\u0259t edib v\u0259 Z\u0259f\u0259r muzeyinin a\u00e7\u0131l\u0131\u015f\u0131nda i\u015ftirak edibl\u0259r. Prezident \u0130lham \u018fliyev Z\u0259f\u0259r abid\u0259sinin \u00f6n\u00fcn\u0259 \u0259klil qoyub, \u015f\u0259hidl\u0259rin xatir\u0259sini ehtiramla an\u0131b. Birinci xan\u0131m Mehriban \u018fliyeva abid\u0259nin \u00f6n\u00fcn\u0259 g\u00fcl d\u0259st\u0259l\u0259ri d\u00fcz\u00fcb. Daha sonra d\u00f6vl\u0259timizin ba\u015f\u00e7\u0131s\u0131 v\u0259 birinci xan\u0131m Z\u0259f\u0259r&hellip;","_links":{"self":[{"href":"https:\/\/arantv.az\/index.php?rest_route=\/wp\/v2\/posts\/834267"}],"collection":[{"href":"https:\/\/arantv.az\/index.php?rest_route=\/wp\/v2\/posts"}],"about":[{"href":"https:\/\/arantv.az\/index.php?rest_route=\/wp\/v2\/types\/post"}],"author":[{"embeddable":true,"href":"https:\/\/arantv.az\/index.php?rest_route=\/wp\/v2\/users\/2"}],"replies":[{"embeddable":true,"href":"https:\/\/arantv.az\/index.php?rest_route=%2Fwp%2Fv2%2Fcomments&post=834267"}],"version-history":[{"count":2,"href":"https:\/\/arantv.az\/index.php?rest_route=\/wp\/v2\/posts\/834267\/revisions"}],"predecessor-version":[{"id":834270,"href":"https:\/\/arantv.az\/index.php?rest_route=\/wp\/v2\/posts\/834267\/revisions\/834270"}],"wp:featuredmedia":[{"embeddable":true,"href":"https:\/\/arantv.az\/index.php?rest_route=\/wp\/v2\/media\/834268"}],"wp:attachment":[{"href":"https:\/\/arantv.az\/index.php?rest_route=%2Fwp%2Fv2%2Fmedia&parent=834267"}],"wp:term":[{"taxonomy":"category","embeddable":true,"href":"https:\/\/arantv.az\/index.php?rest_route=%2Fwp%2Fv2%2Fcategories&post=834267"},{"taxonomy":"post_tag","embeddable":true,"href":"https:\/\/arantv.az\/index.php?rest_route=%2Fwp%2Fv2%2Ftags&post=834267"}],"curies":[{"name":"wp","href":"https:\/\/api.w.org\/{rel}","templated":true}]}}