{"id":834275,"date":"2025-11-12T17:30:45","date_gmt":"2025-11-12T13:30:45","guid":{"rendered":"https:\/\/arantv.az\/?p=834275"},"modified":"2025-11-12T17:30:45","modified_gmt":"2025-11-12T13:30:45","slug":"regionlarin-kicik-padsahlari-yerl%c9%99ri-d%c9%99yisdi-v%c9%99-x%c9%99b%c9%99rdarliq-edildi","status":"publish","type":"post","link":"https:\/\/arantv.az\/?p=834275","title":{"rendered":"Regionlar\u0131n \u201cki\u00e7ik pad\u015fahlar\u0131\u201d: Yerl\u0259ri d\u0259yi\u015fdi v\u0259 x\u0259b\u0259rdarl\u0131q edildi"},"content":{"rendered":"<p><strong>Az\u0259rbaycan Prezidenti \u0130lham \u018fliyev bir s\u0131ra kadr d\u0259yi\u015fiklikl\u0259ri il\u0259 ba\u011fl\u0131 s\u0259r\u0259ncamlar imzalay\u0131b. Yeni q\u0259rarlara \u0259sas\u0259n, bir ne\u00e7\u0259 rayonun icra ba\u015f\u00e7\u0131s\u0131\u00a0 v\u0259zif\u0259sind\u0259n azad olunub, onlar\u0131n yerin\u0259 yeni t\u0259yinatlar h\u0259yata ke\u00e7irilib.<\/strong><\/p>\n<p>Prezident, h\u0259m\u00e7inin Nax\u00e7\u0131vanda Prezidentin yeni s\u0259lahiyy\u0259tli n\u00fcmay\u0259nd\u0259sini v\u0259 t\u0259yin olunan icra ba\u015f\u00e7\u0131lar\u0131n\u0131 q\u0259bul edib. G\u00f6r\u00fc\u015f zaman\u0131 d\u00f6vl\u0259t ba\u015f\u00e7\u0131s\u0131 yerli idar\u0259etm\u0259d\u0259 m\u0259suliyy\u0259t, \u015f\u0259ffafl\u0131q v\u0259 d\u00fcr\u00fcstl\u00fck prinsipl\u0259rini bir daha xat\u0131rlad\u0131b:<\/p>\n<p>\u201cSizd\u0259n t\u0259l\u0259bim, eyni zamanda, xo\u015fag\u0259lm\u0259z hallara qar\u015f\u0131 ciddi m\u00fcbariz\u0259 aparmaq, kadr siyas\u0259tind\u0259 etibarl\u0131, pe\u015f\u0259kar v\u0259 m\u0259n\u0259vi c\u0259h\u0259td\u0259n t\u0259miz kadrlar\u0131 se\u00e7m\u0259k, r\u0259hb\u0259rlik ed\u0259c\u0259yiniz b\u00f6lg\u0259l\u0259rd\u0259 \u00f6z i\u015finizl\u0259 m\u0259nim se\u00e7imimin d\u00fczg\u00fcn oldu\u011funu s\u00fcbut etm\u0259kdir. \u018fks t\u0259qdird\u0259, \u0259lb\u0259tt\u0259 ki, laz\u0131mi \u00f6l\u00e7\u00fcl\u0259r g\u00f6t\u00fcr\u00fcl\u0259c\u0259k\u201d. D\u00f6vl\u0259t ba\u015f\u00e7\u0131s\u0131 \u00e7\u0131x\u0131\u015f\u0131nda icra ba\u015f\u00e7\u0131lar\u0131n\u0131n \u0259sas v\u0259zif\u0259sinin xalqa xidm\u0259t etm\u0259k oldu\u011funu vur\u011fulay\u0131b.<\/p>\n<p>Prezident \u0130lham \u018fliyev korrupsiya v\u0259 r\u00fc\u015fv\u0259txorlu\u011fa qar\u015f\u0131 m\u00fcbariz\u0259nin davaml\u0131 xarakter da\u015f\u0131d\u0131\u011f\u0131n\u0131, qanunsuzlu\u011fa yol ver\u0259n he\u00e7 bir m\u0259murun m\u0259suliyy\u0259td\u0259n yay\u0131nmayaca\u011f\u0131n\u0131 xat\u0131rlad\u0131b:<\/p>\n<p>\u201cAz\u0259rbaycan ictimaiyy\u0259ti yax\u015f\u0131 bilir ki, \u0259yri yola ged\u0259n h\u0259r bir d\u00f6vl\u0259t m\u0259muru n\u0259tic\u0259d\u0259 m\u0259hk\u0259m\u0259, qanun qar\u015f\u0131s\u0131nda cavab verm\u0259li olur. He\u00e7 bir qanunsuz h\u0259r\u0259k\u0259t n\u0259tic\u0259siz qalmayacaq\u201d.<\/p>\n<p>Son t\u0259yinatlarla \u00f6lk\u0259 r\u0259hb\u0259rliyi yerli icra orqanlar\u0131nda idar\u0259etm\u0259 keyfiyy\u0259tini y\u00fcks\u0259ltm\u0259yi, b\u00f6lg\u0259l\u0259rd\u0259 d\u00f6vl\u0259t siyas\u0259tinin s\u0259m\u0259r\u0259li icras\u0131n\u0131 v\u0259 korrupsiyaya qar\u015f\u0131 m\u00fcbariz\u0259nin yeni m\u0259rh\u0259l\u0259y\u0259 ke\u00e7m\u0259sini h\u0259d\u0259fl\u0259yir.<\/p>\n<p><img src=\"https:\/\/files.modern.az\/photo\/orginal\/2022\/08\/30\/1661842053_404613.jpg\" alt=\"Deputat Ceyhun M\u0259mm\u0259dovun atas\u0131 v\u0259fat etdi\" \/><\/p>\n<p><strong>Milli M\u0259clisin deputat\u0131 Ceyhun M\u0259mm\u0259dov Musavat.com-a a\u00e7\u0131qlamas\u0131nda bildirib ki, d\u0259yi\u015fiklikl\u0259r onu g\u00f6st\u0259rir ki, \u00f6lk\u0259mizd\u0259 kadr islahatlar\u0131 davam edir:<\/strong><\/p>\n<p>&#8220;D\u00f6vl\u0259t ba\u015f\u00e7\u0131s\u0131 bu m\u0259s\u0259l\u0259l\u0259rd\u0259 h\u0259ssas, prinsipial, q\u0259tiyy\u0259tli m\u00f6vqe ortaya qoyur. El\u0259 bunun n\u0259tic\u0259si idi ki, prezident yeni icra ba\u015f\u00e7\u0131lar\u0131 il\u0259 g\u00f6r\u00fc\u015f\u00fcnd\u0259 \u00e7ox ciddi tap\u015f\u0131r\u0131qlar verdi v\u0259 x\u0259b\u0259rdarl\u0131qlar etdi. V\u0259zif\u0259 \u00e7ox ciddi etimadd\u0131r. N\u00f6vb\u0259ti d\u0259f\u0259 biz prezidentin bir s\u0131ra ba\u015f\u00e7\u0131lara y\u00fcks\u0259k etimad g\u00f6st\u0259rdiyinin \u015fahidi olduq. \u0130cra ba\u015f\u00e7\u0131lar\u0131 da \u00e7al\u0131\u015fmal\u0131d\u0131rlar ki, bu etimad\u0131 do\u011frultsunlar. Onlar yerl\u0259rd\u0259 prezidentin n\u00fcmay\u0259nd\u0259l\u0259ridirl\u0259r, onun tap\u015f\u0131r\u0131qlar\u0131n\u0131 diqq\u0259tl\u0259 yerin\u0259 yetirm\u0259lidirl\u0259r. B\u0259zi icra ba\u015f\u00e7\u0131lar\u0131n\u0131n yerl\u0259ri d\u0259yi\u015fdirildi v\u0259 dig\u0259r yerl\u0259r\u0259 icra ba\u015f\u00e7\u0131s\u0131 kimi t\u0259yin edildil\u0259r. Bu onu g\u00f6st\u0259rir ki, d\u00f6vl\u0259t ba\u015f\u00e7\u0131s\u0131n\u0131n bu m\u00f6vzuda h\u0259ssas yana\u015fmas\u0131 var. El\u0259 buna g\u00f6r\u0259 d\u0259 icra ba\u015f\u00e7\u0131lar\u0131 onun x\u0259b\u0259rdarl\u0131qlar\u0131ndan n\u0259tic\u0259 \u00e7\u0131xarmal\u0131d\u0131rlar. \u018fg\u0259r onlar i\u015fl\u0259rini d\u00fczg\u00fcn qursalar, v\u0259zif\u0259l\u0259rini d\u00fczg\u00fcn yerin\u0259 yetirs\u0259l\u0259r, t\u0259bii ki, onlara \u00f6lk\u0259 r\u0259hb\u0259rinin etimad\u0131 davam ed\u0259c\u0259k. \u018fg\u0259r onlar etimad\u0131 do\u011frultmasalar, prezidentin \u00e7ox ciddi x\u0259b\u0259rdarl\u0131\u011f\u0131 v\u0259 c\u0259zas\u0131 il\u0259 \u00fcz-\u00fcz\u0259 qalacaqlar. Son g\u00fcnl\u0259r bir s\u0131ra icra ba\u015f\u00e7\u0131s\u0131 v\u0259zif\u0259sind\u0259n \u00e7\u0131xar\u0131l\u0131b. Bu, prezidentin kadr siyas\u0259tin\u0259 n\u0259 d\u0259r\u0259c\u0259d\u0259 \u00f6n\u0259m verdiyini g\u00f6st\u0259rir. V\u0259zif\u0259y\u0259 t\u0259yin olunan icra ba\u015f\u00e7\u0131lar\u0131 bu m\u0259qam\u0131 \u0259sla unutmamal\u0131d\u0131rlar. Onlardan \u00e7ox ciddi g\u00f6zl\u0259ntil\u0259r var\u201d.<\/p>\n<p><img src=\"https:\/\/cdn.musavat.com\/news\/thumbnails\/f5ce6e2915e7ae1d337069f920b9ef3e.jpeg\" \/><\/p>\n<p><strong>Siyasi \u015f\u0259rh\u00e7i Heyd\u0259r O\u011fuz Musavat.com-a a\u00e7\u0131qlamas\u0131nda bildirib ki, prezident icra ba\u015f\u00e7\u0131lar\u0131ndan i\u015fl\u0259rin\u0259 m\u0259suliyy\u0259tl\u0259 yana\u015fman\u0131 g\u00f6zl\u0259yir:<\/strong>\u00a0\u201cNax\u00e7\u0131van\u0131n \u0259vv\u0259lki\u00a0 s\u0259lahiyy\u0259tli n\u00fcmay\u0259nd\u0259si bu prinsipl\u0259r\u0259 \u0259m\u0259l etm\u0259diyin\u0259 g\u00f6r\u0259 i\u015find\u0259n azad olundu. Prezident \u00f6z\u00fc d\u0259 \u00e7\u0131x\u0131\u015f\u0131nda buna i\u015far\u0259 etdi v\u0259 bildirdi ki, icra ba\u015f\u00e7\u0131lar\u0131 \u00f6z qohumlar\u0131na yiy\u0259 \u00e7\u0131xs\u0131n, insanlar\u0131 incitm\u0259sinl\u0259r. \u00c7\u00fcnki h\u0259min s\u0259lahiyy\u0259tli n\u00fcmay\u0259nd\u0259 bu prinsipl\u0259rd\u0259n k\u0259nara \u00e7\u0131x\u0131rd\u0131. O, \u00f6z qohumlar\u0131n\u0131 m\u00fc\u0259yy\u0259n yerl\u0259r\u0259 icra ba\u015f\u00e7\u0131s\u0131 t\u0259yin edirdi. \u00d6z yax\u0131nlar\u0131n\u0131n ham\u0131s\u0131na Nax\u00e7\u0131vanda v\u0259zif\u0259 vermi\u015fdi. Y\u0259ni Vasif Tal\u0131bovun d\u00f6vr\u00fcnd\u0259 olan \u201cyerlilik\u201d prinsipi davam edirdi. Vasif Tal\u0131bov \u015fahbuzlular\u0131, bu is\u0259 \u015f\u0259rurlular\u0131 v\u0259zif\u0259y\u0259 g\u0259tirirdi. Dig\u0259r rayonlar is\u0259 k\u0259narda qal\u0131rd\u0131. T\u0259s\u0259vv\u00fcr edin ki, tenderl\u0259ri bel\u0259 d\u00fczg\u00fcn ke\u00e7irmirdi. Fuad N\u0259c\u0259fli t\u0259z\u0259 t\u0259yin olunanda d\u00f6vl\u0259t Nax\u00e7\u0131vana 245 milyon manat v\u0259sait ay\u0131rm\u0131\u015fd\u0131. Onlar\u0131n he\u00e7 biri Nax\u00e7\u0131vana x\u0259rcl\u0259nm\u0259di v\u0259 b\u00fcdc\u0259y\u0259 geri qaytar\u0131ld\u0131. Ondan sonra Nax\u00e7\u0131vana a\u015fa\u011f\u0131 m\u0259bl\u0259\u011fd\u0259 v\u0259sait ayr\u0131l\u0131rd\u0131, \u00e7\u00fcnki x\u0259rcl\u0259nmirdi. N\u0259tic\u0259d\u0259 Nax\u00e7\u0131van iqtisadi inki\u015fafdan geri qald\u0131. \u015e\u00fck\u00fcrl\u0259r olsun ki, prezident bunun uzun m\u00fcdd\u0259t bel\u0259 qalmas\u0131na icaz\u0259 verm\u0259di.<\/p>\n<p>D\u00f6vl\u0259t ba\u015f\u00e7\u0131s\u0131 bir \u00e7ox adamlar\u0131 c\u0259zaland\u0131rd\u0131 ki, onlar aras\u0131nda Ramiz Mehdiyev\u0259, \u201cFET\u00d6\u201dy\u0259 yax\u0131n olan adamlar da var\u201d.<\/p>\n<p><strong>\u015eahan\u0259 R\u0259himli<\/strong><br \/>\n<strong>Musavat.com<\/strong><\/p>\n","protected":false},"excerpt":{"rendered":"<p>Az\u0259rbaycan Prezidenti \u0130lham \u018fliyev bir s\u0131ra kadr d\u0259yi\u015fiklikl\u0259ri il\u0259 ba\u011fl\u0131 s\u0259r\u0259ncamlar imzalay\u0131b. Yeni q\u0259rarlara \u0259sas\u0259n, bir ne\u00e7\u0259 rayonun icra ba\u015f\u00e7\u0131s\u0131\u00a0 v\u0259zif\u0259sind\u0259n azad olunub, onlar\u0131n yerin\u0259 yeni t\u0259yinatlar h\u0259yata ke\u00e7irilib. Prezident, h\u0259m\u00e7inin Nax\u00e7\u0131vanda Prezidentin yeni s\u0259lahiyy\u0259tli n\u00fcmay\u0259nd\u0259sini v\u0259 t\u0259yin olunan icra ba\u015f\u00e7\u0131lar\u0131n\u0131 q\u0259bul edib. G\u00f6r\u00fc\u015f zaman\u0131 d\u00f6vl\u0259t ba\u015f\u00e7\u0131s\u0131 yerli idar\u0259etm\u0259d\u0259 m\u0259suliyy\u0259t, \u015f\u0259ffafl\u0131q v\u0259 d\u00fcr\u00fcstl\u00fck prinsipl\u0259rini bir daha xat\u0131rlad\u0131b: \u201cSizd\u0259n t\u0259l\u0259bim, eyni zamanda, xo\u015fag\u0259lm\u0259z hallara qar\u015f\u0131 ciddi m\u00fcbariz\u0259 aparmaq, kadr siyas\u0259tind\u0259 etibarl\u0131, pe\u015f\u0259kar v\u0259 m\u0259n\u0259vi c\u0259h\u0259td\u0259n t\u0259miz kadrlar\u0131 se\u00e7m\u0259k, r\u0259hb\u0259rlik ed\u0259c\u0259yiniz b\u00f6lg\u0259l\u0259rd\u0259 \u00f6z i\u015finizl\u0259 m\u0259nim se\u00e7imimin d\u00fczg\u00fcn oldu\u011funu s\u00fcbut etm\u0259kdir. \u018fks t\u0259qdird\u0259,&hellip;<\/p>\n","protected":false},"author":2,"featured_media":834276,"comment_status":"closed","ping_status":"closed","sticky":false,"template":"","format":"standard","meta":{"om_disable_all_campaigns":false,"_monsterinsights_skip_tracking":false,"_monsterinsights_sitenote_active":false,"_monsterinsights_sitenote_note":"","_monsterinsights_sitenote_category":0},"categories":[4],"tags":[],"aioseo_notices":[],"gutentor_comment":0,"rttpg_featured_image_url":{"full":["https:\/\/arantv.az\/wp-content\/uploads\/2025\/11\/c8ee2c052514f07bf118400985ebdda4.jpg",440,284,false],"landscape":["https:\/\/arantv.az\/wp-content\/uploads\/2025\/11\/c8ee2c052514f07bf118400985ebdda4.jpg",440,284,false],"portraits":["https:\/\/arantv.az\/wp-content\/uploads\/2025\/11\/c8ee2c052514f07bf118400985ebdda4.jpg",440,284,false],"thumbnail":["https:\/\/arantv.az\/wp-content\/uploads\/2025\/11\/c8ee2c052514f07bf118400985ebdda4-440x280.jpg",440,280,true],"medium":["https:\/\/arantv.az\/wp-content\/uploads\/2025\/11\/c8ee2c052514f07bf118400985ebdda4.jpg",440,284,false],"large":["https:\/\/arantv.az\/wp-content\/uploads\/2025\/11\/c8ee2c052514f07bf118400985ebdda4.jpg",440,284,false],"1536x1536":["https:\/\/arantv.az\/wp-content\/uploads\/2025\/11\/c8ee2c052514f07bf118400985ebdda4.jpg",440,284,false],"2048x2048":["https:\/\/arantv.az\/wp-content\/uploads\/2025\/11\/c8ee2c052514f07bf118400985ebdda4.jpg",440,284,false],"post-thumbnail":["https:\/\/arantv.az\/wp-content\/uploads\/2025\/11\/c8ee2c052514f07bf118400985ebdda4-240x172.jpg",240,172,true],"advps-thumb-one":["https:\/\/arantv.az\/wp-content\/uploads\/2025\/11\/c8ee2c052514f07bf118400985ebdda4.jpg",440,284,false]},"rttpg_author":{"display_name":"V\u00fcsal Rafiqo\u011flu","author_link":"https:\/\/arantv.az\/?author=2"},"rttpg_comment":0,"rttpg_category":"<a href=\"https:\/\/arantv.az\/?cat=4\" rel=\"category\">Siyas\u0259t<\/a>","rttpg_excerpt":"Az\u0259rbaycan Prezidenti \u0130lham \u018fliyev bir s\u0131ra kadr d\u0259yi\u015fiklikl\u0259ri il\u0259 ba\u011fl\u0131 s\u0259r\u0259ncamlar imzalay\u0131b. Yeni q\u0259rarlara \u0259sas\u0259n, bir ne\u00e7\u0259 rayonun icra ba\u015f\u00e7\u0131s\u0131\u00a0 v\u0259zif\u0259sind\u0259n azad olunub, onlar\u0131n yerin\u0259 yeni t\u0259yinatlar h\u0259yata ke\u00e7irilib. Prezident, h\u0259m\u00e7inin Nax\u00e7\u0131vanda Prezidentin yeni s\u0259lahiyy\u0259tli n\u00fcmay\u0259nd\u0259sini v\u0259 t\u0259yin olunan icra ba\u015f\u00e7\u0131lar\u0131n\u0131 q\u0259bul edib. G\u00f6r\u00fc\u015f zaman\u0131 d\u00f6vl\u0259t ba\u015f\u00e7\u0131s\u0131 yerli idar\u0259etm\u0259d\u0259 m\u0259suliyy\u0259t, \u015f\u0259ffafl\u0131q v\u0259 d\u00fcr\u00fcstl\u00fck prinsipl\u0259rini bir&hellip;","_links":{"self":[{"href":"https:\/\/arantv.az\/index.php?rest_route=\/wp\/v2\/posts\/834275"}],"collection":[{"href":"https:\/\/arantv.az\/index.php?rest_route=\/wp\/v2\/posts"}],"about":[{"href":"https:\/\/arantv.az\/index.php?rest_route=\/wp\/v2\/types\/post"}],"author":[{"embeddable":true,"href":"https:\/\/arantv.az\/index.php?rest_route=\/wp\/v2\/users\/2"}],"replies":[{"embeddable":true,"href":"https:\/\/arantv.az\/index.php?rest_route=%2Fwp%2Fv2%2Fcomments&post=834275"}],"version-history":[{"count":2,"href":"https:\/\/arantv.az\/index.php?rest_route=\/wp\/v2\/posts\/834275\/revisions"}],"predecessor-version":[{"id":834278,"href":"https:\/\/arantv.az\/index.php?rest_route=\/wp\/v2\/posts\/834275\/revisions\/834278"}],"wp:featuredmedia":[{"embeddable":true,"href":"https:\/\/arantv.az\/index.php?rest_route=\/wp\/v2\/media\/834276"}],"wp:attachment":[{"href":"https:\/\/arantv.az\/index.php?rest_route=%2Fwp%2Fv2%2Fmedia&parent=834275"}],"wp:term":[{"taxonomy":"category","embeddable":true,"href":"https:\/\/arantv.az\/index.php?rest_route=%2Fwp%2Fv2%2Fcategories&post=834275"},{"taxonomy":"post_tag","embeddable":true,"href":"https:\/\/arantv.az\/index.php?rest_route=%2Fwp%2Fv2%2Ftags&post=834275"}],"curies":[{"name":"wp","href":"https:\/\/api.w.org\/{rel}","templated":true}]}}