{"id":834305,"date":"2025-11-13T14:25:09","date_gmt":"2025-11-13T10:25:09","guid":{"rendered":"https:\/\/arantv.az\/?p=834305"},"modified":"2025-11-13T14:25:09","modified_gmt":"2025-11-13T10:25:09","slug":"az%c9%99rbaycanli-t%c9%99l%c9%99b%c9%99l%c9%99r-moldova-aeroportunda-qalib-xin-d%c9%99n-aciqlama-foto","status":"publish","type":"post","link":"https:\/\/arantv.az\/?p=834305","title":{"rendered":"Az\u0259rbaycanl\u0131 t\u0259l\u0259b\u0259l\u0259r Moldova aeroportunda qal\u0131b &#8211; X\u0130N-d\u0259n a\u00e7\u0131qlama &#8211; FOTO"},"content":{"rendered":"<blockquote><p><strong>&#8220;Ukraynaya oxuma\u011fa ged\u0259n 34 az\u0259rbaycanl\u0131 t\u0259l\u0259b\u0259 Moldovada saxlan\u0131l\u0131b v\u0259 pasportlar\u0131 \u0259ll\u0259rind\u0259n al\u0131n\u0131b&#8221;.<\/strong><\/p><\/blockquote>\n<p>Musavat.com x\u0259b\u0259r verir ki, bu \u015fikay\u0259tl\u0259 &#8220;qafqazinfo&#8221;ya Moldovada saxlan\u0131lan t\u0259l\u0259b\u0259l\u0259rd\u0259n biri &#8211; \u00d6zcan H\u0259\u015fimovun yax\u0131n\u0131 Firuz\u0259 \u018fkb\u0259rova m\u00fcraci\u0259t edib.<\/p>\n<p>Onun s\u00f6zl\u0259rin\u0259 g\u00f6r\u0259, d\u00fcn\u0259n s\u0259h\u0259r bir m\u00fc\u0259llim, bir valideyn v\u0259 34 t\u0259l\u0259b\u0259 birlikd\u0259 Moldovaya u\u00e7ublar v\u0259 oradan Ukraynaya ke\u00e7m\u0259li imi\u015fl\u0259r: &#8220;Moldovadan ke\u00e7\u0259nd\u0259 h\u0259r birinin pasportuna m\u00f6h\u00fcr vurulub. Ukraynaya ke\u00e7m\u0259k ist\u0259y\u0259nd\u0259 is\u0259 onlar\u0131 buraxmay\u0131blar. Bunun \u00fc\u00e7\u00fcn he\u00e7 bir \u0259sasl\u0131 s\u0259b\u0259b g\u00f6st\u0259rilm\u0259yib. \u018fvv\u0259lc\u0259 h\u0259d\u0259-qorxu g\u0259libl\u0259r, baqajlar\u0131n\u0131 \u0259ll\u0259rind\u0259n al\u0131blar, y\u00fckl\u0259ri ortada yoxdur. Deyibl\u0259r ki, bu g\u00fcn \u00fc\u00e7\u00fcn Az\u0259rbaycana qay\u0131tmal\u0131d\u0131rlar. Onlar t\u0259l\u0259b\u0259dirl\u0259r, n\u0259 q\u0259d\u0259r \u0259ziyy\u0259t \u00e7\u0259kibl\u0259r, pul t\u00f6k\u00fcbl\u0259r, imkanl\u0131s\u0131 var, kas\u0131b\u0131 var&#8230; \u018fn \u0259sas\u0131 da valideyn v\u0259 m\u00fc\u0259llim d\u0259 daxil olmaqla h\u0259r birinin pasportlar\u0131n\u0131 \u0259ll\u0259rind\u0259n al\u0131blar. H\u0259tta su, yem\u0259k alma\u011fa bel\u0259 icaz\u0259 vermirl\u0259r&#8221;.<\/p>\n<p>F.\u018fkb\u0259rova h\u0259m\u00e7inin qeyd edib ki, t\u0259l\u0259b\u0259l\u0259rin universitet s\u0259n\u0259dl\u0259rind\u0259 d\u0259 he\u00e7 bir problem yoxdur: &#8220;Universitet t\u0259r\u0259find\u0259n onlara bildiri\u015f d\u0259 g\u00f6nd\u0259rilib. B\u00fct\u00fcn s\u0259n\u0259dl\u0259r qaydas\u0131ndad\u0131r. U\u015faqlar\u0131n 17-18 ya\u015flar\u0131 var, 1-ci kurs t\u0259l\u0259b\u0259l\u0259ridil\u0259r. Onlar\u0131n pasportlar\u0131na ilk d\u0259f\u0259dir ki, m\u00f6h\u00fcr vurulub. \u0130ndi d\u0259 problem yarad\u0131rlar. S\u0259firlikl\u0259 d\u0259 \u0259laq\u0259 saxlam\u0131\u015f\u0131q, amma cavab yoxdur&#8221;.<\/p>\n<p>M\u0259s\u0259l\u0259 il\u0259 ba\u011fl\u0131 Az\u0259rbaycan Xarici \u0130\u015fl\u0259r Nazirliyind\u0259n\u00a0cavab olaraq bildirilib\u00a0ki, Moldovadak\u0131 S\u0259firliyimiz s\u00f6z\u00fcged\u0259n hadis\u0259 il\u0259 ba\u011fl\u0131 m\u0259lumatl\u0131d\u0131r:<\/p>\n<p>&#8220;Qeyd edil\u0259n g\u0259ncl\u0259r\u0259 h\u0259r bir d\u0259st\u0259k g\u00f6st\u0259rilib. Onlar\u0131n universitet\u0259 q\u0259bul s\u0259n\u0259dl\u0259ri qaydas\u0131nda olmad\u0131\u011f\u0131 \u00fc\u00e7\u00fcn Moldova t\u0259r\u0259fi Ukraynaya buraxmay\u0131b. Onlar \u00f6lk\u0259miz\u0259 geri qaytar\u0131lacaq&#8221;.<\/p>\n","protected":false},"excerpt":{"rendered":"<p>&#8220;Ukraynaya oxuma\u011fa ged\u0259n 34 az\u0259rbaycanl\u0131 t\u0259l\u0259b\u0259 Moldovada saxlan\u0131l\u0131b v\u0259 pasportlar\u0131 \u0259ll\u0259rind\u0259n al\u0131n\u0131b&#8221;. Musavat.com x\u0259b\u0259r verir ki, bu \u015fikay\u0259tl\u0259 &#8220;qafqazinfo&#8221;ya Moldovada saxlan\u0131lan t\u0259l\u0259b\u0259l\u0259rd\u0259n biri &#8211; \u00d6zcan H\u0259\u015fimovun yax\u0131n\u0131 Firuz\u0259 \u018fkb\u0259rova m\u00fcraci\u0259t edib. Onun s\u00f6zl\u0259rin\u0259 g\u00f6r\u0259, d\u00fcn\u0259n s\u0259h\u0259r bir m\u00fc\u0259llim, bir valideyn v\u0259 34 t\u0259l\u0259b\u0259 birlikd\u0259 Moldovaya u\u00e7ublar v\u0259 oradan Ukraynaya ke\u00e7m\u0259li imi\u015fl\u0259r: &#8220;Moldovadan ke\u00e7\u0259nd\u0259 h\u0259r birinin pasportuna m\u00f6h\u00fcr vurulub. Ukraynaya ke\u00e7m\u0259k ist\u0259y\u0259nd\u0259 is\u0259 onlar\u0131 buraxmay\u0131blar. Bunun \u00fc\u00e7\u00fcn he\u00e7 bir \u0259sasl\u0131 s\u0259b\u0259b g\u00f6st\u0259rilm\u0259yib. \u018fvv\u0259lc\u0259 h\u0259d\u0259-qorxu g\u0259libl\u0259r, baqajlar\u0131n\u0131 \u0259ll\u0259rind\u0259n al\u0131blar, y\u00fckl\u0259ri ortada yoxdur. Deyibl\u0259r ki, bu g\u00fcn \u00fc\u00e7\u00fcn Az\u0259rbaycana qay\u0131tmal\u0131d\u0131rlar. Onlar t\u0259l\u0259b\u0259dirl\u0259r, n\u0259&hellip;<\/p>\n","protected":false},"author":2,"featured_media":834306,"comment_status":"closed","ping_status":"closed","sticky":false,"template":"","format":"standard","meta":{"om_disable_all_campaigns":false,"_monsterinsights_skip_tracking":false,"_monsterinsights_sitenote_active":false,"_monsterinsights_sitenote_note":"","_monsterinsights_sitenote_category":0},"categories":[1],"tags":[],"aioseo_notices":[],"gutentor_comment":0,"rttpg_featured_image_url":{"full":["https:\/\/arantv.az\/wp-content\/uploads\/2025\/11\/2b34378a5ccd34259f2c3f54b1001d83.jpg",870,500,false],"landscape":["https:\/\/arantv.az\/wp-content\/uploads\/2025\/11\/2b34378a5ccd34259f2c3f54b1001d83.jpg",870,500,false],"portraits":["https:\/\/arantv.az\/wp-content\/uploads\/2025\/11\/2b34378a5ccd34259f2c3f54b1001d83.jpg",870,500,false],"thumbnail":["https:\/\/arantv.az\/wp-content\/uploads\/2025\/11\/2b34378a5ccd34259f2c3f54b1001d83-500x280.jpg",500,280,true],"medium":["https:\/\/arantv.az\/wp-content\/uploads\/2025\/11\/2b34378a5ccd34259f2c3f54b1001d83-635x365.jpg",635,365,true],"large":["https:\/\/arantv.az\/wp-content\/uploads\/2025\/11\/2b34378a5ccd34259f2c3f54b1001d83-840x483.jpg",640,368,true],"1536x1536":["https:\/\/arantv.az\/wp-content\/uploads\/2025\/11\/2b34378a5ccd34259f2c3f54b1001d83.jpg",870,500,false],"2048x2048":["https:\/\/arantv.az\/wp-content\/uploads\/2025\/11\/2b34378a5ccd34259f2c3f54b1001d83.jpg",870,500,false],"post-thumbnail":["https:\/\/arantv.az\/wp-content\/uploads\/2025\/11\/2b34378a5ccd34259f2c3f54b1001d83-240x172.jpg",240,172,true],"advps-thumb-one":["https:\/\/arantv.az\/wp-content\/uploads\/2025\/11\/2b34378a5ccd34259f2c3f54b1001d83.jpg",870,500,false]},"rttpg_author":{"display_name":"V\u00fcsal Rafiqo\u011flu","author_link":"https:\/\/arantv.az\/?author=2"},"rttpg_comment":0,"rttpg_category":"<a href=\"https:\/\/arantv.az\/?cat=1\" rel=\"category\">C\u0259miyy\u0259t<\/a>","rttpg_excerpt":"&#8220;Ukraynaya oxuma\u011fa ged\u0259n 34 az\u0259rbaycanl\u0131 t\u0259l\u0259b\u0259 Moldovada saxlan\u0131l\u0131b v\u0259 pasportlar\u0131 \u0259ll\u0259rind\u0259n al\u0131n\u0131b&#8221;. Musavat.com x\u0259b\u0259r verir ki, bu \u015fikay\u0259tl\u0259 &#8220;qafqazinfo&#8221;ya Moldovada saxlan\u0131lan t\u0259l\u0259b\u0259l\u0259rd\u0259n biri &#8211; \u00d6zcan H\u0259\u015fimovun yax\u0131n\u0131 Firuz\u0259 \u018fkb\u0259rova m\u00fcraci\u0259t edib. Onun s\u00f6zl\u0259rin\u0259 g\u00f6r\u0259, d\u00fcn\u0259n s\u0259h\u0259r bir m\u00fc\u0259llim, bir valideyn v\u0259 34 t\u0259l\u0259b\u0259 birlikd\u0259 Moldovaya u\u00e7ublar v\u0259 oradan Ukraynaya ke\u00e7m\u0259li imi\u015fl\u0259r: &#8220;Moldovadan ke\u00e7\u0259nd\u0259 h\u0259r birinin&hellip;","_links":{"self":[{"href":"https:\/\/arantv.az\/index.php?rest_route=\/wp\/v2\/posts\/834305"}],"collection":[{"href":"https:\/\/arantv.az\/index.php?rest_route=\/wp\/v2\/posts"}],"about":[{"href":"https:\/\/arantv.az\/index.php?rest_route=\/wp\/v2\/types\/post"}],"author":[{"embeddable":true,"href":"https:\/\/arantv.az\/index.php?rest_route=\/wp\/v2\/users\/2"}],"replies":[{"embeddable":true,"href":"https:\/\/arantv.az\/index.php?rest_route=%2Fwp%2Fv2%2Fcomments&post=834305"}],"version-history":[{"count":1,"href":"https:\/\/arantv.az\/index.php?rest_route=\/wp\/v2\/posts\/834305\/revisions"}],"predecessor-version":[{"id":834307,"href":"https:\/\/arantv.az\/index.php?rest_route=\/wp\/v2\/posts\/834305\/revisions\/834307"}],"wp:featuredmedia":[{"embeddable":true,"href":"https:\/\/arantv.az\/index.php?rest_route=\/wp\/v2\/media\/834306"}],"wp:attachment":[{"href":"https:\/\/arantv.az\/index.php?rest_route=%2Fwp%2Fv2%2Fmedia&parent=834305"}],"wp:term":[{"taxonomy":"category","embeddable":true,"href":"https:\/\/arantv.az\/index.php?rest_route=%2Fwp%2Fv2%2Fcategories&post=834305"},{"taxonomy":"post_tag","embeddable":true,"href":"https:\/\/arantv.az\/index.php?rest_route=%2Fwp%2Fv2%2Ftags&post=834305"}],"curies":[{"name":"wp","href":"https:\/\/api.w.org\/{rel}","templated":true}]}}