{"id":834308,"date":"2025-11-13T14:25:56","date_gmt":"2025-11-13T10:25:56","guid":{"rendered":"https:\/\/arantv.az\/?p=834308"},"modified":"2025-11-13T14:25:56","modified_gmt":"2025-11-13T10:25:56","slug":"nazir-m%c9%99kt%c9%99bl%c9%99rin-baglanmasindan-danisdi-ixtisarlar-davam-ed%c9%99c%c9%99k","status":"publish","type":"post","link":"https:\/\/arantv.az\/?p=834308","title":{"rendered":"Nazir m\u0259kt\u0259bl\u0259rin ba\u011flanmas\u0131ndan dan\u0131\u015fd\u0131: \u0130xtisarlar davam ed\u0259c\u0259k"},"content":{"rendered":"<p><strong>5-10 \u015fagirdi olan m\u0259kt\u0259bd\u0259 keyfiyy\u0259tli t\u0259hsil verm\u0259k qeyri-m\u00fcmk\u00fcnd\u00fcr.<\/strong><\/p>\n<p><strong>Musavat.com\u00a0<\/strong>x\u0259b\u0259r verir ki, bunu Milli M\u0259clisin Aqrar siyas\u0259t, Ail\u0259, qad\u0131n v\u0259 u\u015faq m\u0259s\u0259l\u0259l\u0259ri, Elm v\u0259 t\u0259hsil komit\u0259l\u0259rinin birg\u0259 iclas\u0131nda elm v\u0259 t\u0259hsil naziri Emin \u018fmrullayev deyib.<\/p>\n<p>Nazir qeyd edib ki, m\u0259kt\u0259bl\u0259rin ixtisar\u0131 davam ed\u0259c\u0259k: \u201c5-10 \u015fagirdi olan m\u0259kt\u0259bd\u0259 keyfiyy\u0259tli t\u0259hsil verm\u0259k qeyri-m\u00fcmk\u00fcnd\u00fcr. T\u0259s\u0259vv\u00fcr edin, 2 n\u0259f\u0259r olan sinifd\u0259 nec\u0259 musiqi d\u0259rsi ke\u00e7\u0259k? Xorda nec\u0259 \u00f6yr\u0259d\u0259k? Bu, u\u015fa\u011f\u0131n g\u0259l\u0259c\u0259yin\u0259 d\u0259 t\u0259sir ed\u0259c\u0259k. 10 n\u0259f\u0259r olan m\u0259kt\u0259bd\u0259 t\u0259hsil alan u\u015fa\u011f\u0131n n\u0259 q\u0259d\u0259r dostu olacaq? Biz h\u0259min u\u015faqlara ba\u015fqa yerd\u0259 daha keyfiyy\u0259tli t\u0259hsil ver\u0259 bil\u0259rik\u201d.<\/p>\n","protected":false},"excerpt":{"rendered":"<p>5-10 \u015fagirdi olan m\u0259kt\u0259bd\u0259 keyfiyy\u0259tli t\u0259hsil verm\u0259k qeyri-m\u00fcmk\u00fcnd\u00fcr. Musavat.com\u00a0x\u0259b\u0259r verir ki, bunu Milli M\u0259clisin Aqrar siyas\u0259t, Ail\u0259, qad\u0131n v\u0259 u\u015faq m\u0259s\u0259l\u0259l\u0259ri, Elm v\u0259 t\u0259hsil komit\u0259l\u0259rinin birg\u0259 iclas\u0131nda elm v\u0259 t\u0259hsil naziri Emin \u018fmrullayev deyib. Nazir qeyd edib ki, m\u0259kt\u0259bl\u0259rin ixtisar\u0131 davam ed\u0259c\u0259k: \u201c5-10 \u015fagirdi olan m\u0259kt\u0259bd\u0259 keyfiyy\u0259tli t\u0259hsil verm\u0259k qeyri-m\u00fcmk\u00fcnd\u00fcr. T\u0259s\u0259vv\u00fcr edin, 2 n\u0259f\u0259r olan sinifd\u0259 nec\u0259 musiqi d\u0259rsi ke\u00e7\u0259k? Xorda nec\u0259 \u00f6yr\u0259d\u0259k? Bu, u\u015fa\u011f\u0131n g\u0259l\u0259c\u0259yin\u0259 d\u0259 t\u0259sir ed\u0259c\u0259k. 10 n\u0259f\u0259r olan m\u0259kt\u0259bd\u0259 t\u0259hsil alan u\u015fa\u011f\u0131n n\u0259 q\u0259d\u0259r dostu olacaq? Biz h\u0259min u\u015faqlara ba\u015fqa yerd\u0259 daha keyfiyy\u0259tli t\u0259hsil ver\u0259 bil\u0259rik\u201d.<\/p>\n","protected":false},"author":2,"featured_media":834309,"comment_status":"closed","ping_status":"closed","sticky":false,"template":"","format":"standard","meta":{"om_disable_all_campaigns":false,"_monsterinsights_skip_tracking":false,"_monsterinsights_sitenote_active":false,"_monsterinsights_sitenote_note":"","_monsterinsights_sitenote_category":0},"categories":[1],"tags":[],"aioseo_notices":[],"gutentor_comment":0,"rttpg_featured_image_url":{"full":["https:\/\/arantv.az\/wp-content\/uploads\/2025\/11\/98fe607a583efdab783d7e18fc07ec19.jpg",734,457,false],"landscape":["https:\/\/arantv.az\/wp-content\/uploads\/2025\/11\/98fe607a583efdab783d7e18fc07ec19.jpg",734,457,false],"portraits":["https:\/\/arantv.az\/wp-content\/uploads\/2025\/11\/98fe607a583efdab783d7e18fc07ec19.jpg",734,457,false],"thumbnail":["https:\/\/arantv.az\/wp-content\/uploads\/2025\/11\/98fe607a583efdab783d7e18fc07ec19-500x280.jpg",500,280,true],"medium":["https:\/\/arantv.az\/wp-content\/uploads\/2025\/11\/98fe607a583efdab783d7e18fc07ec19-586x365.jpg",586,365,true],"large":["https:\/\/arantv.az\/wp-content\/uploads\/2025\/11\/98fe607a583efdab783d7e18fc07ec19.jpg",640,398,false],"1536x1536":["https:\/\/arantv.az\/wp-content\/uploads\/2025\/11\/98fe607a583efdab783d7e18fc07ec19.jpg",734,457,false],"2048x2048":["https:\/\/arantv.az\/wp-content\/uploads\/2025\/11\/98fe607a583efdab783d7e18fc07ec19.jpg",734,457,false],"post-thumbnail":["https:\/\/arantv.az\/wp-content\/uploads\/2025\/11\/98fe607a583efdab783d7e18fc07ec19-240x172.jpg",240,172,true],"advps-thumb-one":["https:\/\/arantv.az\/wp-content\/uploads\/2025\/11\/98fe607a583efdab783d7e18fc07ec19.jpg",734,457,false]},"rttpg_author":{"display_name":"V\u00fcsal Rafiqo\u011flu","author_link":"https:\/\/arantv.az\/?author=2"},"rttpg_comment":0,"rttpg_category":"<a href=\"https:\/\/arantv.az\/?cat=1\" rel=\"category\">C\u0259miyy\u0259t<\/a>","rttpg_excerpt":"5-10 \u015fagirdi olan m\u0259kt\u0259bd\u0259 keyfiyy\u0259tli t\u0259hsil verm\u0259k qeyri-m\u00fcmk\u00fcnd\u00fcr. Musavat.com\u00a0x\u0259b\u0259r verir ki, bunu Milli M\u0259clisin Aqrar siyas\u0259t, Ail\u0259, qad\u0131n v\u0259 u\u015faq m\u0259s\u0259l\u0259l\u0259ri, Elm v\u0259 t\u0259hsil komit\u0259l\u0259rinin birg\u0259 iclas\u0131nda elm v\u0259 t\u0259hsil naziri Emin \u018fmrullayev deyib. Nazir qeyd edib ki, m\u0259kt\u0259bl\u0259rin ixtisar\u0131 davam ed\u0259c\u0259k: \u201c5-10 \u015fagirdi olan m\u0259kt\u0259bd\u0259 keyfiyy\u0259tli t\u0259hsil verm\u0259k qeyri-m\u00fcmk\u00fcnd\u00fcr. T\u0259s\u0259vv\u00fcr edin, 2 n\u0259f\u0259r olan&hellip;","_links":{"self":[{"href":"https:\/\/arantv.az\/index.php?rest_route=\/wp\/v2\/posts\/834308"}],"collection":[{"href":"https:\/\/arantv.az\/index.php?rest_route=\/wp\/v2\/posts"}],"about":[{"href":"https:\/\/arantv.az\/index.php?rest_route=\/wp\/v2\/types\/post"}],"author":[{"embeddable":true,"href":"https:\/\/arantv.az\/index.php?rest_route=\/wp\/v2\/users\/2"}],"replies":[{"embeddable":true,"href":"https:\/\/arantv.az\/index.php?rest_route=%2Fwp%2Fv2%2Fcomments&post=834308"}],"version-history":[{"count":1,"href":"https:\/\/arantv.az\/index.php?rest_route=\/wp\/v2\/posts\/834308\/revisions"}],"predecessor-version":[{"id":834310,"href":"https:\/\/arantv.az\/index.php?rest_route=\/wp\/v2\/posts\/834308\/revisions\/834310"}],"wp:featuredmedia":[{"embeddable":true,"href":"https:\/\/arantv.az\/index.php?rest_route=\/wp\/v2\/media\/834309"}],"wp:attachment":[{"href":"https:\/\/arantv.az\/index.php?rest_route=%2Fwp%2Fv2%2Fmedia&parent=834308"}],"wp:term":[{"taxonomy":"category","embeddable":true,"href":"https:\/\/arantv.az\/index.php?rest_route=%2Fwp%2Fv2%2Fcategories&post=834308"},{"taxonomy":"post_tag","embeddable":true,"href":"https:\/\/arantv.az\/index.php?rest_route=%2Fwp%2Fv2%2Ftags&post=834308"}],"curies":[{"name":"wp","href":"https:\/\/api.w.org\/{rel}","templated":true}]}}