{"id":834311,"date":"2025-11-13T14:26:57","date_gmt":"2025-11-13T10:26:57","guid":{"rendered":"https:\/\/arantv.az\/?p=834311"},"modified":"2025-11-13T14:26:57","modified_gmt":"2025-11-13T10:26:57","slug":"bir-canim-var-o-da-v%c9%99t%c9%99n%c9%99-qurban-olsun-fuad-n%c9%99c%c9%99fli-danisdi","status":"publish","type":"post","link":"https:\/\/arantv.az\/?p=834311","title":{"rendered":"\u201cBir can\u0131m var, o da v\u0259t\u0259n\u0259 qurban olsun\u201d \u2013 Fuad N\u0259c\u0259fli dan\u0131\u015fd\u0131"},"content":{"rendered":"<p><strong>X\u0259b\u0259r verdiyimiz kimi, \u00f6t\u0259n g\u00fcn Nax\u00e7\u0131van Muxtar Respublikas\u0131nda Az\u0259rbaycan Prezidentinin s\u0259lahiyy\u0259tli n\u00fcmay\u0259nd\u0259si Fuad N\u0259c\u0259fli v\u0259zif\u0259sind\u0259n azad olunub.<\/strong><\/p>\n<p><strong>Musavat.com<\/strong>\u00a0x\u0259b\u0259r verir ki, Teleqraf-a a\u00e7\u0131qlama ver\u0259n Fuad N\u0259c\u0259fli bildirib:<\/p>\n<p>\u201cN\u0259inki Nax\u00e7\u0131van, m\u0259n b\u00fct\u00f6v Az\u0259rbaycan\u0131m\u0131z\u0131n vur\u011funuyam. Bir can\u0131m var, o da bu v\u0259t\u0259n\u0259 qurban olsun. Allah c\u0259nab Prezidentimizin can\u0131n\u0131 sa\u011f etsin, onu qorusun\u201d.<\/p>\n<p>Fuad N\u0259c\u0259fli h\u0259m\u00e7inin v\u0259zif\u0259d\u0259n azad olunmas\u0131na s\u0259b\u0259b kimi m\u0259tbuatda yay\u0131lan x\u0259b\u0259rl\u0259r\u0259 d\u0259 m\u00fcnasib\u0259tini a\u00e7\u0131qlay\u0131b:<\/p>\n<p>\u201cSizin pe\u015f\u0259 yolunuz \u015f\u0259r\u0259fli yoldur. Ara\u015fd\u0131rma etm\u0259k m\u00fcmk\u00fcnd\u00fcr v\u0259 bu, sizin h\u00fcququnuzdur. M\u0259nim n\u0259yl\u0259s\u0259 ba\u011fl\u0131 a\u00e7\u0131qlama verm\u0259yim subyektiv olar. Siz is\u0259 obyektiv olmal\u0131s\u0131n\u0131z. B\u00fct\u00fcn pe\u015f\u0259kar insanlara salam deyir\u0259m\u201d.<\/p>\n<p>O, Nax\u00e7\u0131vandan Bak\u0131ya qay\u0131dan zaman t\u0259yyar\u0259d\u0259 \u00e7\u0259kil\u0259r\u0259k sosial \u015f\u0259b\u0259k\u0259l\u0259rd\u0259 yay\u0131lan fotosundan da dan\u0131\u015f\u0131b:<\/p>\n<p>\u201cNax\u00e7\u0131vana u\u00e7an t\u0259yyar\u0259l\u0259rin biznes sinfi olmur. Bir salon olur v\u0259 fotoda m\u0259n g\u00f6zl\u0259m\u0259 zal\u0131nda deyil, t\u0259yyar\u0259d\u0259y\u0259m\u201d.<\/p>\n<p>Qeyd ed\u0259k ki, Fuad N\u0259c\u0259fli s\u00f6z\u00fcged\u0259n v\u0259zif\u0259y\u0259 2022-ci ilin dekabr\u0131nda t\u0259yin olunmu\u015fdu.<\/p>\n","protected":false},"excerpt":{"rendered":"<p>X\u0259b\u0259r verdiyimiz kimi, \u00f6t\u0259n g\u00fcn Nax\u00e7\u0131van Muxtar Respublikas\u0131nda Az\u0259rbaycan Prezidentinin s\u0259lahiyy\u0259tli n\u00fcmay\u0259nd\u0259si Fuad N\u0259c\u0259fli v\u0259zif\u0259sind\u0259n azad olunub. Musavat.com\u00a0x\u0259b\u0259r verir ki, Teleqraf-a a\u00e7\u0131qlama ver\u0259n Fuad N\u0259c\u0259fli bildirib: \u201cN\u0259inki Nax\u00e7\u0131van, m\u0259n b\u00fct\u00f6v Az\u0259rbaycan\u0131m\u0131z\u0131n vur\u011funuyam. Bir can\u0131m var, o da bu v\u0259t\u0259n\u0259 qurban olsun. Allah c\u0259nab Prezidentimizin can\u0131n\u0131 sa\u011f etsin, onu qorusun\u201d. Fuad N\u0259c\u0259fli h\u0259m\u00e7inin v\u0259zif\u0259d\u0259n azad olunmas\u0131na s\u0259b\u0259b kimi m\u0259tbuatda yay\u0131lan x\u0259b\u0259rl\u0259r\u0259 d\u0259 m\u00fcnasib\u0259tini a\u00e7\u0131qlay\u0131b: \u201cSizin pe\u015f\u0259 yolunuz \u015f\u0259r\u0259fli yoldur. Ara\u015fd\u0131rma etm\u0259k m\u00fcmk\u00fcnd\u00fcr v\u0259 bu, sizin h\u00fcququnuzdur. M\u0259nim n\u0259yl\u0259s\u0259 ba\u011fl\u0131 a\u00e7\u0131qlama verm\u0259yim subyektiv olar. Siz is\u0259 obyektiv olmal\u0131s\u0131n\u0131z. B\u00fct\u00fcn pe\u015f\u0259kar insanlara salam&hellip;<\/p>\n","protected":false},"author":2,"featured_media":834312,"comment_status":"closed","ping_status":"closed","sticky":false,"template":"","format":"standard","meta":{"om_disable_all_campaigns":false,"_monsterinsights_skip_tracking":false,"_monsterinsights_sitenote_active":false,"_monsterinsights_sitenote_note":"","_monsterinsights_sitenote_category":0},"categories":[19],"tags":[],"aioseo_notices":[],"gutentor_comment":0,"rttpg_featured_image_url":{"full":["https:\/\/arantv.az\/wp-content\/uploads\/2025\/11\/da3374e7b8f17ab2cd4fd953d1868be1.jpg",800,450,false],"landscape":["https:\/\/arantv.az\/wp-content\/uploads\/2025\/11\/da3374e7b8f17ab2cd4fd953d1868be1.jpg",800,450,false],"portraits":["https:\/\/arantv.az\/wp-content\/uploads\/2025\/11\/da3374e7b8f17ab2cd4fd953d1868be1.jpg",800,450,false],"thumbnail":["https:\/\/arantv.az\/wp-content\/uploads\/2025\/11\/da3374e7b8f17ab2cd4fd953d1868be1-500x280.jpg",500,280,true],"medium":["https:\/\/arantv.az\/wp-content\/uploads\/2025\/11\/da3374e7b8f17ab2cd4fd953d1868be1-649x365.jpg",649,365,true],"large":["https:\/\/arantv.az\/wp-content\/uploads\/2025\/11\/da3374e7b8f17ab2cd4fd953d1868be1.jpg",640,360,false],"1536x1536":["https:\/\/arantv.az\/wp-content\/uploads\/2025\/11\/da3374e7b8f17ab2cd4fd953d1868be1.jpg",800,450,false],"2048x2048":["https:\/\/arantv.az\/wp-content\/uploads\/2025\/11\/da3374e7b8f17ab2cd4fd953d1868be1.jpg",800,450,false],"post-thumbnail":["https:\/\/arantv.az\/wp-content\/uploads\/2025\/11\/da3374e7b8f17ab2cd4fd953d1868be1-240x172.jpg",240,172,true],"advps-thumb-one":["https:\/\/arantv.az\/wp-content\/uploads\/2025\/11\/da3374e7b8f17ab2cd4fd953d1868be1.jpg",800,450,false]},"rttpg_author":{"display_name":"V\u00fcsal Rafiqo\u011flu","author_link":"https:\/\/arantv.az\/?author=2"},"rttpg_comment":0,"rttpg_category":"<a href=\"https:\/\/arantv.az\/?cat=19\" rel=\"category\">G\u00fcnd\u0259m<\/a>","rttpg_excerpt":"X\u0259b\u0259r verdiyimiz kimi, \u00f6t\u0259n g\u00fcn Nax\u00e7\u0131van Muxtar Respublikas\u0131nda Az\u0259rbaycan Prezidentinin s\u0259lahiyy\u0259tli n\u00fcmay\u0259nd\u0259si Fuad N\u0259c\u0259fli v\u0259zif\u0259sind\u0259n azad olunub. Musavat.com\u00a0x\u0259b\u0259r verir ki, Teleqraf-a a\u00e7\u0131qlama ver\u0259n Fuad N\u0259c\u0259fli bildirib: \u201cN\u0259inki Nax\u00e7\u0131van, m\u0259n b\u00fct\u00f6v Az\u0259rbaycan\u0131m\u0131z\u0131n vur\u011funuyam. Bir can\u0131m var, o da bu v\u0259t\u0259n\u0259 qurban olsun. Allah c\u0259nab Prezidentimizin can\u0131n\u0131 sa\u011f etsin, onu qorusun\u201d. Fuad N\u0259c\u0259fli h\u0259m\u00e7inin v\u0259zif\u0259d\u0259n azad olunmas\u0131na&hellip;","_links":{"self":[{"href":"https:\/\/arantv.az\/index.php?rest_route=\/wp\/v2\/posts\/834311"}],"collection":[{"href":"https:\/\/arantv.az\/index.php?rest_route=\/wp\/v2\/posts"}],"about":[{"href":"https:\/\/arantv.az\/index.php?rest_route=\/wp\/v2\/types\/post"}],"author":[{"embeddable":true,"href":"https:\/\/arantv.az\/index.php?rest_route=\/wp\/v2\/users\/2"}],"replies":[{"embeddable":true,"href":"https:\/\/arantv.az\/index.php?rest_route=%2Fwp%2Fv2%2Fcomments&post=834311"}],"version-history":[{"count":2,"href":"https:\/\/arantv.az\/index.php?rest_route=\/wp\/v2\/posts\/834311\/revisions"}],"predecessor-version":[{"id":834314,"href":"https:\/\/arantv.az\/index.php?rest_route=\/wp\/v2\/posts\/834311\/revisions\/834314"}],"wp:featuredmedia":[{"embeddable":true,"href":"https:\/\/arantv.az\/index.php?rest_route=\/wp\/v2\/media\/834312"}],"wp:attachment":[{"href":"https:\/\/arantv.az\/index.php?rest_route=%2Fwp%2Fv2%2Fmedia&parent=834311"}],"wp:term":[{"taxonomy":"category","embeddable":true,"href":"https:\/\/arantv.az\/index.php?rest_route=%2Fwp%2Fv2%2Fcategories&post=834311"},{"taxonomy":"post_tag","embeddable":true,"href":"https:\/\/arantv.az\/index.php?rest_route=%2Fwp%2Fv2%2Ftags&post=834311"}],"curies":[{"name":"wp","href":"https:\/\/api.w.org\/{rel}","templated":true}]}}