{"id":834438,"date":"2025-11-14T13:06:26","date_gmt":"2025-11-14T09:06:26","guid":{"rendered":"https:\/\/arantv.az\/?p=834438"},"modified":"2025-11-14T13:06:26","modified_gmt":"2025-11-14T09:06:26","slug":"xank%c9%99ndid%c9%99-m%c9%99nzill%c9%99r-satisa-cixarilacaq","status":"publish","type":"post","link":"https:\/\/arantv.az\/?p=834438","title":{"rendered":"Xank\u0259ndid\u0259 m\u0259nzill\u0259r sat\u0131\u015fa \u00e7\u0131xar\u0131lacaq"},"content":{"rendered":"<p><strong>Xank\u0259ndid\u0259 m\u0259nzill\u0259r sat\u0131\u015fa \u00e7\u0131xar\u0131lacaq.<\/strong><\/p>\n<p>Bunu Xank\u0259ndi \u015f\u0259h\u0259rind\u0259, A\u011fd\u0259r\u0259 v\u0259 Xocal\u0131 rayonlar\u0131nda Az\u0259rbaycan Respublikas\u0131 Prezidentinin x\u00fcsusi n\u00fcmay\u0259nd\u0259si El\u00e7in Yusubov deyib.<\/p>\n<div class=\"AdviadNativeVideo\">Bildirilib ki, Xank\u0259ndi \u015f\u0259h\u0259rind\u0259 sahibkarlar t\u0259r\u0259find\u0259n \u00e7oxm\u0259nzilli ya\u015fay\u0131\u015f binalar\u0131n\u0131n tikintisin\u0259 start verilib. \u015e\u0259h\u0259rd\u0259 v\u0259 \u0259traf ya\u015fay\u0131\u015f m\u0259nt\u0259q\u0259l\u0259rind\u0259 geni\u015fmiqyasl\u0131 tikinti v\u0259 b\u0259rpa i\u015fl\u0259ri s\u00fcr\u0259tl\u0259 davam etdirilir. Regionda sahibkarlar \u00fc\u00e7\u00fcn \u0259lveri\u015fli investisiya m\u00fchiti yarad\u0131l\u0131b, infrastruktur layih\u0259l\u0259ri i\u015f adamlar\u0131n\u0131n bu \u0259razil\u0259r\u0259 mara\u011f\u0131n\u0131 daha da art\u0131r\u0131b.<\/div>\n<p>Onun s\u00f6zl\u0259rin\u0259 g\u00f6r\u0259, \u015f\u0259h\u0259rd\u0259 sahibkarlar t\u0259r\u0259find\u0259n h\u00fcnd\u00fcrm\u0259rt\u0259b\u0259li \u00e7oxm\u0259nzilli ya\u015fay\u0131\u015f binalar\u0131n\u0131n tikintisi ba\u015fa \u00e7atd\u0131qdan sonra m\u0259nzill\u0259r sat\u0131\u015fa \u00e7\u0131xar\u0131lacaq. El\u00e7in Yusubov bildirib ki, art\u0131q Xank\u0259ndid\u0259n m\u0259nzil almaq ist\u0259y\u0259n v\u0259t\u0259nda\u015flardan xeyli m\u00fcraci\u0259t daxil olub.<\/p>\n<p><strong>X\u00fcsusi n\u00fcmay\u0259nd\u0259nin s\u00f6zl\u0259rin\u0259 g\u00f6r\u0259, m\u0259nzill\u0259rin sat\u0131\u015f\u0131 h\u0259m na\u011fd \u015f\u0259kild\u0259, h\u0259m d\u0259 kreditl\u0259 m\u00fcmk\u00fcn olacaq:<\/strong>\u00a0&#8220;Sahibkarlar\u0131n banklarla imzalad\u0131\u011f\u0131 m\u00fcqavil\u0259l\u0259r \u0259sas\u0131nda v\u0259t\u0259nda\u015flara kreditl\u0259 m\u0259nzil almaq imkan\u0131 yarad\u0131lacaq. Bu prosesin \u015f\u0259ffaf v\u0259 rahat h\u0259yata ke\u00e7irilm\u0259si \u00fc\u00e7\u00fcn sahibkarlara z\u0259ruri d\u00f6vl\u0259t d\u0259st\u0259yi g\u00f6st\u0259ril\u0259c\u0259k&#8221;.<\/p>\n<p>Qeyd olunub ki, Xank\u0259ndid\u0259 apar\u0131lan tikinti v\u0259 b\u0259rpa i\u015fl\u0259ri \u015f\u0259h\u0259rin m\u00fcasir ya\u015fay\u0131\u015f m\u0259kan\u0131na \u00e7evrilm\u0259sini h\u0259d\u0259fl\u0259yir.\/\/APA<\/p>\n","protected":false},"excerpt":{"rendered":"<p>Xank\u0259ndid\u0259 m\u0259nzill\u0259r sat\u0131\u015fa \u00e7\u0131xar\u0131lacaq. Bunu Xank\u0259ndi \u015f\u0259h\u0259rind\u0259, A\u011fd\u0259r\u0259 v\u0259 Xocal\u0131 rayonlar\u0131nda Az\u0259rbaycan Respublikas\u0131 Prezidentinin x\u00fcsusi n\u00fcmay\u0259nd\u0259si El\u00e7in Yusubov deyib. Bildirilib ki, Xank\u0259ndi \u015f\u0259h\u0259rind\u0259 sahibkarlar t\u0259r\u0259find\u0259n \u00e7oxm\u0259nzilli ya\u015fay\u0131\u015f binalar\u0131n\u0131n tikintisin\u0259 start verilib. \u015e\u0259h\u0259rd\u0259 v\u0259 \u0259traf ya\u015fay\u0131\u015f m\u0259nt\u0259q\u0259l\u0259rind\u0259 geni\u015fmiqyasl\u0131 tikinti v\u0259 b\u0259rpa i\u015fl\u0259ri s\u00fcr\u0259tl\u0259 davam etdirilir. Regionda sahibkarlar \u00fc\u00e7\u00fcn \u0259lveri\u015fli investisiya m\u00fchiti yarad\u0131l\u0131b, infrastruktur layih\u0259l\u0259ri i\u015f adamlar\u0131n\u0131n bu \u0259razil\u0259r\u0259 mara\u011f\u0131n\u0131 daha da art\u0131r\u0131b. Onun s\u00f6zl\u0259rin\u0259 g\u00f6r\u0259, \u015f\u0259h\u0259rd\u0259 sahibkarlar t\u0259r\u0259find\u0259n h\u00fcnd\u00fcrm\u0259rt\u0259b\u0259li \u00e7oxm\u0259nzilli ya\u015fay\u0131\u015f binalar\u0131n\u0131n tikintisi ba\u015fa \u00e7atd\u0131qdan sonra m\u0259nzill\u0259r sat\u0131\u015fa \u00e7\u0131xar\u0131lacaq. El\u00e7in Yusubov bildirib ki, art\u0131q Xank\u0259ndid\u0259n m\u0259nzil almaq ist\u0259y\u0259n v\u0259t\u0259nda\u015flardan xeyli m\u00fcraci\u0259t&hellip;<\/p>\n","protected":false},"author":2,"featured_media":834439,"comment_status":"closed","ping_status":"closed","sticky":false,"template":"","format":"standard","meta":{"om_disable_all_campaigns":false,"_monsterinsights_skip_tracking":false,"_monsterinsights_sitenote_active":false,"_monsterinsights_sitenote_note":"","_monsterinsights_sitenote_category":0},"categories":[1],"tags":[],"aioseo_notices":[],"gutentor_comment":0,"rttpg_featured_image_url":{"full":["https:\/\/arantv.az\/wp-content\/uploads\/2025\/11\/557fd2df143075f835aa7e534db4c55a.jpg",870,500,false],"landscape":["https:\/\/arantv.az\/wp-content\/uploads\/2025\/11\/557fd2df143075f835aa7e534db4c55a.jpg",870,500,false],"portraits":["https:\/\/arantv.az\/wp-content\/uploads\/2025\/11\/557fd2df143075f835aa7e534db4c55a.jpg",870,500,false],"thumbnail":["https:\/\/arantv.az\/wp-content\/uploads\/2025\/11\/557fd2df143075f835aa7e534db4c55a-500x280.jpg",500,280,true],"medium":["https:\/\/arantv.az\/wp-content\/uploads\/2025\/11\/557fd2df143075f835aa7e534db4c55a-635x365.jpg",635,365,true],"large":["https:\/\/arantv.az\/wp-content\/uploads\/2025\/11\/557fd2df143075f835aa7e534db4c55a-840x483.jpg",640,368,true],"1536x1536":["https:\/\/arantv.az\/wp-content\/uploads\/2025\/11\/557fd2df143075f835aa7e534db4c55a.jpg",870,500,false],"2048x2048":["https:\/\/arantv.az\/wp-content\/uploads\/2025\/11\/557fd2df143075f835aa7e534db4c55a.jpg",870,500,false],"post-thumbnail":["https:\/\/arantv.az\/wp-content\/uploads\/2025\/11\/557fd2df143075f835aa7e534db4c55a-240x172.jpg",240,172,true],"advps-thumb-one":["https:\/\/arantv.az\/wp-content\/uploads\/2025\/11\/557fd2df143075f835aa7e534db4c55a.jpg",870,500,false]},"rttpg_author":{"display_name":"V\u00fcsal Rafiqo\u011flu","author_link":"https:\/\/arantv.az\/?author=2"},"rttpg_comment":0,"rttpg_category":"<a href=\"https:\/\/arantv.az\/?cat=1\" rel=\"category\">C\u0259miyy\u0259t<\/a>","rttpg_excerpt":"Xank\u0259ndid\u0259 m\u0259nzill\u0259r sat\u0131\u015fa \u00e7\u0131xar\u0131lacaq. Bunu Xank\u0259ndi \u015f\u0259h\u0259rind\u0259, A\u011fd\u0259r\u0259 v\u0259 Xocal\u0131 rayonlar\u0131nda Az\u0259rbaycan Respublikas\u0131 Prezidentinin x\u00fcsusi n\u00fcmay\u0259nd\u0259si El\u00e7in Yusubov deyib. Bildirilib ki, Xank\u0259ndi \u015f\u0259h\u0259rind\u0259 sahibkarlar t\u0259r\u0259find\u0259n \u00e7oxm\u0259nzilli ya\u015fay\u0131\u015f binalar\u0131n\u0131n tikintisin\u0259 start verilib. \u015e\u0259h\u0259rd\u0259 v\u0259 \u0259traf ya\u015fay\u0131\u015f m\u0259nt\u0259q\u0259l\u0259rind\u0259 geni\u015fmiqyasl\u0131 tikinti v\u0259 b\u0259rpa i\u015fl\u0259ri s\u00fcr\u0259tl\u0259 davam etdirilir. Regionda sahibkarlar \u00fc\u00e7\u00fcn \u0259lveri\u015fli investisiya m\u00fchiti yarad\u0131l\u0131b, infrastruktur layih\u0259l\u0259ri i\u015f adamlar\u0131n\u0131n&hellip;","_links":{"self":[{"href":"https:\/\/arantv.az\/index.php?rest_route=\/wp\/v2\/posts\/834438"}],"collection":[{"href":"https:\/\/arantv.az\/index.php?rest_route=\/wp\/v2\/posts"}],"about":[{"href":"https:\/\/arantv.az\/index.php?rest_route=\/wp\/v2\/types\/post"}],"author":[{"embeddable":true,"href":"https:\/\/arantv.az\/index.php?rest_route=\/wp\/v2\/users\/2"}],"replies":[{"embeddable":true,"href":"https:\/\/arantv.az\/index.php?rest_route=%2Fwp%2Fv2%2Fcomments&post=834438"}],"version-history":[{"count":1,"href":"https:\/\/arantv.az\/index.php?rest_route=\/wp\/v2\/posts\/834438\/revisions"}],"predecessor-version":[{"id":834440,"href":"https:\/\/arantv.az\/index.php?rest_route=\/wp\/v2\/posts\/834438\/revisions\/834440"}],"wp:featuredmedia":[{"embeddable":true,"href":"https:\/\/arantv.az\/index.php?rest_route=\/wp\/v2\/media\/834439"}],"wp:attachment":[{"href":"https:\/\/arantv.az\/index.php?rest_route=%2Fwp%2Fv2%2Fmedia&parent=834438"}],"wp:term":[{"taxonomy":"category","embeddable":true,"href":"https:\/\/arantv.az\/index.php?rest_route=%2Fwp%2Fv2%2Fcategories&post=834438"},{"taxonomy":"post_tag","embeddable":true,"href":"https:\/\/arantv.az\/index.php?rest_route=%2Fwp%2Fv2%2Ftags&post=834438"}],"curies":[{"name":"wp","href":"https:\/\/api.w.org\/{rel}","templated":true}]}}