{"id":834461,"date":"2025-11-14T13:13:54","date_gmt":"2025-11-14T09:13:54","guid":{"rendered":"https:\/\/arantv.az\/?p=834461"},"modified":"2025-11-14T13:13:54","modified_gmt":"2025-11-14T09:13:54","slug":"leyla-%c9%99liyeva-2-oglu-s%c9%99hid-olan-anani-ziyar%c9%99t-etdi-fotolar","status":"publish","type":"post","link":"https:\/\/arantv.az\/?p=834461","title":{"rendered":"Leyla \u018fliyeva 2 o\u011flu \u015f\u0259hid olan anan\u0131 ziyar\u0259t etdi &#8211; FOTOLAR"},"content":{"rendered":"<p><strong>Heyd\u0259r \u018fliyev Fondunun vitse-prezidenti, IDEA \u0130ctimai Birliyinin t\u0259sis\u00e7isi v\u0259 r\u0259hb\u0259ri Leyla \u018fliyeva noyabr\u0131n 13-d\u0259 Ming\u0259\u00e7evir\u0259 s\u0259f\u0259r edib.<\/strong><\/p>\n<p>S\u0259f\u0259r \u00e7\u0259r\u00e7iv\u0259sind\u0259 Leyla \u018fliyeva \u0259vv\u0259lc\u0259 V\u0259t\u0259n u\u011frunda canlar\u0131n\u0131 f\u0259da etmi\u015f \u015f\u0259hid qarda\u015flar \u018fhm\u0259dovlar\u0131n ail\u0259sini ziyar\u0259t edib.<\/p>\n<p>O, \u015f\u0259hidl\u0259rin xatir\u0259sini ehtiramla yad edib, anas\u0131 Sevinc \u018fhm\u0259dova il\u0259 s\u00f6hb\u0259t edib, q\u0259hr\u0259man o\u011fullar\u0131n\u0131n h\u0259yat\u0131, d\u00f6y\u00fc\u015f yolu, el\u0259c\u0259 d\u0259 ail\u0259nin qay\u011f\u0131 v\u0259 ehtiyaclar\u0131 il\u0259 maraqlan\u0131b.<\/p>\n<p>\u018fli v\u0259 \u0130slam \u018fhm\u0259dov qarda\u015flar\u0131 V\u0259t\u0259n m\u00fcharib\u0259si zaman\u0131 eyni g\u00fcnd\u0259 \u015f\u0259hid olublar. Az\u0259rbaycan Prezidentinin m\u00fcvafiq S\u0259r\u0259ncamlar\u0131 il\u0259 \u018fli \u018fhm\u0259dov 3-c\u00fc d\u0259r\u0259c\u0259li \u201cV\u0259t\u0259n\u0259 xidm\u0259t\u0259 g\u00f6r\u0259\u201d ordeni, \u201cV\u0259t\u0259n u\u011frunda\u201d, \u201cSuqovu\u015fan\u0131n azad olunmas\u0131na g\u00f6r\u0259\u201d, \u201cLa\u00e7\u0131n\u0131n azad olunmas\u0131na g\u00f6r\u0259\u201d medallar\u0131, \u0130slam \u018fhm\u0259dov is\u0259 3-c\u00fc d\u0259r\u0259c\u0259li \u201cV\u0259t\u0259n\u0259 xidm\u0259t\u0259 g\u00f6r\u0259\u201d ordeni, \u201cV\u0259t\u0259n u\u011frunda\u201d, \u201cC\u0259sur d\u00f6y\u00fc\u015f\u00e7\u00fc\u201d v\u0259 \u201cSuqovu\u015fan\u0131n azad olunmas\u0131na g\u00f6r\u0259\u201d medallar\u0131 il\u0259 t\u0259ltif olunub. (Ax\u015fam.az)<\/p>\n<p><a href=\"https:\/\/axsam.az\/showpic_el100.jpg?yol=A%2BSRFDcJtnMJGdK9RV8UmaO%2BCGYO7uBAm3g0u1Yp0a7nlGhiGovFkBGNQ%2Fn8lOFeCcf7WtHC%2BfibJTeh9ZwUtpjiZXimaiMb1EsyPq0G5Vm8GGR6bUP2%2F2VrTyAlkQLw\" target=\"_blank\" rel=\"noopener\"><img class=\"glr\" src=\"https:\/\/axsam.az\/showpic_el100.jpg?yol=A%2BSRFDcJtnMJGdK9RV8UmaO%2BCGYO7uBAm3g0u1Yp0a7nlGhiGovFkBGNQ%2Fn8lOFeCcf7WtHC%2BfibJTeh9ZwUtpjiZXimaiMb1EsyPq0G5Vm8GGR6bUP2%2F2VrTyAlkQLw\" \/><\/a><a href=\"https:\/\/axsam.az\/showpic_el100.jpg?yol=A%2BSRFDcJtnMJGdK9RV8UmaO%2BCGYO7uBAm3g0u1Yp0a6OGvNA0pkyZkxw7Quu5WgfeJ0b4%2B5SB6rC6wuCWb12LoDGOa%2Balcmrig5jJbjMzAI3O2ccT5aRyrnPsdTGvbAs\" target=\"_blank\" rel=\"noopener\"><img class=\"glr\" src=\"https:\/\/axsam.az\/showpic_el100.jpg?yol=A%2BSRFDcJtnMJGdK9RV8UmaO%2BCGYO7uBAm3g0u1Yp0a6OGvNA0pkyZkxw7Quu5WgfeJ0b4%2B5SB6rC6wuCWb12LoDGOa%2Balcmrig5jJbjMzAI3O2ccT5aRyrnPsdTGvbAs\" \/><\/a><a href=\"https:\/\/axsam.az\/showpic_el100.jpg?yol=A%2BSRFDcJtnMJGdK9RV8UmaO%2BCGYO7uBAm3g0u1Yp0a7%2BVTP7Ja81QOx3FMlBjBhPumFraH977wJTvIKvoPKFskRjwp4XL2F3JdPF4G4us33zd80zuM164yZJUTvgAkGL\" target=\"_blank\" rel=\"noopener\"><img class=\"glr\" src=\"https:\/\/axsam.az\/showpic_el100.jpg?yol=A%2BSRFDcJtnMJGdK9RV8UmaO%2BCGYO7uBAm3g0u1Yp0a7%2BVTP7Ja81QOx3FMlBjBhPumFraH977wJTvIKvoPKFskRjwp4XL2F3JdPF4G4us33zd80zuM164yZJUTvgAkGL\" \/><\/a><a href=\"https:\/\/axsam.az\/showpic_el100.jpg?yol=A%2BSRFDcJtnMJGdK9RV8UmaO%2BCGYO7uBAm3g0u1Yp0a7xi6AdbotCzFdd4WzLJwW6JsUR1I%2FgVylxBOEH8c8cOIH1rHMI9zv061sWKBf%2B350%2FF%2BDG3HtIt8%2F59iN2EnwI\" target=\"_blank\" rel=\"noopener\"><img class=\"glr\" src=\"https:\/\/axsam.az\/showpic_el100.jpg?yol=A%2BSRFDcJtnMJGdK9RV8UmaO%2BCGYO7uBAm3g0u1Yp0a7xi6AdbotCzFdd4WzLJwW6JsUR1I%2FgVylxBOEH8c8cOIH1rHMI9zv061sWKBf%2B350%2FF%2BDG3HtIt8%2F59iN2EnwI\" \/><\/a><a href=\"https:\/\/axsam.az\/showpic_el100.jpg?yol=A%2BSRFDcJtnMJGdK9RV8UmaO%2BCGYO7uBAm3g0u1Yp0a5JmVDUd73e75pLN%2FJVrDc33CjrykiKm%2BVc%2BjeJNLLzTVgH4FNb42bAmIj8QlSFZX39Tyszga0kK6dK7cWGB7wv\" target=\"_blank\" rel=\"noopener\"><img class=\"glr\" src=\"https:\/\/axsam.az\/showpic_el100.jpg?yol=A%2BSRFDcJtnMJGdK9RV8UmaO%2BCGYO7uBAm3g0u1Yp0a5JmVDUd73e75pLN%2FJVrDc33CjrykiKm%2BVc%2BjeJNLLzTVgH4FNb42bAmIj8QlSFZX39Tyszga0kK6dK7cWGB7wv\" \/><\/a><a href=\"https:\/\/axsam.az\/showpic_el100.jpg?yol=A%2BSRFDcJtnMJGdK9RV8UmaO%2BCGYO7uBAm3g0u1Yp0a6BSW24L6%2Bhm08n1bd1VS%2B%2F%2FKgDLgcTJ33yl5DUj6GEgaBDAIXqFXilHBg2LF1bKqhFaZ3wYvPOUVVq6yZk9qS0\" target=\"_blank\" rel=\"noopener\"><img class=\"glr\" src=\"https:\/\/axsam.az\/showpic_el100.jpg?yol=A%2BSRFDcJtnMJGdK9RV8UmaO%2BCGYO7uBAm3g0u1Yp0a6BSW24L6%2Bhm08n1bd1VS%2B%2F%2FKgDLgcTJ33yl5DUj6GEgaBDAIXqFXilHBg2LF1bKqhFaZ3wYvPOUVVq6yZk9qS0\" \/><\/a><\/p>\n","protected":false},"excerpt":{"rendered":"<p>Heyd\u0259r \u018fliyev Fondunun vitse-prezidenti, IDEA \u0130ctimai Birliyinin t\u0259sis\u00e7isi v\u0259 r\u0259hb\u0259ri Leyla \u018fliyeva noyabr\u0131n 13-d\u0259 Ming\u0259\u00e7evir\u0259 s\u0259f\u0259r edib. S\u0259f\u0259r \u00e7\u0259r\u00e7iv\u0259sind\u0259 Leyla \u018fliyeva \u0259vv\u0259lc\u0259 V\u0259t\u0259n u\u011frunda canlar\u0131n\u0131 f\u0259da etmi\u015f \u015f\u0259hid qarda\u015flar \u018fhm\u0259dovlar\u0131n ail\u0259sini ziyar\u0259t edib. O, \u015f\u0259hidl\u0259rin xatir\u0259sini ehtiramla yad edib, anas\u0131 Sevinc \u018fhm\u0259dova il\u0259 s\u00f6hb\u0259t edib, q\u0259hr\u0259man o\u011fullar\u0131n\u0131n h\u0259yat\u0131, d\u00f6y\u00fc\u015f yolu, el\u0259c\u0259 d\u0259 ail\u0259nin qay\u011f\u0131 v\u0259 ehtiyaclar\u0131 il\u0259 maraqlan\u0131b. \u018fli v\u0259 \u0130slam \u018fhm\u0259dov qarda\u015flar\u0131 V\u0259t\u0259n m\u00fcharib\u0259si zaman\u0131 eyni g\u00fcnd\u0259 \u015f\u0259hid olublar. Az\u0259rbaycan Prezidentinin m\u00fcvafiq S\u0259r\u0259ncamlar\u0131 il\u0259 \u018fli \u018fhm\u0259dov 3-c\u00fc d\u0259r\u0259c\u0259li \u201cV\u0259t\u0259n\u0259 xidm\u0259t\u0259 g\u00f6r\u0259\u201d ordeni, \u201cV\u0259t\u0259n u\u011frunda\u201d, \u201cSuqovu\u015fan\u0131n azad olunmas\u0131na g\u00f6r\u0259\u201d, \u201cLa\u00e7\u0131n\u0131n&hellip;<\/p>\n","protected":false},"author":2,"featured_media":834462,"comment_status":"closed","ping_status":"closed","sticky":false,"template":"","format":"standard","meta":{"om_disable_all_campaigns":false,"_monsterinsights_skip_tracking":false,"_monsterinsights_sitenote_active":false,"_monsterinsights_sitenote_note":"","_monsterinsights_sitenote_category":0},"categories":[1],"tags":[],"aioseo_notices":[],"gutentor_comment":0,"rttpg_featured_image_url":{"full":["https:\/\/arantv.az\/wp-content\/uploads\/2025\/11\/9afb0ee3c1ec03827b6adb6a914c9d21.jpg",735,462,false],"landscape":["https:\/\/arantv.az\/wp-content\/uploads\/2025\/11\/9afb0ee3c1ec03827b6adb6a914c9d21.jpg",735,462,false],"portraits":["https:\/\/arantv.az\/wp-content\/uploads\/2025\/11\/9afb0ee3c1ec03827b6adb6a914c9d21.jpg",735,462,false],"thumbnail":["https:\/\/arantv.az\/wp-content\/uploads\/2025\/11\/9afb0ee3c1ec03827b6adb6a914c9d21-500x280.jpg",500,280,true],"medium":["https:\/\/arantv.az\/wp-content\/uploads\/2025\/11\/9afb0ee3c1ec03827b6adb6a914c9d21-581x365.jpg",581,365,true],"large":["https:\/\/arantv.az\/wp-content\/uploads\/2025\/11\/9afb0ee3c1ec03827b6adb6a914c9d21.jpg",640,402,false],"1536x1536":["https:\/\/arantv.az\/wp-content\/uploads\/2025\/11\/9afb0ee3c1ec03827b6adb6a914c9d21.jpg",735,462,false],"2048x2048":["https:\/\/arantv.az\/wp-content\/uploads\/2025\/11\/9afb0ee3c1ec03827b6adb6a914c9d21.jpg",735,462,false],"post-thumbnail":["https:\/\/arantv.az\/wp-content\/uploads\/2025\/11\/9afb0ee3c1ec03827b6adb6a914c9d21-240x172.jpg",240,172,true],"advps-thumb-one":["https:\/\/arantv.az\/wp-content\/uploads\/2025\/11\/9afb0ee3c1ec03827b6adb6a914c9d21.jpg",735,462,false]},"rttpg_author":{"display_name":"V\u00fcsal Rafiqo\u011flu","author_link":"https:\/\/arantv.az\/?author=2"},"rttpg_comment":0,"rttpg_category":"<a href=\"https:\/\/arantv.az\/?cat=1\" rel=\"category\">C\u0259miyy\u0259t<\/a>","rttpg_excerpt":"Heyd\u0259r \u018fliyev Fondunun vitse-prezidenti, IDEA \u0130ctimai Birliyinin t\u0259sis\u00e7isi v\u0259 r\u0259hb\u0259ri Leyla \u018fliyeva noyabr\u0131n 13-d\u0259 Ming\u0259\u00e7evir\u0259 s\u0259f\u0259r edib. S\u0259f\u0259r \u00e7\u0259r\u00e7iv\u0259sind\u0259 Leyla \u018fliyeva \u0259vv\u0259lc\u0259 V\u0259t\u0259n u\u011frunda canlar\u0131n\u0131 f\u0259da etmi\u015f \u015f\u0259hid qarda\u015flar \u018fhm\u0259dovlar\u0131n ail\u0259sini ziyar\u0259t edib. O, \u015f\u0259hidl\u0259rin xatir\u0259sini ehtiramla yad edib, anas\u0131 Sevinc \u018fhm\u0259dova il\u0259 s\u00f6hb\u0259t edib, q\u0259hr\u0259man o\u011fullar\u0131n\u0131n h\u0259yat\u0131, d\u00f6y\u00fc\u015f yolu, el\u0259c\u0259 d\u0259 ail\u0259nin qay\u011f\u0131 v\u0259&hellip;","_links":{"self":[{"href":"https:\/\/arantv.az\/index.php?rest_route=\/wp\/v2\/posts\/834461"}],"collection":[{"href":"https:\/\/arantv.az\/index.php?rest_route=\/wp\/v2\/posts"}],"about":[{"href":"https:\/\/arantv.az\/index.php?rest_route=\/wp\/v2\/types\/post"}],"author":[{"embeddable":true,"href":"https:\/\/arantv.az\/index.php?rest_route=\/wp\/v2\/users\/2"}],"replies":[{"embeddable":true,"href":"https:\/\/arantv.az\/index.php?rest_route=%2Fwp%2Fv2%2Fcomments&post=834461"}],"version-history":[{"count":2,"href":"https:\/\/arantv.az\/index.php?rest_route=\/wp\/v2\/posts\/834461\/revisions"}],"predecessor-version":[{"id":834464,"href":"https:\/\/arantv.az\/index.php?rest_route=\/wp\/v2\/posts\/834461\/revisions\/834464"}],"wp:featuredmedia":[{"embeddable":true,"href":"https:\/\/arantv.az\/index.php?rest_route=\/wp\/v2\/media\/834462"}],"wp:attachment":[{"href":"https:\/\/arantv.az\/index.php?rest_route=%2Fwp%2Fv2%2Fmedia&parent=834461"}],"wp:term":[{"taxonomy":"category","embeddable":true,"href":"https:\/\/arantv.az\/index.php?rest_route=%2Fwp%2Fv2%2Fcategories&post=834461"},{"taxonomy":"post_tag","embeddable":true,"href":"https:\/\/arantv.az\/index.php?rest_route=%2Fwp%2Fv2%2Ftags&post=834461"}],"curies":[{"name":"wp","href":"https:\/\/api.w.org\/{rel}","templated":true}]}}