{"id":835520,"date":"2025-12-01T20:38:25","date_gmt":"2025-12-01T16:38:25","guid":{"rendered":"https:\/\/arantv.az\/?p=835520"},"modified":"2025-12-01T20:38:25","modified_gmt":"2025-12-01T16:38:25","slug":"bel%c9%99-bir-lider%c9%99-nec%c9%99-donuk-cixmaq-olar","status":"publish","type":"post","link":"https:\/\/arantv.az\/?p=835520","title":{"rendered":"Bel\u0259 bir Lider\u0259 nec\u0259 d\u00f6n\u00fck \u00e7\u0131xmaq olar?!"},"content":{"rendered":"<p><strong>Onda h\u0259l\u0259 Qaraba\u011f i\u015f\u011falda idi. Bu, o zamanlar idi ki, hans\u0131 \u00f6lk\u0259y\u0259 s\u0259f\u0259r edirdiks\u0259 &#8211; bu s\u0259f\u0259rl\u0259r d\u0259 \u0259sas\u0259n Qaraba\u011fa \u0259dal\u0259t, Az\u0259rbaycan h\u0259qiq\u0259tl\u0259rinin yay\u0131lmas\u0131na h\u0259sr olunmu\u015f t\u0259dbirl\u0259rl\u0259 \u0259laq\u0259dar olurdu \u2013 Az\u0259rbaycandan oldu\u011fumuzu bil\u0259nl\u0259rin t\u0259n\u0259li, ironik bax\u0131\u015flar\u0131ndan yay\u0131na bilmirdik. D\u00fczd\u00fcr, etika namin\u0259, qonaq oldu\u011fumuz \u00fc\u00e7\u00fcn nisb\u0259t\u0259n ehtiyatl\u0131 davran\u0131rd\u0131lar, amma el\u0259 bax\u0131\u015flar\u0131 il\u0259 d\u0259 \u201cbir ovuc erm\u0259ninin\u201d (onlar\u0131n d\u00fc\u015f\u00fcnc\u0259sin\u0259 g\u00f6r\u0259) \u0259lind\u0259n torpaqlar\u0131n\u0131 ala bilm\u0259y\u0259n \u00f6lk\u0259nin v\u0259t\u0259nda\u015f\u0131 olaraq yana\u015f\u0131rd\u0131lar biz\u0259. \u018fn t\u0259sirlisi bilirsiniz n\u0259 olmu\u015fdu? \u015eeyx S\u0259fi m\u0259qb\u0259r\u0259sini ziyar\u0259t edib geri qay\u0131dark\u0259n \u018frd\u0259bild\u0259n olan a\u011fsaqqalardan birinin \u201cniy\u0259 gedib torpa\u011f\u0131n\u0131z\u0131 azad etmirsiniz\u201d, dey\u0259r\u0259k t\u0259n\u0259li bax\u0131\u015flar\u0131na tu\u015f g\u0259lmi\u015fdik s\u0259f\u0259r yolda\u015flar\u0131m\u0131zla. Oldu\u011fumuz \u00fcnvanlarda reall\u0131\u011f\u0131 deyirdik, \u0259slind\u0259 torpaqlar\u0131m\u0131z\u0131 \u201cbir ovuc erm\u0259ninin\u201d yox, onlar\u0131n havadarlar\u0131n\u0131n i\u015f\u011fal etdikl\u0259rini s\u00f6yl\u0259yirdik v\u0259 sonda qalib g\u0259l\u0259c\u0259yimizi \u0259minlikl\u0259 bildirirdik. El\u0259c\u0259 d\u0259 dig\u0259r t\u0259dbirl\u0259rin birind\u0259 m\u00fchacir soyda\u015flar\u0131m\u0131z\u0131n ittihamlar\u0131na cavab olaraq demi\u015fdik ki, \u201c\u0259min olun, Qaraba\u011f\u0131 \u0259n \u00e7ox azad etm\u0259k ist\u0259y\u0259n Az\u0259rbaycan Prezidentidir, buna q\u0259ti \u015f\u00fcbh\u0259niz olmas\u0131n, kim ad\u0131n\u0131 \u0259b\u0259di tarix\u0259 h\u0259kk el\u0259m\u0259k ist\u0259m\u0259z?!\u201d<\/strong><\/p>\n<p><strong><img loading=\"lazy\" src=\"https:\/\/cdn.musavat.com\/news\/images\/Ayten\/%C4%B0LHAM%20ESGER.jpg\" alt=\"\u0130LHAM ESGER.jpg (246 KB)\" width=\"700\" height=\"402\" \/><\/strong><\/p>\n<p><strong>Bu g\u00fcn o g\u00fcnl\u0259ri xat\u0131rlamaq \u00e7ox a\u011f\u0131r olsa da, haql\u0131 oldu\u011fumuz \u00fc\u00e7\u00fcn o q\u0259d\u0259r xo\u015f hissl\u0259r ke\u00e7iririk ki&#8230;<\/strong>Bir Az\u0259rbaycan v\u0259t\u0259nda\u015f\u0131 olaraq, \u00f6z\u00fc d\u0259 QAL\u0130B \u00d6LK\u018fN\u0130N V\u018fT\u018fNDA\u015eI! Bu g\u00fcnl\u0259ri biz\u0259 b\u0259x\u015f ed\u0259n M\u00fcz\u0259ff\u0259r Ali Ba\u015f Komandan\u0131m\u0131za, q\u0259hr\u0259man ordumuza n\u0259 q\u0259d\u0259r t\u0259\u015f\u0259kk\u00fcr ets\u0259k, yen\u0259 d\u0259 azd\u0131r! Torpaqlar\u0131m\u0131z\u0131n azadl\u0131\u011f\u0131 bizim ba\u015f\u0131m\u0131z\u0131 dik\u0259ltdi, b\u00fct\u00fcn d\u00fcnyada \u00fcz\u00fca\u011f ya\u015famaq \u015fans\u0131 qazand\u0131q, bir \u00e7oxlar\u0131 biz\u0259 h\u0259s\u0259d apar\u0131r, bunu dil\u0259 g\u0259tir\u0259n liderl\u0259r d\u0259 az deyil. Bu reall\u0131\u011f\u0131 yaradan Lider\u0259 v\u0259 onun q\u00fcdr\u0259tli ordusuna, d\u00f6vl\u0259tin\u0259, xalq\u0131na nec\u0259 q\u0259sd haqq\u0131nda d\u00fc\u015f\u00fcnm\u0259k olar(d\u0131)?! T\u0259\u0259ss\u00fcf ki, dem\u0259, biril\u0259ri i\u015f ba\u015f\u0131nda imi\u015fl\u0259r. D\u00f6vl\u0259timizin k\u00f6kl\u0259rini qaz\u0131rm\u0131\u015flar. Ramiz Mehdiyev v\u0259 \u0259traf\u0131, \u201ckomandas\u0131\u201d \u0259traf\u0131nda apar\u0131lan ara\u015fd\u0131rmalar \u00e7ox \u015feyl\u0259ri \u00fcz\u0259 \u00e7\u0131xaracaq. Amma indiy\u0259 q\u0259d\u0259r yay\u0131lan m\u0259lumatlar\u0131n \u00f6z\u00fc bel\u0259 qorxuncdur. Bir anl\u0131q dig\u0259r m\u0259s\u0259l\u0259l\u0259ri d\u00fc\u015f\u00fcn\u0259nd\u0259 adam\u0131 vahim\u0259 bas\u0131r. T\u0259s\u0259vv\u00fcr edin, \u0259g\u0259r haz\u0131rlanan planlar h\u0259yata ke\u00e7s\u0259ydi, hakimiyy\u0259tin \u0259l\u0259 ke\u00e7irilm\u0259sin\u0259 nail olsayd\u0131lar&#8230;Onda n\u0259 B\u00f6y\u00fck Z\u0259f\u0259rimizin ilkin m\u0259rh\u0259l\u0259si olan Aprel d\u00f6y\u00fc\u015fl\u0259rind\u0259ki q\u0259l\u0259b\u0259 m\u00fcjd\u0259miz olacaqd\u0131, n\u0259 Tovuz d\u00f6y\u00fc\u015fl\u0259rind\u0259 d\u00fc\u015fm\u0259nin burnu ovulacaqd\u0131, n\u0259 44 g\u00fcnl\u00fck V\u0259t\u0259n m\u00fcharib\u0259sind\u0259 iki \u0259sr\u0259 b\u0259rab\u0259r q\u0259l\u0259b\u0259miz olacaqd\u0131, n\u0259 d\u0259&#8230;\u00c7ox \u015feyl\u0259rd\u0259n m\u0259hrum olacaqd\u0131q. O halda Qaraba\u011fda separatizmin k\u00f6k\u00fc k\u0259silm\u0259y\u0259c\u0259kdi, Bak\u0131da \u018fdal\u0259t M\u0259hk\u0259m\u0259si qurulmayacaqd\u0131, \u0259ksin\u0259, indi yen\u0259 d\u0259 canil\u0259r Xank\u0259ndid\u0259n, Xocal\u0131dan \u00fcst\u00fcm\u00fcz\u0259 h\u00fcr\u00fc\u015f\u0259c\u0259kdil\u0259r. Rusiyadak\u0131 \u00e7evr\u0259l\u0259rin t\u0259limat\u0131 il\u0259 hakimiyy\u0259t ba\u015f\u0131na g\u0259l\u0259n q\u00fcvv\u0259l\u0259r Qaraba\u011fda \u201cRusiya evi\u201d yarad\u0131lmas\u0131 il\u0259 paralel h\u0259yata ke\u00e7iril\u0259n prosesl\u0259r\u0259 m\u00fcqavim\u0259tmi g\u00f6st\u0259r\u0259siydil\u0259r?<\/p>\n<p><img loading=\"lazy\" src=\"https:\/\/cdn.musavat.com\/news\/images\/Ayten\/603c41e2813a6db92f75401897c38b7e.png\" alt=\"603c41e2813a6db92f75401897c38b7e.png (595 KB)\" width=\"700\" height=\"402\" \/><\/p>\n<p><strong>G\u00f6r\u00fcn Prezident \u0130lham \u018fliyev bu xalq\u0131 v\u0259 d\u00f6vl\u0259ti hans\u0131 b\u0259lalardan xilas edib&#8230;<\/strong>B\u0259zil\u0259ri sad\u0259l\u00f6vhc\u0259sin\u0259 sual edir ki, niy\u0259 Ramiz Mehdiyev v\u0259 \u0259traf\u0131 il\u0259 ba\u011fl\u0131 m\u0259s\u0259l\u0259l\u0259r indi g\u00fcnd\u0259m\u0259 g\u0259tirilib, h\u00fcquqi add\u0131mlar at\u0131l\u0131r? D\u00fcnyan\u0131n \u0259n n\u0259h\u0259g d\u00f6vl\u0259tl\u0259ri bel\u0259 eyni zamanda b\u00fct\u00fcn y\u00fckl\u0259ri \u00f6z \u00fcz\u0259rin\u0259 g\u00f6t\u00fcrm\u0259y\u0259 \u00e7\u0259tinlik \u00e7\u0259kir, m\u0259rh\u0259l\u0259li qaydada add\u0131mlar at\u0131r. Son ill\u0259r\u0259 diqq\u0259t ed\u0259k: Aprel d\u00f6y\u00fc\u015fl\u0259ri, Tovuz d\u00f6y\u00fc\u015fl\u0259ri, 44 g\u00fcnl\u00fck V\u0259t\u0259n m\u00fcharib\u0259si, 2021-ci ilin sentyabr d\u00f6y\u00fc\u015fl\u0259ri, F\u0259rrux y\u00fcks\u0259kliyi u\u011frunda \u0259m\u0259liyyat, 2023-c\u00fc ilin antiterror \u0259m\u0259liyyat\u0131&#8230;Bu \u0259m\u0259liyyatlar\u0131 ke\u00e7irm\u0259k, torpaqlar\u0131n azadl\u0131\u011f\u0131na nail olmaq \u00fc\u00e7\u00fcn d\u00f6vl\u0259timiz yaln\u0131z erm\u0259nil\u0259rl\u0259mi d\u00f6y\u00fc\u015f\u00fcrd\u00fc? Xeyr! La\u00e7\u0131n\u0131n giri\u015f-\u00e7\u0131x\u0131\u015f qap\u0131s\u0131 ba\u011fland\u0131qdan sonra Fransa v\u0259 dig\u0259r d\u00f6vl\u0259tl\u0259rin n\u0259 q\u0259d\u0259r t\u0259zyiql\u0259ri il\u0259 \u00fcz-\u00fcz\u0259 qald\u0131q, TIR-lar\u0131n\u0131 g\u0259tirib qap\u0131m\u0131za y\u0131\u011fm\u0131\u015fd\u0131lar ki, Xank\u0259ndiy\u0259 gedirik! \u0130lham \u018fliyevin q\u0259tiyy\u0259ti say\u0259sind\u0259 kor-pe\u015fman geri d\u00f6nd\u00fcl\u0259r. \u0130ran TIR-lar\u0131 Erm\u0259nistan n\u00f6mr\u0259l\u0259ri il\u0259 separat\u00e7\u0131lara yanacaq da\u015f\u0131y\u0131rd\u0131lar, Prezident \u018fliyev onlar\u0131 g\u0259ldikl\u0259rin\u0259 pe\u015fman el\u0259di, D\u00f6vl\u0259t T\u0259hl\u00fck\u0259sizliyi Xidm\u0259ti iranl\u0131 emissarlar\u0131n pasportlar\u0131na q\u0259d\u0259r if\u015fas\u0131na nail oldu.<\/p>\n<p>Rusiya s\u00fclhm\u0259raml\u0131lar\u0131n\u0131n m\u00fc\u015fayi\u0259ti il\u0259 (?!) Qaraba\u011f separat\u00e7\u0131lar\u0131n\u0131n Xank\u0259ndi v\u0259 dig\u0259r \u0259razil\u0259rimiz\u0259 silah-sursat da\u015f\u0131d\u0131qlar\u0131n\u0131 da unutmam\u0131\u015f\u0131q. Rusiyal\u0131 h\u0259rb\u00e7il\u0259rin n\u0259zar\u0259ti alt\u0131nda separat\u00e7\u0131lar\u0131n \u201ct\u0259mas x\u0259tti\u201dnd\u0259 minalar basd\u0131rmalar\u0131n\u0131 da. H\u0259min minalar bu g\u00fcn d\u0259 t\u0259hl\u00fck\u0259 sa\u00e7maqda, canlar almaqdad\u0131r&#8230;A\u015ePA, Avropa \u0130ttifaq\u0131, bu g\u00fcn tabutuna mismarlar vurulan Minsk Qrupu&#8230;daha kiml\u0259r \u00fcst\u00fcm\u00fcz\u0259 g\u0259lirdil\u0259r. Ham\u0131s\u0131n\u0131n cavab\u0131n\u0131 d\u00f6vl\u0259timizin ba\u015f\u00e7\u0131s\u0131 verirdi, n\u00f6qt\u0259li z\u0259rb\u0259l\u0259rl\u0259 susdururdu. H\u0259l\u0259 sadalamad\u0131\u011f\u0131m\u0131z o q\u0259d\u0259r hadis\u0259l\u0259r var ki&#8230;B\u00fct\u00fcn bu hadis\u0259l\u0259rin, g\u00f6r\u00fcl\u0259n i\u015fl\u0259rin fonunda \u201cbe\u015finci kolon\u201dun t\u0259m\u0259linin qaz\u0131lmas\u0131n\u0131n da h\u0259yata ke\u00e7irilm\u0259si sizc\u0259, asan m\u0259s\u0259l\u0259 idimi? D\u00fczd\u00fcr, bir s\u0131ra hallarda SOROS t\u00f6r-t\u00f6k\u00fcnt\u00fcl\u0259rin\u0259 qar\u015f\u0131 g\u0259r\u0259k\u0259n add\u0131mlar at\u0131ld\u0131, \u201c\u0259r\u0259b bahar\u0131\u201dndan, \u201cm\u0259xm\u0259ri inqilablar\u201ddan h\u0259v\u0259sl\u0259nib, Az\u0259rbaycan\u0131 da Suriyaya, Livana, Y\u0259m\u0259n\u0259, Misir\u0259 d\u00f6nd\u0259rm\u0259k ist\u0259y\u0259nl\u0259rin, qan\u0131 su yerin\u0259 ax\u0131tma\u011fa \u00e7al\u0131\u015fanlar\u0131n arzular\u0131 g\u00f6zl\u0259rind\u0259 qoyuldu. Amma bununla i\u015fl\u0259r bitm\u0259di. D\u00f6vl\u0259t sad\u0259c\u0259 vaxt\u0131n\u0131 g\u00f6zl\u0259yirdi. H\u0259m d\u0259 n\u0259yi, n\u0259 zaman etm\u0259k laz\u0131md\u0131r, ham\u0131dan yax\u015f\u0131 bil\u0259n Lider var!<\/p>\n<p><strong>\u018frazi b\u00fct\u00f6vl\u00fcy\u00fcm\u00fcz v\u0259 suverenliyimiz t\u0259min olunub, indi art\u0131q d\u00f6vl\u0259timizin t\u0259m\u0259lin\u0259 zaman-zaman la\u011f\u0131m atma\u011fa c\u0259hd ed\u0259nl\u0259rl\u0259 ba\u011fl\u0131 t\u0259dbirl\u0259r g\u00f6r\u00fclm\u0259liydi v\u0259 g\u00f6r\u00fcl\u00fcr d\u0259.<\/strong>\u00a0\u00c7ox t\u0259\u0259ss\u00fcf ki, bir \u0259sr sonra yenid\u0259n \u018fliheyd\u0259r Qarayevl\u0259r h\u0259r\u0259k\u0259t\u0259 ke\u00e7ibmi\u015fl\u0259r, \u00f6zl\u0259rini m\u0259l\u0259k donunda g\u00f6st\u0259rib, \u0259slind\u0259 \u015fimaldan g\u00fcn\u0259\u015fin do\u011faca\u011f\u0131 bar\u0259d\u0259 x\u0259yallar qurubmu\u015flar.<\/p>\n<p>H\u0259l\u0259lik istintaq gedir v\u0259 son s\u00f6z\u00fc d\u00f6vl\u0259t qurumlar\u0131, \u0259dal\u0259t m\u0259hk\u0259m\u0259si dey\u0259c\u0259k. Amma u\u011frunda \u015f\u0259hidl\u0259r vermi\u015f v\u0259t\u0259nda\u015f\u0131n he\u00e7 \u015f\u00fcbh\u0259siz ki, m\u00f6vqeyi budur: d\u00f6vl\u0259timiz\u0259 q\u0259sd niyy\u0259tind\u0259 olan he\u00e7 k\u0259s\u0259 b\u0259ra\u0259t olmamal\u0131d\u0131r, kimliyin\u0259 f\u0259rq qoyulmadan!<\/p>\n<p>Yaz\u0131n\u0131n sonlu\u011funda bir xat\u0131rlatman\u0131 da ed\u0259k. \u0130\u015f\u011fal ill\u0259rind\u0259 b\u0259lk\u0259 d\u0259 sad\u0259l\u00f6vhl\u00fckl\u0259 yazm\u0131\u015fd\u0131m ki, arzum budur Rusiyadak\u0131 milyarder soyda\u015flar\u0131m\u0131z Qaraba\u011f\u0131n i\u015f\u011faldan azad edilm\u0259si u\u011frunda t\u00f6hf\u0259l\u0259rini Az\u0259rbaycan d\u00f6vl\u0259tin\u0259 t\u0259klif etsinl\u0259r. Torpaqlar d\u00fc\u015fm\u0259nd\u0259n t\u0259mizl\u0259ndikd\u0259n sonra is\u0259 onlar\u0131 Qaraba\u011f\u0131n yenid\u0259n tikilm\u0259si, \u015f\u0259h\u0259rl\u0259rin sal\u0131nmas\u0131nda i\u015ftirak\u00e7\u0131 g\u00f6rm\u0259k ist\u0259yirdim, sad\u0259 bir v\u0259t\u0259nda\u015f olaraq. Amma n\u0259l\u0259r\u0259 \u015fahid olduq: \u201cMilyarderl\u0259r \u0130ttifaq\u0131\u201d yarad\u0131ld\u0131, amma Qaraba\u011f\u0131n azad olunmas\u0131 \u00fc\u00e7\u00fcn yox, hakimiyy\u0259t\u0259 g\u0259lm\u0259kd\u0259n \u00f6tr\u00fc.<\/p>\n<p><strong>Az\u0259rbaycan Xalq C\u00fcmhuriyy\u0259tinin elan olundu\u011fu m\u00fcq\u0259dd\u0259s g\u00fcnd\u0259 yarad\u0131lan Milli \u015euran\u0131n m\u0259ram-m\u0259qs\u0259di d\u0259 ortada.<\/strong>\u00a0\u018fg\u0259r haz\u0131rlanan plan realla\u015fsayd\u0131, bu g\u00fcn, 1 dekabrda La\u00e7\u0131n\u0131n azadl\u0131\u011f\u0131 g\u00fcn\u00fcn\u00fc d\u0259 qeyd ed\u0259 bilm\u0259y\u0259c\u0259kdik.<\/p>\n<p><img loading=\"lazy\" src=\"https:\/\/cdn.musavat.com\/news\/images\/Ayten\/46d857f6fe31dc5dbbfcd59c2a9491a8.jpg\" alt=\"46d857f6fe31dc5dbbfcd59c2a9491a8.jpg (458 KB)\" width=\"700\" height=\"425\" \/><\/p>\n<p><strong>Kim bilir, b\u0259lk\u0259 o halda Az\u0259rbaycan KTMT-y\u0259 \u00e7oxdan \u00fczv q\u0259bul olunmu\u015fdu.<\/strong>\u00a0\u018fli K\u0259rimli v\u0259 AXCP-nin dig\u0259r \u015f\u0259xsl\u0259ri m\u0259g\u0259r Rusiyan\u0131 he\u00e7mi tan\u0131m\u0131rd\u0131lar, 2 \u0259srd\u0259 ba\u015f\u0131m\u0131za g\u0259tirdikl\u0259rind\u0259n bix\u0259b\u0259r idil\u0259r, yoxsa 90-c\u0131 ill\u0259rd\u0259 Az\u0259rbaycanda n\u0259 oyunlardan \u00e7\u0131xd\u0131\u011f\u0131n\u0131 bilmirdil\u0259r?! Bu \u00f6lk\u0259y\u0259 ba\u011fl\u0131 oldu\u011fu \u015f\u00fcbh\u0259 do\u011furmayan q\u00fcvv\u0259l\u0259rl\u0259 nec\u0259 i\u015fbirliyin\u0259 getm\u0259k olard\u0131? Bu g\u00fcn hakimiyy\u0259tin add\u0131mlar\u0131n\u0131 t\u0259fti\u015f ed\u0259nl\u0259r m\u0259g\u0259r he\u00e7 d\u00fc\u015f\u00fcnm\u00fcrl\u0259r ki, Rusiya Ukraynada m\u00fcharib\u0259ni bitirdikd\u0259n sonra Qafqaz \u00fcz\u0259rin\u0259 yenid\u0259n \u015f\u0131\u011f\u0131maq \u00fc\u00e7\u00fcn f\u00fcrs\u0259tl\u0259r axtaracaq? Bir ne\u00e7\u0259 ay \u00f6nc\u0259 Qafqaz da\u011flar\u0131n\u0131 a\u015f\u0131b, Az\u0259rbaycana h\u00fccuma ke\u00e7m\u0259k ist\u0259y\u0259nl\u0259rin \u00e7a\u011f\u0131r\u0131\u015flar\u0131n\u0131 n\u0259 tez unutdunuz?! \u0130lham \u018fliyev Rusiyan\u0131n Q\u0259b\u0259l\u0259 RLS-d\u0259ki h\u0259rb\u00e7il\u0259rini, Qaraba\u011fdak\u0131 s\u00fclhm\u0259raml\u0131lar\u0131n\u0131 vaxt\u0131ndan \u0259vv\u0259l Az\u0259rbaycandan \u00e7\u0131xaran Prezidentdir!!! Siz ona qar\u015f\u0131 Rusiyadak\u0131 \u015f\u0259b\u0259k\u0259l\u0259rin haz\u0131rlad\u0131\u011f\u0131 planlam\u0131 g\u0259lm\u0259k ist\u0259yirdiniz?!<\/p>\n<p><img loading=\"lazy\" src=\"https:\/\/cdn.musavat.com\/news\/images\/Ayten\/sulhmeram.jpg\" alt=\"sulhmeram.jpg (49 KB)\" width=\"700\" height=\"400\" \/><\/p>\n<p>Vaxtil\u0259 hakimiyy\u0259t\u0259 g\u0259lm\u0259kd\u0259n \u00f6tr\u00fc beyn\u0259lxalq t\u0259\u015fkilatlar qar\u015f\u0131s\u0131nda m\u00fcharib\u0259 etm\u0259m\u0259k \u00f6hd\u0259liyi g\u00f6t\u00fcr\u0259nl\u0259r torpaqm\u0131 azad ed\u0259c\u0259kdil\u0259r?! Bu g\u00fcn d\u00f6vl\u0259t qurumlar\u0131n\u0131n h\u0259yata ke\u00e7irdiyi t\u0259dbirl\u0259r\u0259, d\u00f6vl\u0259tin xilas\u0131 v\u0259 t\u0259hl\u00fck\u0259sizliyi namin\u0259 at\u0131lan add\u0131mlar kimi yana\u015f\u0131lmal\u0131d\u0131r. \u0130stintaqa c\u0259lb olunanlar bel\u0259 d\u00f6vl\u0259t\u0259 minn\u0259tdar olmal\u0131d\u0131rlar ki, g\u00f6r\u00fcl\u0259n i\u015fl\u0259r Qalib Az\u0259rbaycan\u0131n daim var olmas\u0131, ayaqda qalmas\u0131, g\u00fccl\u0259nm\u0259si namin\u0259 apar\u0131l\u0131r.<\/p>\n<p><strong>D\u00f6vl\u0259timiz\u0259 g\u00fcv\u0259n\u0259k, Qalib Liderimizi qoruyaq! O, h\u0259r bir az\u0259rbaycanl\u0131n\u0131n Prezidenti olaca\u011f\u0131 bar\u0259d\u0259 i\u00e7diyi anda sadiqliyini d\u0259f\u0259l\u0259rl\u0259 s\u00fcbuta yetirib, bel\u0259 bir Lider\u0259 nec\u0259 d\u00f6n\u00fck \u00e7\u0131xmaq olar?!<\/strong><\/p>\n<h3><strong><em>D\u00f6vl\u0259t v\u0259 mill\u0259t olaraq \u00fcz\u00fcm\u00fcz\u00fc a\u011f ed\u0259n Liderin \u00fcz\u00fcn\u0259 nec\u0259 \u201ca\u011f\u201d olmaq olar(d\u0131)?!<\/em><\/strong><\/h3>\n<div class=\"news-author text-left\"><a href=\"https:\/\/musavat.com\/author\/elsad-pasasoy_10\"><img class=\"img-responsive img-author\" src=\"https:\/\/cdn.musavat.com\/authors\/thumbnails\/792564e974cc921b5fc823e40bdd3a15.jpeg\" \/>El\u015fad PA\u015eASOY<\/a><\/div>\n","protected":false},"excerpt":{"rendered":"<p>Onda h\u0259l\u0259 Qaraba\u011f i\u015f\u011falda idi. Bu, o zamanlar idi ki, hans\u0131 \u00f6lk\u0259y\u0259 s\u0259f\u0259r edirdiks\u0259 &#8211; bu s\u0259f\u0259rl\u0259r d\u0259 \u0259sas\u0259n Qaraba\u011fa \u0259dal\u0259t, Az\u0259rbaycan h\u0259qiq\u0259tl\u0259rinin yay\u0131lmas\u0131na h\u0259sr olunmu\u015f t\u0259dbirl\u0259rl\u0259 \u0259laq\u0259dar olurdu \u2013 Az\u0259rbaycandan oldu\u011fumuzu bil\u0259nl\u0259rin t\u0259n\u0259li, ironik bax\u0131\u015flar\u0131ndan yay\u0131na bilmirdik. D\u00fczd\u00fcr, etika namin\u0259, qonaq oldu\u011fumuz \u00fc\u00e7\u00fcn nisb\u0259t\u0259n ehtiyatl\u0131 davran\u0131rd\u0131lar, amma el\u0259 bax\u0131\u015flar\u0131 il\u0259 d\u0259 \u201cbir ovuc erm\u0259ninin\u201d (onlar\u0131n d\u00fc\u015f\u00fcnc\u0259sin\u0259 g\u00f6r\u0259) \u0259lind\u0259n torpaqlar\u0131n\u0131 ala bilm\u0259y\u0259n \u00f6lk\u0259nin v\u0259t\u0259nda\u015f\u0131 olaraq yana\u015f\u0131rd\u0131lar biz\u0259. \u018fn t\u0259sirlisi bilirsiniz n\u0259 olmu\u015fdu? \u015eeyx S\u0259fi m\u0259qb\u0259r\u0259sini ziyar\u0259t edib geri qay\u0131dark\u0259n \u018frd\u0259bild\u0259n olan a\u011fsaqqalardan birinin \u201cniy\u0259 gedib torpa\u011f\u0131n\u0131z\u0131 azad etmirsiniz\u201d, dey\u0259r\u0259k t\u0259n\u0259li&hellip;<\/p>\n","protected":false},"author":2,"featured_media":835521,"comment_status":"closed","ping_status":"closed","sticky":false,"template":"","format":"standard","meta":{"om_disable_all_campaigns":false,"_monsterinsights_skip_tracking":false,"_monsterinsights_sitenote_active":false,"_monsterinsights_sitenote_note":"","_monsterinsights_sitenote_category":0},"categories":[19],"tags":[],"aioseo_notices":[],"gutentor_comment":0,"rttpg_featured_image_url":{"full":["https:\/\/arantv.az\/wp-content\/uploads\/2025\/12\/91e66afe4add778aae486c07ab353597.jpg",870,500,false],"landscape":["https:\/\/arantv.az\/wp-content\/uploads\/2025\/12\/91e66afe4add778aae486c07ab353597.jpg",870,500,false],"portraits":["https:\/\/arantv.az\/wp-content\/uploads\/2025\/12\/91e66afe4add778aae486c07ab353597.jpg",870,500,false],"thumbnail":["https:\/\/arantv.az\/wp-content\/uploads\/2025\/12\/91e66afe4add778aae486c07ab353597-500x280.jpg",500,280,true],"medium":["https:\/\/arantv.az\/wp-content\/uploads\/2025\/12\/91e66afe4add778aae486c07ab353597-635x365.jpg",635,365,true],"large":["https:\/\/arantv.az\/wp-content\/uploads\/2025\/12\/91e66afe4add778aae486c07ab353597-840x483.jpg",640,368,true],"1536x1536":["https:\/\/arantv.az\/wp-content\/uploads\/2025\/12\/91e66afe4add778aae486c07ab353597.jpg",870,500,false],"2048x2048":["https:\/\/arantv.az\/wp-content\/uploads\/2025\/12\/91e66afe4add778aae486c07ab353597.jpg",870,500,false],"post-thumbnail":["https:\/\/arantv.az\/wp-content\/uploads\/2025\/12\/91e66afe4add778aae486c07ab353597-240x172.jpg",240,172,true],"advps-thumb-one":["https:\/\/arantv.az\/wp-content\/uploads\/2025\/12\/91e66afe4add778aae486c07ab353597.jpg",870,500,false]},"rttpg_author":{"display_name":"V\u00fcsal Rafiqo\u011flu","author_link":"https:\/\/arantv.az\/?author=2"},"rttpg_comment":0,"rttpg_category":"<a href=\"https:\/\/arantv.az\/?cat=19\" rel=\"category\">G\u00fcnd\u0259m<\/a>","rttpg_excerpt":"Onda h\u0259l\u0259 Qaraba\u011f i\u015f\u011falda idi. Bu, o zamanlar idi ki, hans\u0131 \u00f6lk\u0259y\u0259 s\u0259f\u0259r edirdiks\u0259 &#8211; bu s\u0259f\u0259rl\u0259r d\u0259 \u0259sas\u0259n Qaraba\u011fa \u0259dal\u0259t, Az\u0259rbaycan h\u0259qiq\u0259tl\u0259rinin yay\u0131lmas\u0131na h\u0259sr olunmu\u015f t\u0259dbirl\u0259rl\u0259 \u0259laq\u0259dar olurdu \u2013 Az\u0259rbaycandan oldu\u011fumuzu bil\u0259nl\u0259rin t\u0259n\u0259li, ironik bax\u0131\u015flar\u0131ndan yay\u0131na bilmirdik. D\u00fczd\u00fcr, etika namin\u0259, qonaq oldu\u011fumuz \u00fc\u00e7\u00fcn nisb\u0259t\u0259n ehtiyatl\u0131 davran\u0131rd\u0131lar, amma el\u0259 bax\u0131\u015flar\u0131 il\u0259 d\u0259 \u201cbir ovuc erm\u0259ninin\u201d&hellip;","_links":{"self":[{"href":"https:\/\/arantv.az\/index.php?rest_route=\/wp\/v2\/posts\/835520"}],"collection":[{"href":"https:\/\/arantv.az\/index.php?rest_route=\/wp\/v2\/posts"}],"about":[{"href":"https:\/\/arantv.az\/index.php?rest_route=\/wp\/v2\/types\/post"}],"author":[{"embeddable":true,"href":"https:\/\/arantv.az\/index.php?rest_route=\/wp\/v2\/users\/2"}],"replies":[{"embeddable":true,"href":"https:\/\/arantv.az\/index.php?rest_route=%2Fwp%2Fv2%2Fcomments&post=835520"}],"version-history":[{"count":2,"href":"https:\/\/arantv.az\/index.php?rest_route=\/wp\/v2\/posts\/835520\/revisions"}],"predecessor-version":[{"id":835523,"href":"https:\/\/arantv.az\/index.php?rest_route=\/wp\/v2\/posts\/835520\/revisions\/835523"}],"wp:featuredmedia":[{"embeddable":true,"href":"https:\/\/arantv.az\/index.php?rest_route=\/wp\/v2\/media\/835521"}],"wp:attachment":[{"href":"https:\/\/arantv.az\/index.php?rest_route=%2Fwp%2Fv2%2Fmedia&parent=835520"}],"wp:term":[{"taxonomy":"category","embeddable":true,"href":"https:\/\/arantv.az\/index.php?rest_route=%2Fwp%2Fv2%2Fcategories&post=835520"},{"taxonomy":"post_tag","embeddable":true,"href":"https:\/\/arantv.az\/index.php?rest_route=%2Fwp%2Fv2%2Ftags&post=835520"}],"curies":[{"name":"wp","href":"https:\/\/api.w.org\/{rel}","templated":true}]}}