{"id":835524,"date":"2025-12-01T20:40:56","date_gmt":"2025-12-01T16:40:56","guid":{"rendered":"https:\/\/arantv.az\/?p=835524"},"modified":"2025-12-01T20:40:56","modified_gmt":"2025-12-01T16:40:56","slug":"az%c9%99rbaycanin-s%c9%99hiyy%c9%99-nazirliyind%c9%99-turkiy%c9%99nin-s%c9%99firi-il%c9%99-gorus-kecirilibfoto","status":"publish","type":"post","link":"https:\/\/arantv.az\/?p=835524","title":{"rendered":"Az\u0259rbaycan\u0131n S\u0259hiyy\u0259 Nazirliyind\u0259 T\u00fcrkiy\u0259nin s\u0259firi il\u0259 g\u00f6r\u00fc\u015f ke\u00e7irilibFOTO"},"content":{"rendered":"<div class=\"text-content\" data-id=\"\" data-url=\"\">\n<div class=\"blog_text\">\n<p>Az\u0259rbaycan\u0131n S\u0259hiyy\u0259 Nazirliyind\u0259 T\u00fcrkiy\u0259nin \u00f6lk\u0259mizd\u0259ki f\u00f6vq\u0259lad\u0259 v\u0259 s\u0259lahiyy\u0259tli s\u0259firi Birol Akg\u00fcn il\u0259 g\u00f6r\u00fc\u015f ke\u00e7irilib.<\/p>\n<p>Qonaqlar\u0131 salamlayan s\u0259hiyy\u0259 naziri Teymur Musayev \u00f6lk\u0259l\u0259rimiz aras\u0131nda m\u00f6vcud olan y\u00fcks\u0259k s\u0259viyy\u0259li \u0259laq\u0259l\u0259rin, dostluq v\u0259 qarda\u015fl\u0131q m\u00fcnasib\u0259tl\u0259rin d\u0259rin tarixi k\u00f6kl\u0259r\u0259 \u0259sasland\u0131\u011f\u0131n\u0131 diqq\u0259t\u0259 \u00e7atd\u0131r\u0131b: \u201cAz\u0259rbaycan il\u0259 T\u00fcrkiy\u0259 aras\u0131nda etimada, qar\u015f\u0131l\u0131ql\u0131 h\u00f6rm\u0259t\u0259, dostluq v\u0259 qarda\u015fl\u0131\u011fa \u0259saslanan t\u0259r\u0259fda\u015fl\u0131q \u00f6z\u00fcn\u00fcn \u0259n y\u00fcks\u0259k m\u0259rh\u0259l\u0259sind\u0259dir\u201d.<br \/>\nM\u00fcasir Az\u0259rbaycan\u0131n m\u00fcst\u0259qilliyinin ilk ill\u0259rind\u0259n etibar\u0259n s\u0259hiyy\u0259 qurumlar\u0131m\u0131z aras\u0131nda r\u0259smi m\u00fcnasib\u0259tl\u0259rin qurulmas\u0131n\u0131 qeyd ed\u0259n Teymur Musayev b\u00fct\u00fcn sah\u0259l\u0259rd\u0259 oldu\u011fu kimi, s\u0259hiyy\u0259 v\u0259 tibb elmi sah\u0259sind\u0259 d\u0259 qarda\u015f \u00f6lk\u0259 il\u0259 \u0259m\u0259kda\u015fl\u0131\u011f\u0131n n\u00fcmun\u0259vi oldu\u011funu diqq\u0259t\u0259 \u00e7atd\u0131r\u0131b: \u201cAnkarada ke\u00e7iril\u0259n XI T\u00fcrk Tibb D\u00fcnyas\u0131 Qurultay\u0131nda Az\u0259rbaycan\u0131n n\u00fcmay\u0259nd\u0259 hey\u0259ti geni\u015f t\u0259rkibd\u0259 i\u015ftirak edib. Bel\u0259 beyn\u0259lxalq platformalar t\u0259kc\u0259 t\u0259cr\u00fcb\u0259 m\u00fcbadil\u0259si \u00fc\u00e7\u00fcn deyil, h\u0259m d\u0259 g\u0259l\u0259c\u0259kd\u0259 ortaq prioritetl\u0259rimizi m\u00fc\u0259yy\u0259n etm\u0259k bax\u0131m\u0131ndan \u0259v\u0259zsizdir\u201d.<\/p>\n<p>Teymur Musayev s\u0259hiyy\u0259 sisteminin r\u0259q\u0259msalla\u015fd\u0131r\u0131lmas\u0131n\u0131 Az\u0259rbaycan S\u0259hiyy\u0259 Nazirliyinin qar\u015f\u0131s\u0131na qoyulan prioritet m\u0259s\u0259l\u0259l\u0259rd\u0259n biri oldu\u011funu vur\u011fulay\u0131b: \u201cS\u00fcni intellekt v\u0259 r\u0259q\u0259msalla\u015fman\u0131 m\u0259nims\u0259y\u0259n h\u0259kiml\u0259rin yeti\u015fdirilm\u0259si S\u0259hiyy\u0259 Nazirliyinin qar\u015f\u0131s\u0131nda duran \u0259sas h\u0259d\u0259fl\u0259rind\u0259n biridir\u201d.<\/p>\n<p>\u00c7\u0131x\u0131\u015f\u0131n\u0131n sonunda nazir g\u0259l\u0259c\u0259kd\u0259 elmi-tibbi v\u0259 dig\u0259r sah\u0259l\u0259rd\u0259 \u0259m\u0259kda\u015fl\u0131\u011f\u0131n daha da u\u011furla inki\u015faf etdiril\u0259c\u0259yin\u0259 \u00fcmidvar oldu\u011funu deyib.<\/p>\n<\/div>\n<div class=\"two_image\">\n<figure><img src=\"https:\/\/sehiyye.gov.az\/site\/assets\/files\/13196\/umumi.jpg\" width=\"700\" data-uw-rm-alt-original=\"\" data-uw-rm-alt=\"BE\" \/><\/figure>\n<figure><img src=\"https:\/\/sehiyye.gov.az\/site\/assets\/files\/13196\/1.jpg\" width=\"700\" data-uw-rm-alt-original=\"\" data-uw-rm-alt=\"BE\" \/><\/figure>\n<\/div>\n<div class=\"blog_text\">\n<p>S\u0259mimi qar\u015f\u0131lanmaya g\u00f6r\u0259 minn\u0259tdarl\u0131\u011f\u0131n\u0131 bildir\u0259n Birol Akg\u00fcn vur\u011fulay\u0131b ki, m\u00f6hk\u0259m t\u0259m\u0259ll\u0259r \u00fcz\u0259rind\u0259 dayanan Az\u0259rbaycan-T\u00fcrkiy\u0259 qarda\u015fl\u0131q m\u00fcnasib\u0259tl\u0259ri bizim birlik v\u0259 h\u0259mr\u0259yliyimizin bariz g\u00f6st\u0259ricisidir. S\u0259fir, xalqlar\u0131m\u0131z aras\u0131nda m\u00fcnasib\u0259tl\u0259rin inki\u015faf\u0131nda d\u00f6vl\u0259t ba\u015f\u00e7\u0131lar\u0131n\u0131n m\u00fcst\u0259sna rolunu diqq\u0259t\u0259 \u00e7atd\u0131r\u0131b.<\/p>\n<p>XI T\u00fcrk Tibb D\u00fcnyas\u0131 Qurultay\u0131n\u0131n mahiyy\u0259tini qeyd ed\u0259n Birol Akg\u00fcn bildirib ki, bel\u0259 t\u0259dbirl\u0259rin ke\u00e7irilm\u0259si \u00f6lk\u0259l\u0259rimizin s\u0259hiyy\u0259 sisteml\u0259rinin yax\u0131nla\u015fmas\u0131, el\u0259c\u0259 d\u0259 qlobal tibbin inki\u015faf\u0131na t\u00f6hf\u0259 bax\u0131m\u0131ndan olduqca \u0259h\u0259miyy\u0259tlidir.<\/p>\n<p>Qar\u015f\u0131l\u0131ql\u0131 anla\u015fma \u015f\u0259raitind\u0259 ke\u00e7\u0259n g\u00f6r\u00fc\u015fd\u0259 s\u0259hiyy\u0259 sah\u0259sind\u0259 \u0259m\u0259kda\u015fl\u0131q \u0259traf\u0131nda s\u0259m\u0259r\u0259li fikir m\u00fcbadil\u0259si apar\u0131l\u0131b.<\/p>\n<\/div>\n<\/div>\n<div><\/div>\n<div><\/div>\n<div class=\"inner-social-box\">\n<div class=\"subs-in-social subs-whatsapp\"><\/div>\n<\/div>\n","protected":false},"excerpt":{"rendered":"<p>Az\u0259rbaycan\u0131n S\u0259hiyy\u0259 Nazirliyind\u0259 T\u00fcrkiy\u0259nin \u00f6lk\u0259mizd\u0259ki f\u00f6vq\u0259lad\u0259 v\u0259 s\u0259lahiyy\u0259tli s\u0259firi Birol Akg\u00fcn il\u0259 g\u00f6r\u00fc\u015f ke\u00e7irilib. Qonaqlar\u0131 salamlayan s\u0259hiyy\u0259 naziri Teymur Musayev \u00f6lk\u0259l\u0259rimiz aras\u0131nda m\u00f6vcud olan y\u00fcks\u0259k s\u0259viyy\u0259li \u0259laq\u0259l\u0259rin, dostluq v\u0259 qarda\u015fl\u0131q m\u00fcnasib\u0259tl\u0259rin d\u0259rin tarixi k\u00f6kl\u0259r\u0259 \u0259sasland\u0131\u011f\u0131n\u0131 diqq\u0259t\u0259 \u00e7atd\u0131r\u0131b: \u201cAz\u0259rbaycan il\u0259 T\u00fcrkiy\u0259 aras\u0131nda etimada, qar\u015f\u0131l\u0131ql\u0131 h\u00f6rm\u0259t\u0259, dostluq v\u0259 qarda\u015fl\u0131\u011fa \u0259saslanan t\u0259r\u0259fda\u015fl\u0131q \u00f6z\u00fcn\u00fcn \u0259n y\u00fcks\u0259k m\u0259rh\u0259l\u0259sind\u0259dir\u201d. M\u00fcasir Az\u0259rbaycan\u0131n m\u00fcst\u0259qilliyinin ilk ill\u0259rind\u0259n etibar\u0259n s\u0259hiyy\u0259 qurumlar\u0131m\u0131z aras\u0131nda r\u0259smi m\u00fcnasib\u0259tl\u0259rin qurulmas\u0131n\u0131 qeyd ed\u0259n Teymur Musayev b\u00fct\u00fcn sah\u0259l\u0259rd\u0259 oldu\u011fu kimi, s\u0259hiyy\u0259 v\u0259 tibb elmi sah\u0259sind\u0259 d\u0259 qarda\u015f \u00f6lk\u0259 il\u0259 \u0259m\u0259kda\u015fl\u0131\u011f\u0131n n\u00fcmun\u0259vi oldu\u011funu diqq\u0259t\u0259 \u00e7atd\u0131r\u0131b: \u201cAnkarada ke\u00e7iril\u0259n XI&hellip;<\/p>\n","protected":false},"author":2,"featured_media":835525,"comment_status":"closed","ping_status":"closed","sticky":false,"template":"","format":"standard","meta":{"om_disable_all_campaigns":false,"_monsterinsights_skip_tracking":false,"_monsterinsights_sitenote_active":false,"_monsterinsights_sitenote_note":"","_monsterinsights_sitenote_category":0},"categories":[1],"tags":[],"aioseo_notices":[],"gutentor_comment":0,"rttpg_featured_image_url":{"full":["https:\/\/arantv.az\/wp-content\/uploads\/2025\/12\/838f9ec877533fad04af9f80e600dac2.png",870,500,false],"landscape":["https:\/\/arantv.az\/wp-content\/uploads\/2025\/12\/838f9ec877533fad04af9f80e600dac2.png",870,500,false],"portraits":["https:\/\/arantv.az\/wp-content\/uploads\/2025\/12\/838f9ec877533fad04af9f80e600dac2.png",870,500,false],"thumbnail":["https:\/\/arantv.az\/wp-content\/uploads\/2025\/12\/838f9ec877533fad04af9f80e600dac2-500x280.png",500,280,true],"medium":["https:\/\/arantv.az\/wp-content\/uploads\/2025\/12\/838f9ec877533fad04af9f80e600dac2-635x365.png",635,365,true],"large":["https:\/\/arantv.az\/wp-content\/uploads\/2025\/12\/838f9ec877533fad04af9f80e600dac2-840x483.png",640,368,true],"1536x1536":["https:\/\/arantv.az\/wp-content\/uploads\/2025\/12\/838f9ec877533fad04af9f80e600dac2.png",870,500,false],"2048x2048":["https:\/\/arantv.az\/wp-content\/uploads\/2025\/12\/838f9ec877533fad04af9f80e600dac2.png",870,500,false],"post-thumbnail":["https:\/\/arantv.az\/wp-content\/uploads\/2025\/12\/838f9ec877533fad04af9f80e600dac2-240x172.png",240,172,true],"advps-thumb-one":["https:\/\/arantv.az\/wp-content\/uploads\/2025\/12\/838f9ec877533fad04af9f80e600dac2.png",870,500,false]},"rttpg_author":{"display_name":"V\u00fcsal Rafiqo\u011flu","author_link":"https:\/\/arantv.az\/?author=2"},"rttpg_comment":0,"rttpg_category":"<a href=\"https:\/\/arantv.az\/?cat=1\" rel=\"category\">C\u0259miyy\u0259t<\/a>","rttpg_excerpt":"Az\u0259rbaycan\u0131n S\u0259hiyy\u0259 Nazirliyind\u0259 T\u00fcrkiy\u0259nin \u00f6lk\u0259mizd\u0259ki f\u00f6vq\u0259lad\u0259 v\u0259 s\u0259lahiyy\u0259tli s\u0259firi Birol Akg\u00fcn il\u0259 g\u00f6r\u00fc\u015f ke\u00e7irilib. Qonaqlar\u0131 salamlayan s\u0259hiyy\u0259 naziri Teymur Musayev \u00f6lk\u0259l\u0259rimiz aras\u0131nda m\u00f6vcud olan y\u00fcks\u0259k s\u0259viyy\u0259li \u0259laq\u0259l\u0259rin, dostluq v\u0259 qarda\u015fl\u0131q m\u00fcnasib\u0259tl\u0259rin d\u0259rin tarixi k\u00f6kl\u0259r\u0259 \u0259sasland\u0131\u011f\u0131n\u0131 diqq\u0259t\u0259 \u00e7atd\u0131r\u0131b: \u201cAz\u0259rbaycan il\u0259 T\u00fcrkiy\u0259 aras\u0131nda etimada, qar\u015f\u0131l\u0131ql\u0131 h\u00f6rm\u0259t\u0259, dostluq v\u0259 qarda\u015fl\u0131\u011fa \u0259saslanan t\u0259r\u0259fda\u015fl\u0131q \u00f6z\u00fcn\u00fcn \u0259n y\u00fcks\u0259k m\u0259rh\u0259l\u0259sind\u0259dir\u201d. M\u00fcasir Az\u0259rbaycan\u0131n&hellip;","_links":{"self":[{"href":"https:\/\/arantv.az\/index.php?rest_route=\/wp\/v2\/posts\/835524"}],"collection":[{"href":"https:\/\/arantv.az\/index.php?rest_route=\/wp\/v2\/posts"}],"about":[{"href":"https:\/\/arantv.az\/index.php?rest_route=\/wp\/v2\/types\/post"}],"author":[{"embeddable":true,"href":"https:\/\/arantv.az\/index.php?rest_route=\/wp\/v2\/users\/2"}],"replies":[{"embeddable":true,"href":"https:\/\/arantv.az\/index.php?rest_route=%2Fwp%2Fv2%2Fcomments&post=835524"}],"version-history":[{"count":1,"href":"https:\/\/arantv.az\/index.php?rest_route=\/wp\/v2\/posts\/835524\/revisions"}],"predecessor-version":[{"id":835526,"href":"https:\/\/arantv.az\/index.php?rest_route=\/wp\/v2\/posts\/835524\/revisions\/835526"}],"wp:featuredmedia":[{"embeddable":true,"href":"https:\/\/arantv.az\/index.php?rest_route=\/wp\/v2\/media\/835525"}],"wp:attachment":[{"href":"https:\/\/arantv.az\/index.php?rest_route=%2Fwp%2Fv2%2Fmedia&parent=835524"}],"wp:term":[{"taxonomy":"category","embeddable":true,"href":"https:\/\/arantv.az\/index.php?rest_route=%2Fwp%2Fv2%2Fcategories&post=835524"},{"taxonomy":"post_tag","embeddable":true,"href":"https:\/\/arantv.az\/index.php?rest_route=%2Fwp%2Fv2%2Ftags&post=835524"}],"curies":[{"name":"wp","href":"https:\/\/api.w.org\/{rel}","templated":true}]}}