{"id":835531,"date":"2025-12-01T20:44:17","date_gmt":"2025-12-01T16:44:17","guid":{"rendered":"https:\/\/arantv.az\/?p=835531"},"modified":"2025-12-01T20:44:17","modified_gmt":"2025-12-01T16:44:17","slug":"pensiya-alanlara-sad-x%c9%99b%c9%99r-bundan-sonra","status":"publish","type":"post","link":"https:\/\/arantv.az\/?p=835531","title":{"rendered":"Pensiya alanlara \u015eAD X\u018fB\u018fR \u2013 Bundan sonra\u2026"},"content":{"rendered":"<p><strong>\u201c\u018fm\u0259k pensiyalar\u0131n\u0131n t\u0259yin edilm\u0259si, hesablanmas\u0131, yenid\u0259n hesablanmas\u0131, bir n\u00f6vd\u0259n ba\u015fqa n\u00f6v\u0259 ke\u00e7irilm\u0259si v\u0259 \u00f6d\u0259nilm\u0259si Qaydas\u0131\u201dnda d\u0259yi\u015fiklik edilib.<\/strong><\/p>\n<p>Bununla ba\u011fl\u0131 Ba\u015f nazir\u00a0<strong>\u018fli \u018fs\u0259dov<\/strong>\u00a0q\u0259rar imzalay\u0131b.<\/p>\n<p>Q\u0259rara \u0259sas\u0259n, \u0259m\u0259k pensiyas\u0131n\u0131n yenid\u0259n hesablanmas\u0131 i\u015fl\u0259y\u0259n \u0259m\u0259k pensiya\u00e7\u0131s\u0131n\u0131n f\u0259rdi \u015f\u0259xsi hesab\u0131n\u0131n s\u0131\u011forta hiss\u0259sind\u0259 m\u00fcraci\u0259t tarixin\u0259 toplanm\u0131\u015f pensiya kapital\u0131na \u0259sas\u0259n h\u0259min tarixd\u0259n, i\u015fl\u0259m\u0259y\u0259n \u0259m\u0259k pensiya\u00e7\u0131s\u0131na m\u00fcnasib\u0259td\u0259 is\u0259 \u015f\u0259xsin i\u015fl\u0259m\u0259y\u0259n \u0259m\u0259k pensiya\u00e7\u0131s\u0131 kateqoriyas\u0131na ke\u00e7diyi g\u00fcnd\u0259n, lakin m\u00fcraci\u0259t edil\u0259n tarixd\u0259n \u0259vv\u0259lki \u0259n \u00e7oxu \u00fc\u00e7 il \u00fc\u00e7\u00fcn \u00f6d\u0259nilm\u0259kl\u0259 h\u0259yata ke\u00e7iril\u0259c\u0259k.<\/p>\n<blockquote><p>\u201c\u018fm\u0259k pensiyalar\u0131n\u0131n t\u0259yin edilm\u0259si, hesablanmas\u0131, yenid\u0259n hesablanmas\u0131, bir n\u00f6vd\u0259n ba\u015fqa n\u00f6v\u0259 ke\u00e7irilm\u0259si v\u0259 \u00f6d\u0259nilm\u0259si Qaydas\u0131\u201dna edil\u0259n son d\u0259yi\u015fiklikl\u0259r konkret olaraq n\u0259yi d\u0259yi\u015fir?<\/p>\n<p>Bu d\u0259yi\u015fiklikl\u0259r pensiya\u00e7\u0131lar\u0131n ayl\u0131q \u00f6d\u0259ni\u015fl\u0259rin\u0259, pensiya ya\u015f\u0131na, hesablama mexanizml\u0259rin\u0259 v\u0259 ke\u00e7id prosedurlar\u0131na nec\u0259 t\u0259sir g\u00f6st\u0259r\u0259c\u0259k?<\/p><\/blockquote>\n<figure id=\"attachment_236295\" class=\"wp-caption alignnone\"><img loading=\"lazy\" class=\"size-full wp-image-236295\" src=\"https:\/\/nocomment.az\/public\/cloud\/2025\/11\/nocomment_a3e0a67b9775607bb66cf9e0fd4283f9_m8enlbf2i9hr6asj34tu.jpg\" sizes=\"(max-width: 800px) 100vw, 800px\" srcset=\"https:\/\/nocomment.az\/public\/cloud\/2025\/11\/nocomment_a3e0a67b9775607bb66cf9e0fd4283f9_m8enlbf2i9hr6asj34tu.jpg 800w, https:\/\/nocomment.az\/public\/cloud\/2025\/11\/nocomment_a3e0a67b9775607bb66cf9e0fd4283f9_m8enlbf2i9hr6asj34tu-300x158.jpg 300w, https:\/\/nocomment.az\/public\/cloud\/2025\/11\/nocomment_a3e0a67b9775607bb66cf9e0fd4283f9_m8enlbf2i9hr6asj34tu-768x403.jpg 768w, https:\/\/nocomment.az\/public\/cloud\/2025\/11\/nocomment_a3e0a67b9775607bb66cf9e0fd4283f9_m8enlbf2i9hr6asj34tu-640x336.jpg 640w\" alt=\"\" width=\"800\" height=\"420\" \/><figcaption id=\"caption-attachment-236295\" class=\"wp-caption-text\"><strong>Akif N\u0259sirli<\/strong><\/figcaption><\/figure>\n<p>M\u0259s\u0259l\u0259 il\u0259 ba\u011fl\u0131\u00a0<a href=\"https:\/\/nocomment.az\/\">NOCOMMENT.az<\/a>-a dan\u0131\u015fan\u00a0Liberal \u0130qtisad\u00e7\u0131lar M\u0259rk\u0259zinin s\u0259dri, iqtisad\u00e7\u0131 ekspert\u00a0<strong>Akif N\u0259sirli<\/strong>\u00a0bildirib ki, son d\u0259yi\u015fiklikl\u0259r pensiyalar\u0131n t\u0259yin edilm\u0259si, hesablanmas\u0131, yenid\u0259n hesablanmas\u0131 v\u0259 bir n\u00f6vd\u0259n ba\u015fqa n\u00f6v\u0259 ke\u00e7irilm\u0259si prosesini daha \u00e7evik v\u0259 r\u0259q\u0259msal edib:<\/p>\n<p>\u201c\u0130ndi pensiya t\u0259yinat\u0131, yenid\u0259n hesablanma v\u0259 n\u00f6v d\u0259yi\u015fm\u0259si q\u0259rarlar\u0131 Elektron H\u00f6kum\u0259t \u0130nformasiya Sistemi vasit\u0259sil\u0259 q\u0259bul edilir v\u0259 onlayn t\u0259qdimat r\u0259smi q\u0259rar kimi say\u0131l\u0131r. Bu, pensiya\u00e7\u0131lar\u0131n m\u00fcraci\u0259t prosesini sad\u0259l\u0259\u015fdirir v\u0259 ka\u011f\u0131z i\u015fini azald\u0131r.\u201d<\/p>\n<blockquote><p><strong>Akif N\u0259sirli qeyd edib ki, yenid\u0259n hesablanma v\u0259 n\u00f6v d\u0259yi\u015fm\u0259 mexanizmi staj v\u0259 h\u00fcquq d\u0259yi\u015fiklikl\u0259ri zaman\u0131 pensiyan\u0131n art\u0131r\u0131lmas\u0131na imkan verir:<\/strong><\/p><\/blockquote>\n<p>\u201cX\u00fcsusi kateqoriyal\u0131 \u015f\u0259xsl\u0259r, m\u0259s\u0259l\u0259n, h\u0259rbi qulluq\u00e7ular v\u0259 g\u00fcz\u0259\u015ftli \u015f\u0259rtl\u0259rl\u0259 pensiya alanlar \u00fc\u00e7\u00fcn hesablamada yeni yana\u015fmalar t\u0259tbiq olunur. Bu, b\u0259zi pensiya\u00e7\u0131lar\u0131n ayl\u0131q \u00f6d\u0259ni\u015fl\u0259rinin artmas\u0131na s\u0259b\u0259b ola bil\u0259r\u201d.<\/p>\n<blockquote><p>Ekspertin s\u00f6zl\u0259rin\u0259 g\u00f6r\u0259, pensiya ya\u015f\u0131 d\u0259yi\u015fmir v\u0259 \u0259sas hesablanma prinsipl\u0259ri \u2014 s\u0131\u011forta staj\u0131 v\u0259 pensiya kapital\u0131 qal\u0131r:<\/p><\/blockquote>\n<p>\u201cD\u0259yi\u015fiklikl\u0259r \u0259sas\u0259n prosedurlar\u0131n r\u0259q\u0259msalla\u015fd\u0131r\u0131lmas\u0131, yenid\u0259n hesablanma imkanlar\u0131n\u0131n art\u0131r\u0131lmas\u0131 v\u0259 x\u00fcsusi kateqoriyal\u0131 \u015f\u0259xsl\u0259r \u00fc\u00e7\u00fcn hesablaman\u0131n daha \u0259dal\u0259tli olmas\u0131 il\u0259 ba\u011fl\u0131d\u0131r. N\u0259tic\u0259d\u0259 pensiya sistemi daha \u015f\u0259ffaf v\u0259 \u0259l\u00e7atan olur\u201d.<\/p>\n","protected":false},"excerpt":{"rendered":"<p>\u201c\u018fm\u0259k pensiyalar\u0131n\u0131n t\u0259yin edilm\u0259si, hesablanmas\u0131, yenid\u0259n hesablanmas\u0131, bir n\u00f6vd\u0259n ba\u015fqa n\u00f6v\u0259 ke\u00e7irilm\u0259si v\u0259 \u00f6d\u0259nilm\u0259si Qaydas\u0131\u201dnda d\u0259yi\u015fiklik edilib. Bununla ba\u011fl\u0131 Ba\u015f nazir\u00a0\u018fli \u018fs\u0259dov\u00a0q\u0259rar imzalay\u0131b. Q\u0259rara \u0259sas\u0259n, \u0259m\u0259k pensiyas\u0131n\u0131n yenid\u0259n hesablanmas\u0131 i\u015fl\u0259y\u0259n \u0259m\u0259k pensiya\u00e7\u0131s\u0131n\u0131n f\u0259rdi \u015f\u0259xsi hesab\u0131n\u0131n s\u0131\u011forta hiss\u0259sind\u0259 m\u00fcraci\u0259t tarixin\u0259 toplanm\u0131\u015f pensiya kapital\u0131na \u0259sas\u0259n h\u0259min tarixd\u0259n, i\u015fl\u0259m\u0259y\u0259n \u0259m\u0259k pensiya\u00e7\u0131s\u0131na m\u00fcnasib\u0259td\u0259 is\u0259 \u015f\u0259xsin i\u015fl\u0259m\u0259y\u0259n \u0259m\u0259k pensiya\u00e7\u0131s\u0131 kateqoriyas\u0131na ke\u00e7diyi g\u00fcnd\u0259n, lakin m\u00fcraci\u0259t edil\u0259n tarixd\u0259n \u0259vv\u0259lki \u0259n \u00e7oxu \u00fc\u00e7 il \u00fc\u00e7\u00fcn \u00f6d\u0259nilm\u0259kl\u0259 h\u0259yata ke\u00e7iril\u0259c\u0259k. \u201c\u018fm\u0259k pensiyalar\u0131n\u0131n t\u0259yin edilm\u0259si, hesablanmas\u0131, yenid\u0259n hesablanmas\u0131, bir n\u00f6vd\u0259n ba\u015fqa n\u00f6v\u0259 ke\u00e7irilm\u0259si v\u0259 \u00f6d\u0259nilm\u0259si Qaydas\u0131\u201dna edil\u0259n son d\u0259yi\u015fiklikl\u0259r konkret olaraq&hellip;<\/p>\n","protected":false},"author":2,"featured_media":835532,"comment_status":"closed","ping_status":"closed","sticky":false,"template":"","format":"standard","meta":{"om_disable_all_campaigns":false,"_monsterinsights_skip_tracking":false,"_monsterinsights_sitenote_active":false,"_monsterinsights_sitenote_note":"","_monsterinsights_sitenote_category":0},"categories":[1],"tags":[],"aioseo_notices":[],"gutentor_comment":0,"rttpg_featured_image_url":{"full":["https:\/\/arantv.az\/wp-content\/uploads\/2025\/12\/03ec235a4ebf6eb7dc9677a4337019e4.jpg",640,336,false],"landscape":["https:\/\/arantv.az\/wp-content\/uploads\/2025\/12\/03ec235a4ebf6eb7dc9677a4337019e4.jpg",640,336,false],"portraits":["https:\/\/arantv.az\/wp-content\/uploads\/2025\/12\/03ec235a4ebf6eb7dc9677a4337019e4.jpg",640,336,false],"thumbnail":["https:\/\/arantv.az\/wp-content\/uploads\/2025\/12\/03ec235a4ebf6eb7dc9677a4337019e4-500x280.jpg",500,280,true],"medium":["https:\/\/arantv.az\/wp-content\/uploads\/2025\/12\/03ec235a4ebf6eb7dc9677a4337019e4.jpg",640,336,false],"large":["https:\/\/arantv.az\/wp-content\/uploads\/2025\/12\/03ec235a4ebf6eb7dc9677a4337019e4.jpg",640,336,false],"1536x1536":["https:\/\/arantv.az\/wp-content\/uploads\/2025\/12\/03ec235a4ebf6eb7dc9677a4337019e4.jpg",640,336,false],"2048x2048":["https:\/\/arantv.az\/wp-content\/uploads\/2025\/12\/03ec235a4ebf6eb7dc9677a4337019e4.jpg",640,336,false],"post-thumbnail":["https:\/\/arantv.az\/wp-content\/uploads\/2025\/12\/03ec235a4ebf6eb7dc9677a4337019e4-240x172.jpg",240,172,true],"advps-thumb-one":["https:\/\/arantv.az\/wp-content\/uploads\/2025\/12\/03ec235a4ebf6eb7dc9677a4337019e4.jpg",640,336,false]},"rttpg_author":{"display_name":"V\u00fcsal Rafiqo\u011flu","author_link":"https:\/\/arantv.az\/?author=2"},"rttpg_comment":0,"rttpg_category":"<a href=\"https:\/\/arantv.az\/?cat=1\" rel=\"category\">C\u0259miyy\u0259t<\/a>","rttpg_excerpt":"\u201c\u018fm\u0259k pensiyalar\u0131n\u0131n t\u0259yin edilm\u0259si, hesablanmas\u0131, yenid\u0259n hesablanmas\u0131, bir n\u00f6vd\u0259n ba\u015fqa n\u00f6v\u0259 ke\u00e7irilm\u0259si v\u0259 \u00f6d\u0259nilm\u0259si Qaydas\u0131\u201dnda d\u0259yi\u015fiklik edilib. Bununla ba\u011fl\u0131 Ba\u015f nazir\u00a0\u018fli \u018fs\u0259dov\u00a0q\u0259rar imzalay\u0131b. Q\u0259rara \u0259sas\u0259n, \u0259m\u0259k pensiyas\u0131n\u0131n yenid\u0259n hesablanmas\u0131 i\u015fl\u0259y\u0259n \u0259m\u0259k pensiya\u00e7\u0131s\u0131n\u0131n f\u0259rdi \u015f\u0259xsi hesab\u0131n\u0131n s\u0131\u011forta hiss\u0259sind\u0259 m\u00fcraci\u0259t tarixin\u0259 toplanm\u0131\u015f pensiya kapital\u0131na \u0259sas\u0259n h\u0259min tarixd\u0259n, i\u015fl\u0259m\u0259y\u0259n \u0259m\u0259k pensiya\u00e7\u0131s\u0131na m\u00fcnasib\u0259td\u0259 is\u0259 \u015f\u0259xsin i\u015fl\u0259m\u0259y\u0259n \u0259m\u0259k pensiya\u00e7\u0131s\u0131 kateqoriyas\u0131na&hellip;","_links":{"self":[{"href":"https:\/\/arantv.az\/index.php?rest_route=\/wp\/v2\/posts\/835531"}],"collection":[{"href":"https:\/\/arantv.az\/index.php?rest_route=\/wp\/v2\/posts"}],"about":[{"href":"https:\/\/arantv.az\/index.php?rest_route=\/wp\/v2\/types\/post"}],"author":[{"embeddable":true,"href":"https:\/\/arantv.az\/index.php?rest_route=\/wp\/v2\/users\/2"}],"replies":[{"embeddable":true,"href":"https:\/\/arantv.az\/index.php?rest_route=%2Fwp%2Fv2%2Fcomments&post=835531"}],"version-history":[{"count":2,"href":"https:\/\/arantv.az\/index.php?rest_route=\/wp\/v2\/posts\/835531\/revisions"}],"predecessor-version":[{"id":835534,"href":"https:\/\/arantv.az\/index.php?rest_route=\/wp\/v2\/posts\/835531\/revisions\/835534"}],"wp:featuredmedia":[{"embeddable":true,"href":"https:\/\/arantv.az\/index.php?rest_route=\/wp\/v2\/media\/835532"}],"wp:attachment":[{"href":"https:\/\/arantv.az\/index.php?rest_route=%2Fwp%2Fv2%2Fmedia&parent=835531"}],"wp:term":[{"taxonomy":"category","embeddable":true,"href":"https:\/\/arantv.az\/index.php?rest_route=%2Fwp%2Fv2%2Fcategories&post=835531"},{"taxonomy":"post_tag","embeddable":true,"href":"https:\/\/arantv.az\/index.php?rest_route=%2Fwp%2Fv2%2Ftags&post=835531"}],"curies":[{"name":"wp","href":"https:\/\/api.w.org\/{rel}","templated":true}]}}