{"id":835546,"date":"2025-12-01T20:50:01","date_gmt":"2025-12-01T16:50:01","guid":{"rendered":"https:\/\/arantv.az\/?p=835546"},"modified":"2025-12-01T20:50:01","modified_gmt":"2025-12-01T16:50:01","slug":"bu-s%c9%99xsl%c9%99r%c9%99-sad-x%c9%99b%c9%99r-erk%c9%99n-pensiyaya-cixa-bil%c9%99c%c9%99kl%c9%99r","status":"publish","type":"post","link":"https:\/\/arantv.az\/?p=835546","title":{"rendered":"Bu \u015f\u0259xsl\u0259r\u0259 \u015eAD X\u018fB\u018fR: Erk\u0259n pensiyaya \u00e7\u0131xa bil\u0259c\u0259kl\u0259r"},"content":{"rendered":"<p><strong>\u018fm\u0259k v\u0259 \u018fhalinin Sosial M\u00fcdafi\u0259si Nazirliyi Nazirl\u0259r Kabinetinin &#8220;\u018fm\u0259k pensiyalar\u0131n\u0131n t\u0259yin edilm\u0259si, hesablanmas\u0131, yenid\u0259n hesablanmas\u0131, bir n\u00f6vd\u0259n ba\u015fqa n\u00f6v\u0259 ke\u00e7irilm\u0259si v\u0259 \u00f6d\u0259nilm\u0259si Qaydas\u0131&#8221;nda edil\u0259n yeni d\u0259yi\u015fiklikl\u0259 ba\u011fl\u0131 izah verib.<\/strong><\/p>\n<p><strong>Musavat.com<\/strong>\u00a0x\u0259b\u0259r verir ki, bu bar\u0259d\u0259 nazirlik m\u0259lumat yay\u0131b.<\/p>\n<p>Bel\u0259 ki, yeralt\u0131 i\u015fl\u0259rd\u0259, inc\u0259s\u0259n\u0259tin x\u00fcsusi sah\u0259l\u0259rind\u0259, \u0259m\u0259k \u015f\u0259raiti x\u00fcsusil\u0259 z\u0259r\u0259rli v\u0259 a\u011f\u0131r olan i\u015fl\u0259rd\u0259 i\u015fl\u0259y\u0259n \u015f\u0259xsl\u0259r\u0259 erk\u0259n d\u00f6vrd\u0259, g\u00fcz\u0259\u015ftli \u015f\u0259rtl\u0259rl\u0259 pensiya t\u0259yinat\u0131 dig\u0259r s\u0259n\u0259dl\u0259rl\u0259 yana\u015f\u0131, onun \u00e7al\u0131\u015fm\u0131\u015f oldu\u011fu m\u00fc\u0259ssis\u0259 \u00fczr\u0259 i\u015f\u0259g\u00f6t\u00fcr\u0259n t\u0259r\u0259find\u0259n t\u0259qdim edil\u0259n aray\u0131\u015fa \u0259sas\u0259n h\u0259yata ke\u00e7irilir.<\/p>\n<p>Yeni d\u0259yi\u015fikliy\u0259 \u0259sas\u0259n, \u0259g\u0259r m\u00fc\u0259ssis\u0259nin art\u0131q f\u0259aliyy\u0259t g\u00f6st\u0259rm\u0259m\u0259si s\u0259b\u0259bind\u0259n h\u0259min aray\u0131\u015f\u0131n t\u0259qdim edilm\u0259si m\u00fcmk\u00fcn olmad\u0131qda, \u015f\u0259xsin i\u015fl\u0259mi\u015f oldu\u011fu pe\u015f\u0259nin Nazirl\u0259r Kabinetinin t\u0259sdiq etdiyi &#8220;G\u00fcz\u0259\u015ftli \u015f\u0259rtl\u0259rl\u0259 ya\u015fa g\u00f6r\u0259 \u0259m\u0259k pensiyas\u0131 h\u00fcququ ver\u0259n istehsalatlar\u0131n, pe\u015f\u0259l\u0259rin, v\u0259zif\u0259l\u0259rin v\u0259 g\u00f6st\u0259ricil\u0259rin Siyah\u0131s\u0131&#8221;na uy\u011fun olmas\u0131 \u0259sas\u0131nda onun m\u00fcvafiq i\u015f d\u00f6vr\u00fc g\u00fcz\u0259\u015ftli i\u015f staj\u0131na daxil edil\u0259c\u0259k v\u0259 erk\u0259n pensiya h\u00fcququ qazanacaq.<\/p>\n<p><strong>Onun g\u00fcz\u0259\u015ftli sah\u0259d\u0259 i\u015f staj\u0131n\u0131n hesablanmas\u0131 is\u0259 &#8220;\u018fm\u0259k v\u0259 M\u0259\u015f\u011fulluq&#8221; altsistemind\u0259n \u0259m\u0259k m\u00fcqavil\u0259l\u0259rin\u0259 dair \u00e7\u0131xar\u0131\u015fda olan qeyd\u0259 \u0259sas\u0259n, dig\u0259r hallarda \u0259m\u0259k kitab\u00e7as\u0131nda olan qeyd\u0259 v\u0259 ya D\u00f6vl\u0259t arxivinin aray\u0131\u015f\u0131na \u0259sas\u0259n apar\u0131lacaq.<\/strong><\/p>\n<p>H\u0259m\u00e7inin yeni Q\u0259rarla qulluq \u0259lav\u0259si alan v\u0259 i\u015fl\u0259m\u0259y\u0259 davam ed\u0259n \u015f\u0259xsin \u0259m\u0259k pensiyas\u0131 hesablanark\u0259n \u0259m\u0259khaqq\u0131 v\u0259 ya pensiya kapital\u0131 \u0259sas\u0131nda hesablanan pensiya m\u0259bl\u0259\u011fl\u0259rind\u0259n hans\u0131 y\u00fcks\u0259k olarsa, v\u0259t\u0259nda\u015fa h\u0259min m\u0259bl\u0259\u011f t\u0259yin olunacaq. &#8220;\u018fm\u0259k pensiyalar\u0131n\u0131n t\u0259yin edilm\u0259si, hesablanmas\u0131, yenid\u0259n hesablanmas\u0131, bir n\u00f6vd\u0259n ba\u015fqa n\u00f6v\u0259 ke\u00e7irilm\u0259si v\u0259 \u00f6d\u0259nilm\u0259si Qaydas\u0131&#8221;nda t\u0259kmill\u0259\u015fdirm\u0259 v\u0259 uy\u011funla\u015fd\u0131rma m\u0259qs\u0259dil\u0259 dig\u0259r d\u0259yi\u015fiklik\u0259r d\u0259 edilib.<\/p>\n","protected":false},"excerpt":{"rendered":"<p>\u018fm\u0259k v\u0259 \u018fhalinin Sosial M\u00fcdafi\u0259si Nazirliyi Nazirl\u0259r Kabinetinin &#8220;\u018fm\u0259k pensiyalar\u0131n\u0131n t\u0259yin edilm\u0259si, hesablanmas\u0131, yenid\u0259n hesablanmas\u0131, bir n\u00f6vd\u0259n ba\u015fqa n\u00f6v\u0259 ke\u00e7irilm\u0259si v\u0259 \u00f6d\u0259nilm\u0259si Qaydas\u0131&#8221;nda edil\u0259n yeni d\u0259yi\u015fiklikl\u0259 ba\u011fl\u0131 izah verib. Musavat.com\u00a0x\u0259b\u0259r verir ki, bu bar\u0259d\u0259 nazirlik m\u0259lumat yay\u0131b. Bel\u0259 ki, yeralt\u0131 i\u015fl\u0259rd\u0259, inc\u0259s\u0259n\u0259tin x\u00fcsusi sah\u0259l\u0259rind\u0259, \u0259m\u0259k \u015f\u0259raiti x\u00fcsusil\u0259 z\u0259r\u0259rli v\u0259 a\u011f\u0131r olan i\u015fl\u0259rd\u0259 i\u015fl\u0259y\u0259n \u015f\u0259xsl\u0259r\u0259 erk\u0259n d\u00f6vrd\u0259, g\u00fcz\u0259\u015ftli \u015f\u0259rtl\u0259rl\u0259 pensiya t\u0259yinat\u0131 dig\u0259r s\u0259n\u0259dl\u0259rl\u0259 yana\u015f\u0131, onun \u00e7al\u0131\u015fm\u0131\u015f oldu\u011fu m\u00fc\u0259ssis\u0259 \u00fczr\u0259 i\u015f\u0259g\u00f6t\u00fcr\u0259n t\u0259r\u0259find\u0259n t\u0259qdim edil\u0259n aray\u0131\u015fa \u0259sas\u0259n h\u0259yata ke\u00e7irilir. Yeni d\u0259yi\u015fikliy\u0259 \u0259sas\u0259n, \u0259g\u0259r m\u00fc\u0259ssis\u0259nin art\u0131q f\u0259aliyy\u0259t g\u00f6st\u0259rm\u0259m\u0259si s\u0259b\u0259bind\u0259n h\u0259min aray\u0131\u015f\u0131n t\u0259qdim edilm\u0259si m\u00fcmk\u00fcn&hellip;<\/p>\n","protected":false},"author":2,"featured_media":835547,"comment_status":"closed","ping_status":"closed","sticky":false,"template":"","format":"standard","meta":{"om_disable_all_campaigns":false,"_monsterinsights_skip_tracking":false,"_monsterinsights_sitenote_active":false,"_monsterinsights_sitenote_note":"","_monsterinsights_sitenote_category":0},"categories":[19],"tags":[],"aioseo_notices":[],"gutentor_comment":0,"rttpg_featured_image_url":{"full":["https:\/\/arantv.az\/wp-content\/uploads\/2025\/12\/b09c9cdb577235a45cd7f946a23c2e69.jpg",768,403,false],"landscape":["https:\/\/arantv.az\/wp-content\/uploads\/2025\/12\/b09c9cdb577235a45cd7f946a23c2e69.jpg",768,403,false],"portraits":["https:\/\/arantv.az\/wp-content\/uploads\/2025\/12\/b09c9cdb577235a45cd7f946a23c2e69.jpg",768,403,false],"thumbnail":["https:\/\/arantv.az\/wp-content\/uploads\/2025\/12\/b09c9cdb577235a45cd7f946a23c2e69-500x280.jpg",500,280,true],"medium":["https:\/\/arantv.az\/wp-content\/uploads\/2025\/12\/b09c9cdb577235a45cd7f946a23c2e69-660x346.jpg",660,346,true],"large":["https:\/\/arantv.az\/wp-content\/uploads\/2025\/12\/b09c9cdb577235a45cd7f946a23c2e69.jpg",640,336,false],"1536x1536":["https:\/\/arantv.az\/wp-content\/uploads\/2025\/12\/b09c9cdb577235a45cd7f946a23c2e69.jpg",768,403,false],"2048x2048":["https:\/\/arantv.az\/wp-content\/uploads\/2025\/12\/b09c9cdb577235a45cd7f946a23c2e69.jpg",768,403,false],"post-thumbnail":["https:\/\/arantv.az\/wp-content\/uploads\/2025\/12\/b09c9cdb577235a45cd7f946a23c2e69-240x172.jpg",240,172,true],"advps-thumb-one":["https:\/\/arantv.az\/wp-content\/uploads\/2025\/12\/b09c9cdb577235a45cd7f946a23c2e69.jpg",768,403,false]},"rttpg_author":{"display_name":"V\u00fcsal Rafiqo\u011flu","author_link":"https:\/\/arantv.az\/?author=2"},"rttpg_comment":0,"rttpg_category":"<a href=\"https:\/\/arantv.az\/?cat=19\" rel=\"category\">G\u00fcnd\u0259m<\/a>","rttpg_excerpt":"\u018fm\u0259k v\u0259 \u018fhalinin Sosial M\u00fcdafi\u0259si Nazirliyi Nazirl\u0259r Kabinetinin &#8220;\u018fm\u0259k pensiyalar\u0131n\u0131n t\u0259yin edilm\u0259si, hesablanmas\u0131, yenid\u0259n hesablanmas\u0131, bir n\u00f6vd\u0259n ba\u015fqa n\u00f6v\u0259 ke\u00e7irilm\u0259si v\u0259 \u00f6d\u0259nilm\u0259si Qaydas\u0131&#8221;nda edil\u0259n yeni d\u0259yi\u015fiklikl\u0259 ba\u011fl\u0131 izah verib. Musavat.com\u00a0x\u0259b\u0259r verir ki, bu bar\u0259d\u0259 nazirlik m\u0259lumat yay\u0131b. Bel\u0259 ki, yeralt\u0131 i\u015fl\u0259rd\u0259, inc\u0259s\u0259n\u0259tin x\u00fcsusi sah\u0259l\u0259rind\u0259, \u0259m\u0259k \u015f\u0259raiti x\u00fcsusil\u0259 z\u0259r\u0259rli v\u0259 a\u011f\u0131r olan i\u015fl\u0259rd\u0259 i\u015fl\u0259y\u0259n \u015f\u0259xsl\u0259r\u0259 erk\u0259n&hellip;","_links":{"self":[{"href":"https:\/\/arantv.az\/index.php?rest_route=\/wp\/v2\/posts\/835546"}],"collection":[{"href":"https:\/\/arantv.az\/index.php?rest_route=\/wp\/v2\/posts"}],"about":[{"href":"https:\/\/arantv.az\/index.php?rest_route=\/wp\/v2\/types\/post"}],"author":[{"embeddable":true,"href":"https:\/\/arantv.az\/index.php?rest_route=\/wp\/v2\/users\/2"}],"replies":[{"embeddable":true,"href":"https:\/\/arantv.az\/index.php?rest_route=%2Fwp%2Fv2%2Fcomments&post=835546"}],"version-history":[{"count":1,"href":"https:\/\/arantv.az\/index.php?rest_route=\/wp\/v2\/posts\/835546\/revisions"}],"predecessor-version":[{"id":835548,"href":"https:\/\/arantv.az\/index.php?rest_route=\/wp\/v2\/posts\/835546\/revisions\/835548"}],"wp:featuredmedia":[{"embeddable":true,"href":"https:\/\/arantv.az\/index.php?rest_route=\/wp\/v2\/media\/835547"}],"wp:attachment":[{"href":"https:\/\/arantv.az\/index.php?rest_route=%2Fwp%2Fv2%2Fmedia&parent=835546"}],"wp:term":[{"taxonomy":"category","embeddable":true,"href":"https:\/\/arantv.az\/index.php?rest_route=%2Fwp%2Fv2%2Fcategories&post=835546"},{"taxonomy":"post_tag","embeddable":true,"href":"https:\/\/arantv.az\/index.php?rest_route=%2Fwp%2Fv2%2Ftags&post=835546"}],"curies":[{"name":"wp","href":"https:\/\/api.w.org\/{rel}","templated":true}]}}