{"id":835760,"date":"2025-12-04T09:55:25","date_gmt":"2025-12-04T05:55:25","guid":{"rendered":"https:\/\/arantv.az\/?p=835760"},"modified":"2025-12-04T09:55:25","modified_gmt":"2025-12-04T05:55:25","slug":"trampin-elcil%c9%99ri-moskvadan-n%c9%99-il%c9%99-qayidir","status":"publish","type":"post","link":"https:\/\/arantv.az\/?p=835760","title":{"rendered":"Tramp\u0131n el\u00e7il\u0259ri Moskvadan n\u0259 il\u0259 qay\u0131d\u0131r&#8230;"},"content":{"rendered":"<div class=\"text-content\" data-id=\"\" data-url=\"\">\n<h3><strong>Putin-Uitkoff dan\u0131\u015f\u0131qlar\u0131nda niy\u0259 he\u00e7 bir kompromis \u0259ld\u0259 edilm\u0259di? &#8211; r\u0259y<\/strong><\/h3>\n<p>\u201cPutinin Uitkoffla s\u00f6hb\u0259ti konstruktiv, \u00e7ox faydal\u0131 v\u0259 m\u0259zmunlu olub\u201d. \u201cYeni M\u00fcsavat\u201d x\u0259b\u0259r verir ki, bunu Kremld\u0259 ke\u00e7iril\u0259n dan\u0131\u015f\u0131qlar\u0131n yekunu il\u0259 ba\u011fl\u0131 a\u00e7\u0131qlamas\u0131 zaman\u0131 Rusiya prezidentinin beyn\u0259lxalq m\u0259s\u0259l\u0259l\u0259r \u00fczr\u0259 k\u00f6m\u0259k\u00e7isi Yuri U\u015fakov bildirib. O, h\u0259l\u0259 g\u00f6r\u00fcl\u0259c\u0259k \u00e7ox i\u015fin oldu\u011funu vur\u011fulayaraq s\u00f6zl\u0259rin\u0259 bel\u0259 davam edib: \u201cH\u0259l\u0259lik he\u00e7 bir kompromis \u0259ld\u0259 edilm\u0259yib. Rusiya v\u0259 AB\u015e liderl\u0259ri aras\u0131nda g\u00f6r\u00fc\u015f haz\u0131rda planla\u015fd\u0131r\u0131lm\u0131r. Biz konkret ifad\u0259l\u0259r v\u0259 h\u0259ll yollar\u0131 deyil, mahiyy\u0259ti m\u00fczakir\u0259 etdik. T\u0259r\u0259fl\u0259r \u0259m\u0259kda\u015fl\u0131q \u00fc\u00e7\u00fcn b\u00f6y\u00fck perspektivl\u0259r g\u00f6r\u00fcrl\u0259r\u201d.<\/p>\n<p><strong>U\u015fakov AB\u015e-nin Ukrayna il\u0259 ba\u011fl\u0131 s\u00fclh t\u0259klifi haqq\u0131nda da dan\u0131\u015f\u0131b. Bildirib ki, Rusiya bu t\u0259klifd\u0259 n\u0259 il\u0259s\u0259 raz\u0131la\u015fma\u011fa haz\u0131rd\u0131r. \u201cT\u0259klifd\u0259 n\u0259l\u0259rs\u0259 t\u0259nqid\u0259 s\u0259b\u0259b olub. Lakin faydal\u0131 m\u00fczakir\u0259 ba\u015f tutdu\u201d, &#8211; o deyib.<\/strong><\/p>\n<p>U\u015fakov qeyd edib ki, Vladimir Putin Trampa Uitkoff vasit\u0259sil\u0259 salamlar\u0131n\u0131, el\u0259c\u0259 d\u0259 bir s\u0131ra siyasi siqnallar\u0131 \u00e7atd\u0131r\u0131b. O \u0259lav\u0259 edib ki, Ukrayna b\u00f6hran\u0131n\u0131n h\u0259lli il\u0259 ba\u011fl\u0131 AB\u015e t\u0259r\u0259find\u0259n i\u015fl\u0259nmi\u015f b\u0259zi materiallar m\u00fczakir\u0259 edil\u0259 bil\u0259r. U\u015fakovun s\u00f6zl\u0259rin\u0259 g\u00f6r\u0259, Rusiya prezidenti il\u0259 Uitkoff aras\u0131ndak\u0131 g\u00f6r\u00fc\u015fd\u0259 konkret ifad\u0259l\u0259r deyil, AB\u015e s\u0259n\u0259dl\u0259rind\u0259 qeyd olunanlar\u0131n mahiyy\u0259ti m\u00fczakir\u0259 olunub. Kremld\u0259ki dan\u0131\u015f\u0131qlar\u0131n yekunu il\u0259 ba\u011fl\u0131 brifinqd\u0259 dan\u0131\u015fan U\u015fakov Rusiya v\u0259 AB\u015e-nin Putin v\u0259 Uitkoffun Kremld\u0259 apard\u0131\u011f\u0131 dan\u0131\u015f\u0131qlar\u0131n mahiyy\u0259tini a\u00e7\u0131qlamamaq bar\u0259d\u0259 raz\u0131l\u0131\u011fa g\u0259ldikl\u0259rini s\u00f6yl\u0259yib. Kreml r\u0259smisi t\u0259r\u0259fl\u0259rin s\u00fclhd\u0259n uzaq olmad\u0131\u011f\u0131n\u0131 qeyd edib.<\/p>\n<p>\u201cMoskva Tramp\u0131n Ukrayna b\u00f6hran\u0131n\u0131n h\u0259lli il\u0259 ba\u011fl\u0131 ilkin 28 b\u0259ndlik plan\u0131ndan ba\u015fqa \u0259lav\u0259 olaraq daha d\u00f6rd s\u0259n\u0259d al\u0131b\u201d, &#8211; U\u015fakov bunu bildirib. O, bu \u0259lav\u0259 d\u00f6rd s\u0259n\u0259din mahiyy\u0259tini a\u00e7\u0131qlaya bilm\u0259diyini, lakin s\u0259n\u0259dl\u0259rin ham\u0131s\u0131n\u0131n Ukraynadak\u0131 b\u00f6hran\u0131n uzunm\u00fcdd\u0259tli h\u0259llin\u0259 v\u0259 s\u00fclh\u0259 aid oldu\u011funu s\u00f6yl\u0259yib.<\/p>\n<p><strong>Putinl\u0259 Tramp aras\u0131nda g\u00f6r\u00fc\u015f ehtimal\u0131 da m\u0259hz bu s\u0259viyy\u0259d\u0259ki ir\u0259lil\u0259yi\u015fd\u0259n as\u0131l\u0131d\u0131r. \u201cRaz\u0131l\u0131\u011fa g\u0259ldik ki, amerikal\u0131larla, x\u00fcsus\u0259n d\u0259 Kremld\u0259 olan \u015f\u0259xsl\u0259rl\u0259 n\u00fcmay\u0259nd\u0259l\u0259r, k\u00f6m\u0259k\u00e7il\u0259r v\u0259 dig\u0259r n\u00fcmay\u0259nd\u0259l\u0259r s\u0259viyy\u0259sind\u0259 \u0259laq\u0259l\u0259ri davam etdir\u0259c\u0259yik. Prezidentl\u0259r s\u0259viyy\u0259sind\u0259 m\u00fcmk\u00fcn g\u00f6r\u00fc\u015f\u0259 g\u0259ldikd\u0259 is\u0259, bu, k\u00f6m\u0259k\u00e7il\u0259rimiz, n\u00fcmay\u0259nd\u0259l\u0259rimiz v\u0259 sair vasit\u0259sil\u0259 israrla v\u0259 inadla davam etdir\u0259c\u0259yimiz yolda hans\u0131 ir\u0259lil\u0259yi\u015fl\u0259r\u0259 nail ola bil\u0259c\u0259yimizd\u0259n as\u0131l\u0131 olacaq\u201d, &#8211; Kreml r\u0259smisi \u0259lav\u0259 edib.<\/strong><\/p>\n<p>Putinin k\u00f6m\u0259k\u00e7isi bundan ba\u015fqa dan\u0131\u015f\u0131qlarda konkret \u0259razi m\u0259s\u0259l\u0259sinin m\u00fczakir\u0259 olunub-olunmad\u0131\u011f\u0131 il\u0259 ba\u011fl\u0131 sual\u0131 bel\u0259 cavabland\u0131r\u0131b: \u201cBu m\u0259s\u0259l\u0259 m\u00fczakir\u0259 olunanlar aras\u0131nda bizim \u00fc\u00e7\u00fcn daha vacib olan\u0131d\u0131r. Amerikal\u0131lar \u00fc\u00e7\u00fcn d\u0259 h\u0259m\u00e7inin. H\u0259l\u0259lik kompromis variant\u0131 tap\u0131lmay\u0131b. Lakin AB\u015e-nin t\u0259klif etdiyi bir s\u0131ra variantlar az-\u00e7ox m\u0259qbul g\u00f6r\u00fcn\u00fcr. Lakin onlar\u0131 m\u00fczakir\u0259 etm\u0259k laz\u0131md\u0131r. T\u0259klif olunan bir s\u0131ra variantlar biz\u0259 uy\u011fun g\u0259lmir. Bunlar\u0131n \u00fcz\u0259rind\u0259 i\u015f davam etdiril\u0259c\u0259k\u201d.<\/p>\n<p>Rusiya prezidentinin x\u00fcsusi n\u00fcmay\u0259nd\u0259si Kirill Dmitriyev is\u0259 Kremld\u0259 AB\u015e n\u00fcmay\u0259nd\u0259l\u0259ri il\u0259 ba\u015f tutan g\u00f6r\u00fc\u015f\u00fc m\u0259hsuldar adland\u0131r\u0131b.<\/p>\n<p><strong>\u201cUkrayna m\u00fcnaqi\u015f\u0259sinin h\u0259lli il\u0259 ba\u011fl\u0131 dan\u0131\u015f\u0131qlarda \u0259sas m\u00fcbahis\u0259li m\u0259qam Kiyevin n\u0259zar\u0259ti alt\u0131nda qalan Donetsk \u0259razisinin 20%-i il\u0259 ba\u011fl\u0131d\u0131r\u201d. Bunu is\u0259 AB\u015e d\u00f6vl\u0259t katibi Marko Rubio \u201cFox News\u201da a\u00e7\u0131qlamas\u0131 zaman\u0131 bildirib.<\/strong><\/p>\n<p>\u201cOnlar\u0131n haz\u0131rda s\u00f6z\u00fcn \u0259sl m\u0259nas\u0131nda m\u00fcbahis\u0259 etdiyi \u015fey t\u0259xmin\u0259n 30-50 kilometrlik \u0259razi v\u0259 Ukraynan\u0131n n\u0259zar\u0259ti alt\u0131nda qalan Donetsk b\u00f6lg\u0259sinin 20%-i il\u0259 ba\u011fl\u0131d\u0131r. Biz ukraynal\u0131lar\u0131n n\u0259 il\u0259 ya\u015faya bil\u0259c\u0259yini, g\u0259l\u0259c\u0259k \u00fc\u00e7\u00fcn onlar\u0131n t\u0259hl\u00fck\u0259sizliyini n\u0259yin t\u0259min ed\u0259c\u0259yini anlama\u011fa \u00e7al\u0131\u015f\u0131r\u0131q v\u0259 d\u00fc\u015f\u00fcn\u00fcr\u0259m ki, m\u00fc\u0259yy\u0259n ir\u0259lil\u0259yi\u015f \u0259ld\u0259 etmi\u015fik\u201d, &#8211; Rubio deyib.<\/p>\n<p>D\u00f6vl\u0259t katibi onu da bildirib ki, AB\u015e Ukraynadak\u0131 m\u00fcnaqi\u015f\u0259ni h\u0259ll etm\u0259k \u00fc\u00e7\u00fcn \u00e7al\u0131\u015f\u0131r, lakin ona son qoymaq q\u0259rar\u0131 Moskva v\u0259 Kiyevd\u0259n as\u0131l\u0131d\u0131r.<\/p>\n<p><strong>Politoloq R\u00fcst\u0259m Ta\u011f\u0131zad\u0259nin bildirdiyin\u0259 g\u00f6r\u0259, haz\u0131rda AB\u015e Kiyev\u0259 t\u0259zyiq edir, Avropa is\u0259 onu m\u00fcdafi\u0259. Onun fikrinc\u0259, Ukrayna \u00fc\u00e7\u00fcn v\u0259ziyy\u0259t \u00fcr\u0259ka\u00e7an deyil v\u0259 son korrupsiya qalmaqallar\u0131 fonunda Va\u015finqton Zelenskiy\u0259 t\u0259zyiql\u0259ri art\u0131r\u0131r ki, daha tez at\u0259\u015fk\u0259s\u0259 nail olunsun: \u201cRusiya Donbasdan Ukrayna m\u00fcdafi\u0259 q\u00fcvv\u0259l\u0259rinin geri \u00e7\u0259kilm\u0259sini t\u0259l\u0259b edir. \u018fg\u0259r bu raz\u0131la\u015fma olmasa, rus qo\u015funlar\u0131 h\u0259rbi \u0259m\u0259liyyatlarla bu h\u0259d\u0259fin\u0259 \u00e7atmaq ist\u0259yind\u0259dir. Ona g\u00f6r\u0259 d\u0259 28 madd\u0259lik plan Ukraynan\u0131n t\u0259hl\u00fck\u0259sizliyin\u0259 t\u0259hdid kimi g\u00f6r\u00fcn\u00fcr. \u00dcmumiyy\u0259tl\u0259, Uitkoffun ba\u015f\u00e7\u0131l\u0131\u011f\u0131 il\u0259 dan\u0131\u015f\u0131qlar apar\u0131lmas\u0131 o dem\u0259kdir ki, Birl\u0259\u015fmi\u015f \u015etatlar Rusiyan\u0131n maraqlar\u0131na uy\u011fun h\u0259r\u0259k\u0259t etm\u0259kd\u0259dir\u201d.<\/strong><\/p>\n<p><strong><img src=\"https:\/\/www.aznews.az\/storage\/2025\/04\/08\/aqsin_kerimov.jpg\" alt=\"Aq\u015fin K\u0259rimov: &quot;Oman dan\u0131\u015f\u0131qlar\u0131 n\u0259tic\u0259 verm\u0259s\u0259, \u0130rana qar\u015f\u0131 \u0259m\u0259liyyatlar  ba\u015flaya bil\u0259r&quot;\" \/><\/strong><\/p>\n<p><strong>Aq\u015fin K\u0259rimov<\/strong><\/p>\n<p>Siyasi \u015f\u0259rh\u00e7i Aq\u015fin K\u0259rimovun s\u00f6zl\u0259rin\u0259 g\u00f6r\u0259, Tramp hakimiyy\u0259t\u0259 g\u0259ldikd\u0259n sonra onun Zelenskinin qeyri-legitim olmas\u0131na dair i\u015far\u0259l\u0259ri Putinin hekay\u0259l\u0259ri il\u0259 ox\u015farl\u0131q t\u0259\u015fkil etdi: \u201cTramp\u0131n Ukrayna prezidentini &#8220;se\u00e7kisiz diktator&#8221; adland\u0131rmas\u0131 Putinin Zelenskinin qeyri-legitim olmas\u0131na dair iddialar\u0131n\u0131n AB\u015e t\u0259r\u0259find\u0259n d\u0259st\u0259kl\u0259nm\u0259si dem\u0259k idi. Sonradan, x\u00fcsusil\u0259 d\u0259 Tramp\u0131n h\u0259m Zelenski il\u0259 \u201cbar\u0131\u015f\u0131q\u201d, h\u0259m d\u0259 Putinl\u0259 g\u00f6r\u00fc\u015f trafikl\u0259ri h\u0259min iddialar\u0131 bir q\u0259d\u0259r g\u00fcnd\u0259md\u0259n qald\u0131rd\u0131. Bu, m\u00fcv\u0259qq\u0259ti bir fasil\u0259 idi v\u0259 indi Ukraynadak\u0131 100 milyon dollarl\u0131q korrupsiya \u0259m\u0259liyyatlar\u0131, Zelenskinin yax\u0131n adamlar\u0131n\u0131n istefa verm\u0259si h\u0259min g\u00fcnd\u0259liyi yenid\u0259n aktualla\u015fd\u0131r\u0131b&#8221;.<\/p>\n<p><strong>Onun fikrinc\u0259, korrupsiya ittihamlar\u0131n\u0131n a\u011f\u0131rl\u0131\u011f\u0131 Ukraynan\u0131n Rusiya qo\u015funlar\u0131n\u0131n ir\u0259lil\u0259m\u0259sin\u0259 qar\u015f\u0131 siyasi irad\u0259sin\u0259 t\u0259sir edir, \u00fcst\u0259lik, Kiyev Moskvan\u0131n \u015f\u0259rtl\u0259ri qar\u015f\u0131s\u0131nda g\u00fcz\u0259\u015ft\u0259 getm\u0259si \u00fc\u00e7\u00fcn AB\u015e-nin artan t\u0259zyiql\u0259ri il\u0259 \u00fczl\u0259\u015fir:<\/strong>\u00a0\u201cBu amil Zelenskinin qeyri-legitim olmas\u0131na dair iddialar\u0131n tirajlanmas\u0131ndak\u0131 yeni m\u0259rhl\u0259ni AB\u015e-Rusiya s\u00f6vd\u0259l\u0259\u015fm\u0259si kimi xarakteriz\u0259 edir. Ba\u015fqa s\u00f6zl\u0259, korrupsiya skandal\u0131 v\u0259 Zelenskiy\u0259 qar\u015f\u0131 iddialar Putin-Tramp dan\u0131\u015f\u0131qlar\u0131nda raz\u0131la\u015fd\u0131r\u0131lm\u0131\u015f m\u00fc\u015ft\u0259r\u0259k \u0259m\u0259liyyat\u0131n t\u0259rkib hiss\u0259si kimi g\u00f6r\u00fcn\u00fcr. Y\u0259ni Tramp\u0131n komandas\u0131 haz\u0131rda Rusiya il\u0259 nizamlanma \u00fc\u00e7\u00fcn potensial \u00fcmumi \u00e7\u0259r\u00e7iv\u0259 \u00fcz\u0259rind\u0259 i\u015fl\u0259y\u0259rk\u0259n onun daha da qaba\u011fa apar\u0131lmas\u0131 \u00fc\u00e7\u00fcn yeni prezident\u0259 ehtiyac duyur. Burada Ukrayna Silahl\u0131 Q\u00fcvv\u0259l\u0259rinin ke\u00e7mi\u015f ba\u015f komandan\u0131, haz\u0131rda B\u00f6y\u00fck Britaniyada s\u0259fir olan Valeri Zalujninin ad\u0131n\u0131n hallanmas\u0131 t\u0259sad\u00fcfi deyil. Zalujinin Zelenskini \u0259v\u0259z ed\u0259 bil\u0259c\u0259k g\u00fccl\u00fc fiqur oldu\u011fu bundan \u0259vv\u0259l d\u0259 d\u0259f\u0259l\u0259rl\u0259 t\u0259krarlan\u0131b\u201d.<\/p>\n<p><strong>Ekspert\u0259 g\u00f6r\u0259, Zalujni \u00f6z\u00fc d\u0259 Zelenskinin k\u0259narla\u015fd\u0131r\u0131lmas\u0131 prosesin\u0259 d\u0259st\u0259k verir:<\/strong>\u00a0\u201cBug\u00fcnl\u0259rd\u0259 &#8220;Teleqraf&#8221; n\u0259\u015frind\u0259 d\u0259rc olunan m\u0259qal\u0259sind\u0259 verdiyi mesajlar onun prezidentlik \u00fc\u00e7\u00fcn ambisiyalar\u0131n\u0131 ortaya qoyur. Zalujni bir n\u00f6v \u00f6z\u00fcn\u00fc h\u0259m m\u00fcharib\u0259 d\u00f6vr\u00fcn\u00fcn, h\u0259m d\u0259 s\u00fclh m\u0259rh\u0259l\u0259sinin prezidenti kimi t\u0259svir ed\u0259r\u0259k yaz\u0131r: \u201cS\u00fclh, h\u0259tta n\u00f6vb\u0259ti m\u00fcharib\u0259 \u0259r\u0259f\u0259sind\u0259 bel\u0259, siyasi d\u0259yi\u015fiklikl\u0259r, d\u0259rin islahatlar, tam b\u0259rpa, iqtisadi art\u0131m v\u0259 v\u0259t\u0259nda\u015flar\u0131n geri qay\u0131tmas\u0131 \u00fc\u00e7\u00fcn \u015fans verir\u201d. Zelenskinin siyasi v\u0259 h\u0259rbi u\u011fursuzluqlar burul\u011fan\u0131na d\u00fc\u015fm\u0259si \u00fc\u00e7\u00fcn korrupsiya \u0259m\u0259liyyatlar\u0131 b\u0259lk\u0259 d\u0259 bir m\u0259rh\u0259l\u0259dir. Bundan sonra Zelenskinin istefa ver\u0259c\u0259yi haradasa g\u00f6zl\u0259nil\u0259ndir, lakin m\u00fcharib\u0259 bitm\u0259yib v\u0259 Zelenski Q\u0259rbi Rusiyaya qar\u015f\u0131 daha f\u0259rqli missiyaya inand\u0131ra bil\u0259r. Bununla bel\u0259, Zelenskinin ulduzu art\u0131q s\u00f6nm\u0259k \u00fczr\u0259dir v\u0259 Ukraynan\u0131n siyasi \u00fcf\u00fcql\u0259rind\u0259 Zalujninin parlayaca\u011f\u0131 g\u00fcn uzaqda g\u00f6r\u00fcnm\u00fcr&#8221;.<\/p>\n<p><strong>Emil SALAMO\u011eLU,<br \/>\n\u201cYeni M\u00fcsavat\u201d\u00a0<\/strong><\/p>\n<\/div>\n<div><\/div>\n<div><\/div>\n<div class=\"inner-social-box\">\n<div class=\"subs-in-social subs-whatsapp\"><\/div>\n<\/div>\n","protected":false},"excerpt":{"rendered":"<p>Putin-Uitkoff dan\u0131\u015f\u0131qlar\u0131nda niy\u0259 he\u00e7 bir kompromis \u0259ld\u0259 edilm\u0259di? &#8211; r\u0259y \u201cPutinin Uitkoffla s\u00f6hb\u0259ti konstruktiv, \u00e7ox faydal\u0131 v\u0259 m\u0259zmunlu olub\u201d. \u201cYeni M\u00fcsavat\u201d x\u0259b\u0259r verir ki, bunu Kremld\u0259 ke\u00e7iril\u0259n dan\u0131\u015f\u0131qlar\u0131n yekunu il\u0259 ba\u011fl\u0131 a\u00e7\u0131qlamas\u0131 zaman\u0131 Rusiya prezidentinin beyn\u0259lxalq m\u0259s\u0259l\u0259l\u0259r \u00fczr\u0259 k\u00f6m\u0259k\u00e7isi Yuri U\u015fakov bildirib. O, h\u0259l\u0259 g\u00f6r\u00fcl\u0259c\u0259k \u00e7ox i\u015fin oldu\u011funu vur\u011fulayaraq s\u00f6zl\u0259rin\u0259 bel\u0259 davam edib: \u201cH\u0259l\u0259lik he\u00e7 bir kompromis \u0259ld\u0259 edilm\u0259yib. Rusiya v\u0259 AB\u015e liderl\u0259ri aras\u0131nda g\u00f6r\u00fc\u015f haz\u0131rda planla\u015fd\u0131r\u0131lm\u0131r. Biz konkret ifad\u0259l\u0259r v\u0259 h\u0259ll yollar\u0131 deyil, mahiyy\u0259ti m\u00fczakir\u0259 etdik. T\u0259r\u0259fl\u0259r \u0259m\u0259kda\u015fl\u0131q \u00fc\u00e7\u00fcn b\u00f6y\u00fck perspektivl\u0259r g\u00f6r\u00fcrl\u0259r\u201d. U\u015fakov AB\u015e-nin Ukrayna il\u0259 ba\u011fl\u0131 s\u00fclh t\u0259klifi&hellip;<\/p>\n","protected":false},"author":2,"featured_media":835761,"comment_status":"closed","ping_status":"closed","sticky":false,"template":"","format":"standard","meta":{"om_disable_all_campaigns":false,"_monsterinsights_skip_tracking":false,"_monsterinsights_sitenote_active":false,"_monsterinsights_sitenote_note":"","_monsterinsights_sitenote_category":0},"categories":[4],"tags":[],"aioseo_notices":[],"gutentor_comment":0,"rttpg_featured_image_url":{"full":["https:\/\/arantv.az\/wp-content\/uploads\/2025\/12\/352b1f94084b7db9381a912f255491a3.jpg",700,394,false],"landscape":["https:\/\/arantv.az\/wp-content\/uploads\/2025\/12\/352b1f94084b7db9381a912f255491a3.jpg",700,394,false],"portraits":["https:\/\/arantv.az\/wp-content\/uploads\/2025\/12\/352b1f94084b7db9381a912f255491a3.jpg",700,394,false],"thumbnail":["https:\/\/arantv.az\/wp-content\/uploads\/2025\/12\/352b1f94084b7db9381a912f255491a3-500x280.jpg",500,280,true],"medium":["https:\/\/arantv.az\/wp-content\/uploads\/2025\/12\/352b1f94084b7db9381a912f255491a3-648x365.jpg",648,365,true],"large":["https:\/\/arantv.az\/wp-content\/uploads\/2025\/12\/352b1f94084b7db9381a912f255491a3.jpg",640,360,false],"1536x1536":["https:\/\/arantv.az\/wp-content\/uploads\/2025\/12\/352b1f94084b7db9381a912f255491a3.jpg",700,394,false],"2048x2048":["https:\/\/arantv.az\/wp-content\/uploads\/2025\/12\/352b1f94084b7db9381a912f255491a3.jpg",700,394,false],"post-thumbnail":["https:\/\/arantv.az\/wp-content\/uploads\/2025\/12\/352b1f94084b7db9381a912f255491a3-240x172.jpg",240,172,true],"advps-thumb-one":["https:\/\/arantv.az\/wp-content\/uploads\/2025\/12\/352b1f94084b7db9381a912f255491a3.jpg",700,394,false]},"rttpg_author":{"display_name":"V\u00fcsal Rafiqo\u011flu","author_link":"https:\/\/arantv.az\/?author=2"},"rttpg_comment":0,"rttpg_category":"<a href=\"https:\/\/arantv.az\/?cat=4\" rel=\"category\">Siyas\u0259t<\/a>","rttpg_excerpt":"Putin-Uitkoff dan\u0131\u015f\u0131qlar\u0131nda niy\u0259 he\u00e7 bir kompromis \u0259ld\u0259 edilm\u0259di? &#8211; r\u0259y \u201cPutinin Uitkoffla s\u00f6hb\u0259ti konstruktiv, \u00e7ox faydal\u0131 v\u0259 m\u0259zmunlu olub\u201d. \u201cYeni M\u00fcsavat\u201d x\u0259b\u0259r verir ki, bunu Kremld\u0259 ke\u00e7iril\u0259n dan\u0131\u015f\u0131qlar\u0131n yekunu il\u0259 ba\u011fl\u0131 a\u00e7\u0131qlamas\u0131 zaman\u0131 Rusiya prezidentinin beyn\u0259lxalq m\u0259s\u0259l\u0259l\u0259r \u00fczr\u0259 k\u00f6m\u0259k\u00e7isi Yuri U\u015fakov bildirib. O, h\u0259l\u0259 g\u00f6r\u00fcl\u0259c\u0259k \u00e7ox i\u015fin oldu\u011funu vur\u011fulayaraq s\u00f6zl\u0259rin\u0259 bel\u0259 davam edib: \u201cH\u0259l\u0259lik he\u00e7&hellip;","_links":{"self":[{"href":"https:\/\/arantv.az\/index.php?rest_route=\/wp\/v2\/posts\/835760"}],"collection":[{"href":"https:\/\/arantv.az\/index.php?rest_route=\/wp\/v2\/posts"}],"about":[{"href":"https:\/\/arantv.az\/index.php?rest_route=\/wp\/v2\/types\/post"}],"author":[{"embeddable":true,"href":"https:\/\/arantv.az\/index.php?rest_route=\/wp\/v2\/users\/2"}],"replies":[{"embeddable":true,"href":"https:\/\/arantv.az\/index.php?rest_route=%2Fwp%2Fv2%2Fcomments&post=835760"}],"version-history":[{"count":1,"href":"https:\/\/arantv.az\/index.php?rest_route=\/wp\/v2\/posts\/835760\/revisions"}],"predecessor-version":[{"id":835762,"href":"https:\/\/arantv.az\/index.php?rest_route=\/wp\/v2\/posts\/835760\/revisions\/835762"}],"wp:featuredmedia":[{"embeddable":true,"href":"https:\/\/arantv.az\/index.php?rest_route=\/wp\/v2\/media\/835761"}],"wp:attachment":[{"href":"https:\/\/arantv.az\/index.php?rest_route=%2Fwp%2Fv2%2Fmedia&parent=835760"}],"wp:term":[{"taxonomy":"category","embeddable":true,"href":"https:\/\/arantv.az\/index.php?rest_route=%2Fwp%2Fv2%2Fcategories&post=835760"},{"taxonomy":"post_tag","embeddable":true,"href":"https:\/\/arantv.az\/index.php?rest_route=%2Fwp%2Fv2%2Ftags&post=835760"}],"curies":[{"name":"wp","href":"https:\/\/api.w.org\/{rel}","templated":true}]}}