{"id":835766,"date":"2025-12-04T09:57:52","date_gmt":"2025-12-04T05:57:52","guid":{"rendered":"https:\/\/arantv.az\/?p=835766"},"modified":"2025-12-04T09:57:52","modified_gmt":"2025-12-04T05:57:52","slug":"quru-s%c9%99rh%c9%99dl%c9%99rin-acilmasina-%c9%99sas-%c9%99ng%c9%99l","status":"publish","type":"post","link":"https:\/\/arantv.az\/?p=835766","title":{"rendered":"Quru s\u0259rh\u0259dl\u0259rin a\u00e7\u0131lmas\u0131na \u0259sas \u0259ng\u0259l"},"content":{"rendered":"<div class=\"text-content\" data-id=\"\" data-url=\"\">\n<h3><strong>Parlamentd\u0259 h\u00f6kum\u0259t\u0259 \u00e7a\u011f\u0131r\u0131\u015f edildi &#8211; ekspertl\u0259r d\u0259 art\u0131q vaxt\u0131n yeti\u015fdiyini bildirir\u00a0<\/strong><\/h3>\n<p>X\u0259b\u0259r verdiyimiz kimi, dekabr\u0131n 2-d\u0259 Milli M\u0259clisd\u0259 bir daha quru s\u0259rh\u0259dl\u0259rimizin a\u00e7\u0131lmas\u0131 il\u0259 ba\u011fl\u0131 h\u00f6kum\u0259t\u0259 \u00e7a\u011f\u0131r\u0131\u015f edilib. Deputat Q\u00fcdr\u0259t H\u0259s\u0259nquliyev iclasda i\u015ftirak ed\u0259n h\u00f6kum\u0259t\u0259 m\u00fcraci\u0259tl\u0259 deyib: \u201cH\u00f6kum\u0259ti bir daha \u00e7a\u011f\u0131r\u0131ram ki, s\u0259rh\u0259dl\u0259rin a\u00e7\u0131lmas\u0131 m\u0259s\u0259l\u0259sin\u0259 bax\u0131ls\u0131n. Siyavu\u015f m\u00fc\u0259llim (Novruzov &#8211; red.) qeyd etdi, \u00f6lk\u0259nin daxilind\u0259 ictimai t\u0259hl\u00fck\u0259sizlik, d\u00f6vl\u0259t t\u0259hl\u00fck\u0259sizliyi y\u00fcks\u0259k s\u0259viyy\u0259d\u0259 qorunur, t\u0259min olunur, m\u00fcvafiq d\u00f6vl\u0259t orqanlar\u0131 \u00f6z v\u0259zif\u0259l\u0259rini layiqinc\u0259 yerin\u0259 yetirirl\u0259r. Ona g\u00f6r\u0259 he\u00e7 bir t\u0259hl\u00fck\u0259sizlik t\u0259hdidi yoxdur v\u0259 ola da bilm\u0259z. Biz s\u0259rh\u0259dl\u0259ri a\u00e7mal\u0131y\u0131q ki, \u0259n az\u0131 G\u00fcrc\u00fcstandan olan az\u0259rbaycanl\u0131lar, \u0130randa ya\u015fayan az\u0259rbaycanl\u0131lar \u00f6z v\u0259t\u0259nl\u0259rin\u0259 g\u0259l\u0259 bilsinl\u0259r\u201d.<\/p>\n<p><strong>Qeyd ed\u0259k ki, bu m\u0259s\u0259l\u0259 m\u0259lum s\u0259b\u0259bl\u0259rd\u0259n h\u0259l\u0259 d\u0259 \u00f6z aktuall\u0131\u011f\u0131n\u0131 saxlay\u0131r. B\u0259s s\u0259rh\u0259dl\u0259rin a\u00e7\u0131lmas\u0131na \u0259sas \u0259ng\u0259l n\u0259dir?<\/strong><\/p>\n<p><strong><img src=\"https:\/\/konkret.az\/cloud\/uploads\/2021\/04\/elxansahinoglu.jpg\" alt=\"Elxan \u015eahino\u011flu son \u00e7\u0131x\u0131\u015f\u0131 il\u0259 \u00f6z\u00fcn\u00fc v\u0259 \u201ca\u011falar\u0131n\u0131\u201d bel\u0259 \u0259l\u0259 verdi -  \u018fTRAFLI | KONKRET\" \/><\/strong><\/p>\n<p><strong>\u00a0Elxan \u015eahino\u011flu<\/strong><\/p>\n<p>\u201cAtlas\u201d Ara\u015fd\u0131rmalar M\u0259rk\u0259zinin r\u0259hb\u0259ri Elxan \u015eahino\u011flu m\u00f6vzu il\u0259 ba\u011fl\u0131 \u201cYeni M\u00fcsavat\u201da bunlar\u0131 deyib: \u201cAz\u0259rbaycan\u0131n qon\u015fu \u00f6lk\u0259l\u0259rl\u0259 s\u0259rh\u0259di vaxtil\u0259 koronavirus s\u0259b\u0259bi il\u0259 ba\u011flanm\u0131\u015fd\u0131. Ba\u015fqa d\u00f6vl\u0259tl\u0259r d\u0259 bu s\u0259b\u0259bd\u0259n s\u0259rh\u0259dl\u0259rini ba\u011flam\u0131\u015fd\u0131lar. Koronavirusun yay\u0131lmas\u0131 t\u0259hl\u00fck\u0259si art\u0131q yoxdur. Bu m\u0259nada Az\u0259rbaycan\u0131n qon\u015fu \u00f6lk\u0259l\u0259rl\u0259 quru s\u0259rh\u0259dl\u0259rini a\u00e7mas\u0131na ehtiyac var. S\u0259rh\u0259dl\u0259r ba\u011fl\u0131 qald\u0131qca, turistl\u0259rin Az\u0259rbaycana g\u0259li\u015fl\u0259rind\u0259 art\u0131m olmayacaq, \u0259ksin\u0259, bu il azalma m\u00fc\u015fahid\u0259 edilib. Bu, Az\u0259rbaycan\u0131n g\u0259lirl\u0259rin\u0259 m\u0259nfi t\u0259sir edir. S\u0259rh\u0259dl\u0259r ba\u011fl\u0131 qald\u0131qca, qon\u015fu \u00f6lk\u0259l\u0259rd\u0259 ya\u015fayan soyda\u015flar\u0131m\u0131zla \u0259laq\u0259 m\u00fcmk\u00fcn olmayacaq. T\u0259yyar\u0259 qiym\u0259tl\u0259ri bahad\u0131r. Qon\u015fu \u00f6lk\u0259l\u0259rd\u0259 ya\u015fayan az\u0259rbaycanl\u0131lar\u0131n he\u00e7 d\u0259 ham\u0131s\u0131 t\u0259yyar\u0259 il\u0259 Az\u0259rbaycana g\u0259l\u0259 bilmirl\u0259r\u201d.<\/p>\n<p><strong>Politoloq qeyd edir ki, \u0259slind\u0259 soyda\u015flar\u0131m\u0131zla \u0259laq\u0259nin y\u00fcks\u0259k s\u0259viyy\u0259d\u0259 saxlan\u0131lmas\u0131 t\u0259hl\u00fck\u0259sizlik bax\u0131m\u0131ndan Az\u0259rbaycan \u00fc\u00e7\u00fcn \u0259h\u0259miyy\u0259tlidir:<\/strong>\u00a0\u201cAncaq quru s\u0259rh\u0259dl\u0259r ba\u011fl\u0131 qald\u0131qca bu \u0259laq\u0259ni y\u00fcks\u0259k s\u0259viyy\u0259d\u0259 saxlamaq m\u00fcmk\u00fcn olmayacaq. S\u0259rh\u0259dl\u0259r ba\u011fl\u0131 qald\u0131qca s\u0259rh\u0259d b\u00f6lg\u0259l\u0259rimizd\u0259 ticar\u0259tl\u0259 m\u0259\u015f\u011ful olanlar\u0131n probleml\u0259ri h\u0259ll olunmayacaq. S\u0259rh\u0259dl\u0259rimiz a\u00e7\u0131q olduqda s\u0259rh\u0259d b\u00f6lg\u0259l\u0259rind\u0259 ya\u015fayan insanlar\u0131m\u0131z qon\u015fu \u00f6lk\u0259l\u0259rl\u0259 al\u0131\u015f-veri\u015f edirdil\u0259r. Misal \u00fc\u00e7\u00fcn, son aylarda bir ne\u00e7\u0259 d\u0259f\u0259 A\u011fstafada olmu\u015fam. A\u011fstafan\u0131n G\u00fcrc\u00fcstanla s\u0259rh\u0259d\u0259 yax\u0131n k\u0259ndil\u0259rind\u0259 bo\u015falman\u0131n \u0259lam\u0259tl\u0259rini m\u00fc\u015fahid\u0259 etdim. \u0130mkan\u0131 olanlar Bak\u0131ya, imkan\u0131 z\u0259if olanlar is\u0259 A\u011fstafa \u015f\u0259h\u0259rin\u0259 k\u00f6\u00e7\u00fcrl\u0259r. Halbuki s\u0259rh\u0259dl\u0259r a\u00e7\u0131q olanda s\u0259rh\u0259d k\u0259ndl\u0259rind\u0259 canlanma var idi v\u0259 s\u0259rh\u0259d k\u0259ndl\u0259rini t\u0259rk ed\u0259nl\u0259rin say\u0131 \u00e7ox deyildi. S\u0259rh\u0259dl\u0259rin ba\u011fl\u0131 saxlan\u0131lmas\u0131n\u0131n \u0259sas arqumenti t\u0259hl\u00fck\u0259sizlikl\u0259 \u0259laql\u0259ndirilir. \u018flb\u0259tt\u0259, bu amili diqq\u0259td\u0259n qa\u00e7\u0131rmaq olmaz. Ancaq s\u0259rh\u0259dl\u0259r \u0259b\u0259diyy\u0259t\u0259 q\u0259d\u0259r ba\u011fl\u0131 saxlan\u0131la bilm\u0259z. Az\u0259rbaycan g\u00fccl\u00fc d\u00f6vl\u0259tdir, \u0259razi b\u00fct\u00f6vl\u00fcy\u00fcm\u00fcz\u00fc t\u0259min etmi\u015fik, g\u00fccl\u00fc ordumuz v\u0259 s\u0259rh\u0259d q\u00fcvv\u0259l\u0259rimiz m\u00f6vcuddur. Qon\u015fu d\u00f6vl\u0259tl\u0259rd\u0259n ist\u0259nil\u0259n t\u0259hl\u00fck\u0259ni \u00f6nl\u0259m\u0259k iqtidar\u0131nday\u0131q. Ona g\u00f6r\u0259 mill\u0259t v\u0259kili Q\u00fcdr\u0259t H\u0259s\u0259nquliyevin t\u0259klifin\u0259 qat\u0131laraq quru s\u0259rh\u0259dl\u0259rimizin a\u00e7\u0131lmas\u0131na t\u0259r\u0259fdaram\u201d.<\/p>\n<p><img src=\"https:\/\/azertag.az\/files\/2023\/1\/1200x630\/16735321715306343185_1200x630.jpg\" alt=\"Eyyub K\u0259rimli: Az\u0259rbaycandan Avropaya ya\u015f\u0131l enerji ixrac\u0131 il\u0259 ba\u011fl\u0131 vacib  layih\u0259l\u0259r realla\u015fd\u0131r\u0131lacaq - AZ\u018fRTAC\" \/><\/p>\n<p><strong>\u00a0Eyyub K\u0259rimli<\/strong><\/p>\n<p><strong>Quru s\u0259rh\u0259dl\u0259rin ba\u011fl\u0131 qalmas\u0131 \u0259n \u00e7ox da turizm\u0259 z\u0259rb\u0259 vurur. \u0130qtisad\u00e7\u0131 Eyyub K\u0259rimlinin m\u00f6vzu il\u0259 ba\u011fl\u0131 fikirl\u0259ri diqq\u0259t \u00e7\u0259kir:<\/strong>\u00a0\u201c2025-ci ilin yanvar-oktyabr aylar\u0131 d\u00f6vr\u00fcnd\u0259 \u00f6lk\u0259y\u0259 edil\u0259n turist s\u0259f\u0259rl\u0259rinin say\u0131 183 \u00f6lk\u0259d\u0259n\u00a0 2 171 000 olub. Bu, 2024-c\u00fc ilin eyni d\u00f6vr\u00fc il\u0259 m\u00fcqayis\u0259d\u0259 1.7% azalma dem\u0259kdir. Avropa \u00f6lk\u0259l\u0259rind\u0259n olan turist say\u0131 167 740 olub ki, bu da \u0259vv\u0259lki ilin eyni d\u00f6vr\u00fc il\u0259 m\u00fcqayis\u0259d\u0259 21.7%\u00a0 azalma dem\u0259kdir. Bu d\u00f6vrd\u0259 s\u0259f\u0259rl\u0259rin 24.4%-i Rusiyadan, 17.4%-i T\u00fcrkiy\u0259d\u0259n, 8%-i \u0130randan, 6.6%-i Hindistandan, 2.4%-i \u00c7ind\u0259n olub. B\u0259s turist s\u0259f\u0259rl\u0259rinin azalmas\u0131 n\u0259 il\u0259 \u0259laq\u0259li ola bil\u0259r? \u0130lk olaraq quru s\u0259rh\u0259dl\u0259rimizin ba\u011fl\u0131 olmas\u0131, dig\u0259r t\u0259r\u0259fd\u0259n regionda bu sah\u0259d\u0259 g\u00fccl\u00fc r\u0259qab\u0259tin m\u00f6vcud olmas\u0131, \u0259sas\u0259n d\u0259 G\u00fcrc\u00fcstan v\u0259 T\u00fcrkiy\u0259d\u0259\u201d.<\/p>\n<p><img src=\"https:\/\/reyting.az\/uploads\/posts\/2020-05\/1589445439_natiq-ceferli.jpg\" alt=\"Natiq C\u0259f\u0259rli: &quot;C\u0259mil H\u0259s\u0259nlinin bu q\u0259d\u0259r s\u0259viyy\u0259siz v\u0259ziyy\u0259t\u0259 d\u00fc\u015f\u0259c\u0259yini  g\u00f6zl\u0259mirdim&quot; \u00bb Reyting.az\" \/><\/p>\n<p><strong>Natiq C\u0259f\u0259rli<\/strong><\/p>\n<p>\u0130qtisad\u00e7\u0131 Natiq C\u0259f\u0259rlinin fikrinc\u0259 is\u0259 art\u0131q Az\u0259rbaycan\u0131n quru s\u0259rh\u0259dl\u0259rinin ba\u011flanm\u0131\u015f v\u0259ziyy\u0259td\u0259 qalmas\u0131n\u0131 \u0259sasland\u0131ra bil\u0259c\u0259k real, obyektiv v\u0259 ictimai t\u0259hl\u00fck\u0259sizlikl\u0259 ba\u011fl\u0131 bir s\u0259b\u0259b qalmay\u0131b. Onun s\u00f6zl\u0259rin\u0259 g\u00f6r\u0259, d\u00f6vl\u0259tin institutlar\u0131 kifay\u0259t q\u0259d\u0259r g\u00fccl\u00fcd\u00fcr, h\u00fcquq-m\u00fchafiz\u0259, s\u0259rh\u0259d v\u0259 g\u00f6mr\u00fck orqanlar\u0131 m\u00fcasir t\u0259l\u0259bl\u0259r\u0259 uy\u011fun f\u0259aliyy\u0259t g\u00f6st\u0259rir v\u0259 a\u00e7\u0131q s\u0259rh\u0259d rejimi \u015f\u0259raitind\u0259 \u00f6lk\u0259nin t\u0259hl\u00fck\u0259sizliyini t\u0259min etm\u0259y\u0259 tam qabildir.<\/p>\n<p>\u0130qtisad\u00e7\u0131 bildirir ki, \u0259g\u0259r regionun dig\u0259r \u00f6lk\u0259l\u0259rind\u0259 &#8211; G\u00fcrc\u00fcstanda v\u0259 Erm\u0259nistanda s\u0259rh\u0259dl\u0259r tamamil\u0259 a\u00e7\u0131qd\u0131rsa v\u0259 bu, n\u0259 epidemioloji, n\u0259 t\u0259hl\u00fck\u0259sizlik, n\u0259 d\u0259 miqrasiya bax\u0131m\u0131ndan problem hesab olunmursa, onda Az\u0259rbaycan \u00fc\u00e7\u00fcn s\u0259rh\u0259dl\u0259rin ba\u011fl\u0131 saxlanmas\u0131n\u0131n \u0259sasland\u0131r\u0131lmas\u0131 daha da \u00e7\u0259tinl\u0259\u015fir. Onun fikrinc\u0259, uzun m\u00fcdd\u0259t davam ed\u0259n bu rejim h\u0259m v\u0259t\u0259nda\u015flar\u0131n s\u0259rb\u0259st h\u0259r\u0259k\u0259tin\u0259, h\u0259m d\u0259 d\u00f6vl\u0259tin beyn\u0259lxalq imicin\u0259 v\u0259 iqtisadi c\u0259lbediciliyin\u0259 m\u0259nfi t\u0259sir g\u00f6st\u0259rir.<\/p>\n<p>Natiq C\u0259f\u0259rli qeyd edir ki, turizm, s\u0259rh\u0259dyan\u0131 ticar\u0259t, logistika v\u0259 xidm\u0259t sektoru \u0259n \u00e7ox z\u0259r\u0259r g\u00f6r\u0259n sah\u0259l\u0259rdir. \u0130qtisadi aktivliyin m\u00fc\u0259yy\u0259n q\u0259d\u0259r z\u0259ifl\u0259m\u0259si, insanlar\u0131n gedi\u015f-g\u0259li\u015finin m\u0259hdudlu\u011fu v\u0259 biznes \u0259laq\u0259l\u0259rinin z\u0259ifl\u0259m\u0259si \u00fcmumi iqtisadi dinamikan\u0131 a\u015fa\u011f\u0131 salan amill\u0259rd\u0259ndir. Onun fikrinc\u0259, m\u00fc\u015fahid\u0259 edil\u0259n bir s\u0131ra iqtisadi geril\u0259m\u0259l\u0259r m\u0259hz s\u0259rh\u0259dl\u0259rin uzun m\u00fcdd\u0259t qapal\u0131 saxlanmas\u0131 il\u0259 \u0259laq\u0259dard\u0131r. Quru s\u0259rh\u0259dl\u0259rin a\u00e7\u0131lmas\u0131 h\u0259m iqtisadi bax\u0131mdan vacib add\u0131md\u0131r, h\u0259m d\u0259 d\u00f6vl\u0259tin strateji maraqlar\u0131na uy\u011fundur. A\u00e7\u0131q s\u0259rh\u0259d siyas\u0259ti v\u0259t\u0259nda\u015flar\u0131n naraz\u0131l\u0131\u011f\u0131n\u0131 aradan qald\u0131ra, iqtisadi canlanman\u0131 s\u00fcr\u0259tl\u0259ndir\u0259 v\u0259 Az\u0259rbaycan\u0131n regionda m\u0259rk\u0259zi m\u00f6vqel\u0259rini daha da g\u00fccl\u0259ndir\u0259 bil\u0259r. Bu prosesin uzad\u0131lmas\u0131 h\u0259r hans\u0131 m\u00fcsb\u0259t n\u0259tic\u0259 vermir, \u0259ksin\u0259, probleml\u0259ri daha da k\u0259skinl\u0259\u015fdirir. Buna g\u00f6r\u0259 d\u0259 hesab edir\u0259m ki, Az\u0259rbaycan s\u0259rh\u0259dl\u0259rin a\u00e7\u0131lmas\u0131 \u00fc\u00e7\u00fcn tam haz\u0131rd\u0131r&#8221;.<\/p>\n<p><strong>Afaq M\u0130RAY\u0130Q,<br \/>\n\u201cYeni M\u00fcsavat\u201d<\/strong><\/p>\n<\/div>\n<div><\/div>\n<div><\/div>\n<div class=\"inner-social-box\">\n<div class=\"subs-in-social subs-whatsapp\"><\/div>\n<\/div>\n","protected":false},"excerpt":{"rendered":"<p>Parlamentd\u0259 h\u00f6kum\u0259t\u0259 \u00e7a\u011f\u0131r\u0131\u015f edildi &#8211; ekspertl\u0259r d\u0259 art\u0131q vaxt\u0131n yeti\u015fdiyini bildirir\u00a0 X\u0259b\u0259r verdiyimiz kimi, dekabr\u0131n 2-d\u0259 Milli M\u0259clisd\u0259 bir daha quru s\u0259rh\u0259dl\u0259rimizin a\u00e7\u0131lmas\u0131 il\u0259 ba\u011fl\u0131 h\u00f6kum\u0259t\u0259 \u00e7a\u011f\u0131r\u0131\u015f edilib. Deputat Q\u00fcdr\u0259t H\u0259s\u0259nquliyev iclasda i\u015ftirak ed\u0259n h\u00f6kum\u0259t\u0259 m\u00fcraci\u0259tl\u0259 deyib: \u201cH\u00f6kum\u0259ti bir daha \u00e7a\u011f\u0131r\u0131ram ki, s\u0259rh\u0259dl\u0259rin a\u00e7\u0131lmas\u0131 m\u0259s\u0259l\u0259sin\u0259 bax\u0131ls\u0131n. Siyavu\u015f m\u00fc\u0259llim (Novruzov &#8211; red.) qeyd etdi, \u00f6lk\u0259nin daxilind\u0259 ictimai t\u0259hl\u00fck\u0259sizlik, d\u00f6vl\u0259t t\u0259hl\u00fck\u0259sizliyi y\u00fcks\u0259k s\u0259viyy\u0259d\u0259 qorunur, t\u0259min olunur, m\u00fcvafiq d\u00f6vl\u0259t orqanlar\u0131 \u00f6z v\u0259zif\u0259l\u0259rini layiqinc\u0259 yerin\u0259 yetirirl\u0259r. Ona g\u00f6r\u0259 he\u00e7 bir t\u0259hl\u00fck\u0259sizlik t\u0259hdidi yoxdur v\u0259 ola da bilm\u0259z. Biz s\u0259rh\u0259dl\u0259ri a\u00e7mal\u0131y\u0131q ki, \u0259n az\u0131 G\u00fcrc\u00fcstandan&hellip;<\/p>\n","protected":false},"author":2,"featured_media":835767,"comment_status":"closed","ping_status":"closed","sticky":false,"template":"","format":"standard","meta":{"om_disable_all_campaigns":false,"_monsterinsights_skip_tracking":false,"_monsterinsights_sitenote_active":false,"_monsterinsights_sitenote_note":"","_monsterinsights_sitenote_category":0},"categories":[19],"tags":[],"aioseo_notices":[],"gutentor_comment":0,"rttpg_featured_image_url":{"full":["https:\/\/arantv.az\/wp-content\/uploads\/2025\/12\/413badf18d8035c783d4b906ef4977b1.jpg",756,471,false],"landscape":["https:\/\/arantv.az\/wp-content\/uploads\/2025\/12\/413badf18d8035c783d4b906ef4977b1.jpg",756,471,false],"portraits":["https:\/\/arantv.az\/wp-content\/uploads\/2025\/12\/413badf18d8035c783d4b906ef4977b1.jpg",756,471,false],"thumbnail":["https:\/\/arantv.az\/wp-content\/uploads\/2025\/12\/413badf18d8035c783d4b906ef4977b1-500x280.jpg",500,280,true],"medium":["https:\/\/arantv.az\/wp-content\/uploads\/2025\/12\/413badf18d8035c783d4b906ef4977b1-586x365.jpg",586,365,true],"large":["https:\/\/arantv.az\/wp-content\/uploads\/2025\/12\/413badf18d8035c783d4b906ef4977b1.jpg",640,399,false],"1536x1536":["https:\/\/arantv.az\/wp-content\/uploads\/2025\/12\/413badf18d8035c783d4b906ef4977b1.jpg",756,471,false],"2048x2048":["https:\/\/arantv.az\/wp-content\/uploads\/2025\/12\/413badf18d8035c783d4b906ef4977b1.jpg",756,471,false],"post-thumbnail":["https:\/\/arantv.az\/wp-content\/uploads\/2025\/12\/413badf18d8035c783d4b906ef4977b1-240x172.jpg",240,172,true],"advps-thumb-one":["https:\/\/arantv.az\/wp-content\/uploads\/2025\/12\/413badf18d8035c783d4b906ef4977b1.jpg",756,471,false]},"rttpg_author":{"display_name":"V\u00fcsal Rafiqo\u011flu","author_link":"https:\/\/arantv.az\/?author=2"},"rttpg_comment":0,"rttpg_category":"<a href=\"https:\/\/arantv.az\/?cat=19\" rel=\"category\">G\u00fcnd\u0259m<\/a>","rttpg_excerpt":"Parlamentd\u0259 h\u00f6kum\u0259t\u0259 \u00e7a\u011f\u0131r\u0131\u015f edildi &#8211; ekspertl\u0259r d\u0259 art\u0131q vaxt\u0131n yeti\u015fdiyini bildirir\u00a0 X\u0259b\u0259r verdiyimiz kimi, dekabr\u0131n 2-d\u0259 Milli M\u0259clisd\u0259 bir daha quru s\u0259rh\u0259dl\u0259rimizin a\u00e7\u0131lmas\u0131 il\u0259 ba\u011fl\u0131 h\u00f6kum\u0259t\u0259 \u00e7a\u011f\u0131r\u0131\u015f edilib. Deputat Q\u00fcdr\u0259t H\u0259s\u0259nquliyev iclasda i\u015ftirak ed\u0259n h\u00f6kum\u0259t\u0259 m\u00fcraci\u0259tl\u0259 deyib: \u201cH\u00f6kum\u0259ti bir daha \u00e7a\u011f\u0131r\u0131ram ki, s\u0259rh\u0259dl\u0259rin a\u00e7\u0131lmas\u0131 m\u0259s\u0259l\u0259sin\u0259 bax\u0131ls\u0131n. Siyavu\u015f m\u00fc\u0259llim (Novruzov &#8211; red.) qeyd etdi, \u00f6lk\u0259nin daxilind\u0259&hellip;","_links":{"self":[{"href":"https:\/\/arantv.az\/index.php?rest_route=\/wp\/v2\/posts\/835766"}],"collection":[{"href":"https:\/\/arantv.az\/index.php?rest_route=\/wp\/v2\/posts"}],"about":[{"href":"https:\/\/arantv.az\/index.php?rest_route=\/wp\/v2\/types\/post"}],"author":[{"embeddable":true,"href":"https:\/\/arantv.az\/index.php?rest_route=\/wp\/v2\/users\/2"}],"replies":[{"embeddable":true,"href":"https:\/\/arantv.az\/index.php?rest_route=%2Fwp%2Fv2%2Fcomments&post=835766"}],"version-history":[{"count":2,"href":"https:\/\/arantv.az\/index.php?rest_route=\/wp\/v2\/posts\/835766\/revisions"}],"predecessor-version":[{"id":835769,"href":"https:\/\/arantv.az\/index.php?rest_route=\/wp\/v2\/posts\/835766\/revisions\/835769"}],"wp:featuredmedia":[{"embeddable":true,"href":"https:\/\/arantv.az\/index.php?rest_route=\/wp\/v2\/media\/835767"}],"wp:attachment":[{"href":"https:\/\/arantv.az\/index.php?rest_route=%2Fwp%2Fv2%2Fmedia&parent=835766"}],"wp:term":[{"taxonomy":"category","embeddable":true,"href":"https:\/\/arantv.az\/index.php?rest_route=%2Fwp%2Fv2%2Fcategories&post=835766"},{"taxonomy":"post_tag","embeddable":true,"href":"https:\/\/arantv.az\/index.php?rest_route=%2Fwp%2Fv2%2Ftags&post=835766"}],"curies":[{"name":"wp","href":"https:\/\/api.w.org\/{rel}","templated":true}]}}