{"id":835777,"date":"2025-12-04T15:09:27","date_gmt":"2025-12-04T11:09:27","guid":{"rendered":"https:\/\/arantv.az\/?p=835777"},"modified":"2025-12-04T15:09:27","modified_gmt":"2025-12-04T11:09:27","slug":"ceyhun-bayramov-stefan-dauti-il%c9%99-gorusdu","status":"publish","type":"post","link":"https:\/\/arantv.az\/?p=835777","title":{"rendered":"Ceyhun Bayramov Stefan Dauti il\u0259 G\u00d6R\u00dc\u015eD\u00dc"},"content":{"rendered":"<p><strong>Az\u0259rbaycan\u0131n xarici i\u015fl\u0259r naziri Ceyhun Bayramov B\u00f6y\u00fck Britaniyan\u0131n Avropa v\u0259 \u015eimali Amerika, h\u0259m\u00e7inin Britaniyan\u0131n D\u0259niza\u015f\u0131r\u0131 \u018frazil\u0259ri \u00fczr\u0259 d\u00f6vl\u0259t naziri Stefan Dauti il\u0259 g\u00f6r\u00fc\u015f\u00fcb.<\/strong><\/p>\n<p><strong>Musavat.com<\/strong>\u00a0Az\u0259rbaycan X\u0130N-\u0259 istinad\u0259n x\u0259b\u0259r verir ki, g\u00f6r\u00fc\u015f AT\u018fT Nazirl\u0259r \u015euras\u0131n\u0131n Vyanada ke\u00e7iril\u0259n 32-ci iclas\u0131 \u00e7\u0259r\u00e7iv\u0259sind\u0259 ba\u015f tutub.<\/p>\n<div class=\"AdviadNativeVideo\">G\u00f6r\u00fc\u015fd\u0259 Az\u0259rbaycan\u2013B\u00f6y\u00fck Britaniya \u0259m\u0259kda\u015fl\u0131\u011f\u0131n\u0131n m\u00f6vcud v\u0259ziyy\u0259ti v\u0259 perspektivl\u0259ri, o c\u00fcml\u0259d\u0259n siyasi dialoq, enerji t\u0259hl\u00fck\u0259sizliyi, ticar\u0259t v\u0259 investisiya sah\u0259l\u0259ri m\u00fczakir\u0259 olunub.<\/div>\n<p>T\u0259r\u0259fl\u0259r h\u0259m\u00e7inin, regional prosesl\u0259r bar\u0259d\u0259 fikir m\u00fcbadil\u0259si apar\u0131b v\u0259 Az\u0259rbaycan-B\u00f6y\u00fck Britaniya strateji t\u0259r\u0259fda\u015fl\u0131\u011f\u0131n\u0131n inki\u015faf\u0131 \u00fc\u00e7\u00fcn m\u00f6vcud imkanlar\u0131 d\u0259y\u0259rl\u0259ndiribl\u0259r.<\/p>\n","protected":false},"excerpt":{"rendered":"<p>Az\u0259rbaycan\u0131n xarici i\u015fl\u0259r naziri Ceyhun Bayramov B\u00f6y\u00fck Britaniyan\u0131n Avropa v\u0259 \u015eimali Amerika, h\u0259m\u00e7inin Britaniyan\u0131n D\u0259niza\u015f\u0131r\u0131 \u018frazil\u0259ri \u00fczr\u0259 d\u00f6vl\u0259t naziri Stefan Dauti il\u0259 g\u00f6r\u00fc\u015f\u00fcb. Musavat.com\u00a0Az\u0259rbaycan X\u0130N-\u0259 istinad\u0259n x\u0259b\u0259r verir ki, g\u00f6r\u00fc\u015f AT\u018fT Nazirl\u0259r \u015euras\u0131n\u0131n Vyanada ke\u00e7iril\u0259n 32-ci iclas\u0131 \u00e7\u0259r\u00e7iv\u0259sind\u0259 ba\u015f tutub. G\u00f6r\u00fc\u015fd\u0259 Az\u0259rbaycan\u2013B\u00f6y\u00fck Britaniya \u0259m\u0259kda\u015fl\u0131\u011f\u0131n\u0131n m\u00f6vcud v\u0259ziyy\u0259ti v\u0259 perspektivl\u0259ri, o c\u00fcml\u0259d\u0259n siyasi dialoq, enerji t\u0259hl\u00fck\u0259sizliyi, ticar\u0259t v\u0259 investisiya sah\u0259l\u0259ri m\u00fczakir\u0259 olunub. T\u0259r\u0259fl\u0259r h\u0259m\u00e7inin, regional prosesl\u0259r bar\u0259d\u0259 fikir m\u00fcbadil\u0259si apar\u0131b v\u0259 Az\u0259rbaycan-B\u00f6y\u00fck Britaniya strateji t\u0259r\u0259fda\u015fl\u0131\u011f\u0131n\u0131n inki\u015faf\u0131 \u00fc\u00e7\u00fcn m\u00f6vcud imkanlar\u0131 d\u0259y\u0259rl\u0259ndiribl\u0259r.<\/p>\n","protected":false},"author":2,"featured_media":835778,"comment_status":"closed","ping_status":"closed","sticky":false,"template":"","format":"standard","meta":{"om_disable_all_campaigns":false,"_monsterinsights_skip_tracking":false,"_monsterinsights_sitenote_active":false,"_monsterinsights_sitenote_note":"","_monsterinsights_sitenote_category":0},"categories":[4],"tags":[],"aioseo_notices":[],"gutentor_comment":0,"rttpg_featured_image_url":{"full":["https:\/\/arantv.az\/wp-content\/uploads\/2025\/12\/281b9a414135eef6896e5d2e9c441e53.jpg",870,500,false],"landscape":["https:\/\/arantv.az\/wp-content\/uploads\/2025\/12\/281b9a414135eef6896e5d2e9c441e53.jpg",870,500,false],"portraits":["https:\/\/arantv.az\/wp-content\/uploads\/2025\/12\/281b9a414135eef6896e5d2e9c441e53.jpg",870,500,false],"thumbnail":["https:\/\/arantv.az\/wp-content\/uploads\/2025\/12\/281b9a414135eef6896e5d2e9c441e53-500x280.jpg",500,280,true],"medium":["https:\/\/arantv.az\/wp-content\/uploads\/2025\/12\/281b9a414135eef6896e5d2e9c441e53-635x365.jpg",635,365,true],"large":["https:\/\/arantv.az\/wp-content\/uploads\/2025\/12\/281b9a414135eef6896e5d2e9c441e53-840x483.jpg",640,368,true],"1536x1536":["https:\/\/arantv.az\/wp-content\/uploads\/2025\/12\/281b9a414135eef6896e5d2e9c441e53.jpg",870,500,false],"2048x2048":["https:\/\/arantv.az\/wp-content\/uploads\/2025\/12\/281b9a414135eef6896e5d2e9c441e53.jpg",870,500,false],"post-thumbnail":["https:\/\/arantv.az\/wp-content\/uploads\/2025\/12\/281b9a414135eef6896e5d2e9c441e53-240x172.jpg",240,172,true],"advps-thumb-one":["https:\/\/arantv.az\/wp-content\/uploads\/2025\/12\/281b9a414135eef6896e5d2e9c441e53.jpg",870,500,false]},"rttpg_author":{"display_name":"V\u00fcsal Rafiqo\u011flu","author_link":"https:\/\/arantv.az\/?author=2"},"rttpg_comment":0,"rttpg_category":"<a href=\"https:\/\/arantv.az\/?cat=4\" rel=\"category\">Siyas\u0259t<\/a>","rttpg_excerpt":"Az\u0259rbaycan\u0131n xarici i\u015fl\u0259r naziri Ceyhun Bayramov B\u00f6y\u00fck Britaniyan\u0131n Avropa v\u0259 \u015eimali Amerika, h\u0259m\u00e7inin Britaniyan\u0131n D\u0259niza\u015f\u0131r\u0131 \u018frazil\u0259ri \u00fczr\u0259 d\u00f6vl\u0259t naziri Stefan Dauti il\u0259 g\u00f6r\u00fc\u015f\u00fcb. Musavat.com\u00a0Az\u0259rbaycan X\u0130N-\u0259 istinad\u0259n x\u0259b\u0259r verir ki, g\u00f6r\u00fc\u015f AT\u018fT Nazirl\u0259r \u015euras\u0131n\u0131n Vyanada ke\u00e7iril\u0259n 32-ci iclas\u0131 \u00e7\u0259r\u00e7iv\u0259sind\u0259 ba\u015f tutub. G\u00f6r\u00fc\u015fd\u0259 Az\u0259rbaycan\u2013B\u00f6y\u00fck Britaniya \u0259m\u0259kda\u015fl\u0131\u011f\u0131n\u0131n m\u00f6vcud v\u0259ziyy\u0259ti v\u0259 perspektivl\u0259ri, o c\u00fcml\u0259d\u0259n siyasi dialoq, enerji t\u0259hl\u00fck\u0259sizliyi, ticar\u0259t&hellip;","_links":{"self":[{"href":"https:\/\/arantv.az\/index.php?rest_route=\/wp\/v2\/posts\/835777"}],"collection":[{"href":"https:\/\/arantv.az\/index.php?rest_route=\/wp\/v2\/posts"}],"about":[{"href":"https:\/\/arantv.az\/index.php?rest_route=\/wp\/v2\/types\/post"}],"author":[{"embeddable":true,"href":"https:\/\/arantv.az\/index.php?rest_route=\/wp\/v2\/users\/2"}],"replies":[{"embeddable":true,"href":"https:\/\/arantv.az\/index.php?rest_route=%2Fwp%2Fv2%2Fcomments&post=835777"}],"version-history":[{"count":1,"href":"https:\/\/arantv.az\/index.php?rest_route=\/wp\/v2\/posts\/835777\/revisions"}],"predecessor-version":[{"id":835779,"href":"https:\/\/arantv.az\/index.php?rest_route=\/wp\/v2\/posts\/835777\/revisions\/835779"}],"wp:featuredmedia":[{"embeddable":true,"href":"https:\/\/arantv.az\/index.php?rest_route=\/wp\/v2\/media\/835778"}],"wp:attachment":[{"href":"https:\/\/arantv.az\/index.php?rest_route=%2Fwp%2Fv2%2Fmedia&parent=835777"}],"wp:term":[{"taxonomy":"category","embeddable":true,"href":"https:\/\/arantv.az\/index.php?rest_route=%2Fwp%2Fv2%2Fcategories&post=835777"},{"taxonomy":"post_tag","embeddable":true,"href":"https:\/\/arantv.az\/index.php?rest_route=%2Fwp%2Fv2%2Ftags&post=835777"}],"curies":[{"name":"wp","href":"https:\/\/api.w.org\/{rel}","templated":true}]}}