{"id":835780,"date":"2025-12-04T15:12:29","date_gmt":"2025-12-04T11:12:29","guid":{"rendered":"https:\/\/arantv.az\/?p=835780"},"modified":"2025-12-04T15:12:29","modified_gmt":"2025-12-04T11:12:29","slug":"brussel-baki-il%c9%99-ir%c9%99vanin-arasina-girir-yeni-hiyl%c9%99","status":"publish","type":"post","link":"https:\/\/arantv.az\/?p=835780","title":{"rendered":"Br\u00fcssel Bak\u0131 il\u0259 \u0130r\u0259van\u0131n aras\u0131na girir? &#8211; Yeni hiyl\u0259"},"content":{"rendered":"<h3><strong>Avropa \u0130ttifaq\u0131 s\u00fclh prosesind\u0259 \u201cm\u0259n d\u0259 varam\u201d deyir &#8211; reaksiya<\/strong><\/h3>\n<p><strong>\u201cErm\u0259nistan v\u0259 Az\u0259rbaycan aras\u0131nda s\u00fclh\u00fcn \u0259ld\u0259 olunaca\u011f\u0131na inan\u0131r\u0131q\u201d. Bu bar\u0259d\u0259 Avropa \u0130ttifaq\u0131n\u0131n (A\u0130) geni\u015fl\u0259nm\u0259 \u00fczr\u0259 komissar\u0131 Marta Kos Br\u00fcsseld\u0259 erm\u0259ni jurnalistl\u0259rl\u0259 g\u00f6r\u00fc\u015f\u00fc zaman\u0131 bildirib.<\/strong><\/p>\n<p>Kos vur\u011fulay\u0131b ki, h\u0259m Bak\u0131da Az\u0259rbaycan Prezidenti il\u0259, h\u0259m d\u0259 \u0130r\u0259vanda Erm\u0259nistan r\u0259hb\u0259rliyi il\u0259 apard\u0131\u011f\u0131 dan\u0131\u015f\u0131qlarda m\u00fcsb\u0259t siqnallar al\u0131b: \u201cB\u0259li, Erm\u0259nistan v\u0259 Az\u0259rbaycan aras\u0131nda s\u00fclh\u00fcn \u0259ld\u0259 olunaca\u011f\u0131na inan\u0131r\u0131q. D\u00fc\u015f\u00fcn\u00fcr\u0259m ki, s\u00fclh m\u00fcmk\u00fcnd\u00fcr v\u0259 haz\u0131rda ba\u015f ver\u0259nl\u0259r art\u0131q m\u00fcsb\u0259t istiqam\u0259td\u0259 ir\u0259lil\u0259yi\u015fdir\u201d.<\/p>\n<p>A\u0130 r\u0259smisi son aylarda erm\u0259ni v\u0259 az\u0259rbaycanl\u0131 ekspertl\u0259rin qar\u015f\u0131l\u0131ql\u0131 s\u0259f\u0259rl\u0259rini d\u0259 m\u00fch\u00fcm add\u0131m kimi qiym\u0259tl\u0259ndirib v\u0259 bunun \u0259vv\u0259ll\u0259r m\u00fcmk\u00fcns\u00fcz g\u00f6r\u00fcnd\u00fcy\u00fcn\u00fc xat\u0131rlad\u0131b. Marta Kos h\u0259m\u00e7inin s\u00fclh prosesind\u0259 T\u00fcrkiy\u0259nin rolunu x\u00fcsusi qeyd edib. Onun fikrinc\u0259, AB\u015e-nin i\u015ftirak\u0131 bu prosesi daha geni\u015f regional s\u00fclh\u0259 \u00e7evir\u0259 bil\u0259r&#8221;.<\/p>\n<p><strong>O \u0259lav\u0259 edib ki, m\u0259qs\u0259d Erm\u0259nistan v\u0259 Az\u0259rbaycan\u0131n davaml\u0131 \u015f\u0259kild\u0259 s\u00fclh i\u00e7ind\u0259 ya\u015famas\u0131d\u0131r v\u0259 Avropa \u0130ttifaq\u0131 bunun \u00fc\u00e7\u00fcn b\u00fct\u00fcn s\u0259yl\u0259rini g\u00f6st\u0259rir.<\/strong><\/p>\n<p>Lakin Br\u00fcsselin s\u00fclh \u00fc\u00e7\u00fcn hans\u0131 s\u0259yl\u0259ri var? \u00dcmumiyy\u0259tl\u0259, Bak\u0131 il\u0259 \u0130r\u0259van aras\u0131nda yekun s\u0259n\u0259din imzalanmas\u0131 \u00fc\u00e7\u00fcn A\u0130-nin aktor kimi i\u015ftirak\u0131na ehtiyac g\u00f6r\u00fcnm\u00fcr. Haz\u0131rda s\u00fclh m\u0259tni paraflan\u0131b v\u0259 Erm\u0259nistan\u0131n \u0259razi iddialar\u0131 il\u0259 ba\u011fl\u0131 konstitusiyaya d\u0259yi\u015fiklik etm\u0259si qal\u0131r. Y\u0259ni A\u0130 bu prosesd\u0259 h\u0259r hans\u0131 rol oynaya bilm\u0259z.<\/p>\n<p>Daha \u0259vv\u0259l A\u0130 \u015euras\u0131n\u0131n ke\u00e7mi\u015f prezidenti \u015earl Mi\u015felin vasit\u0259\u00e7iliyi il\u0259 bir ne\u00e7\u0259 g\u00f6r\u00fc\u015f ke\u00e7irilib. Amma Pa\u015finyan\u0131n Praqada imzalad\u0131\u011f\u0131 s\u0259n\u0259d istisna olmaqla, A\u0130 s\u00fclh prosesind\u0259 ciddi bir ir\u0259lil\u0259yi\u015f\u0259 m\u00fcv\u0259ff\u0259q olmad\u0131. \u0130ndiy\u0259 q\u0259d\u0259r \u0259ld\u0259 olunan nailiyy\u0259tl\u0259r s\u0131rf ikit\u0259r\u0259fli dan\u0131\u015f\u0131qlar\u0131n n\u0259tic\u0259sidir.<\/p>\n<p><strong>O halda A\u0130 n\u00fcmay\u0259nd\u0259si hans\u0131 s\u0259yl\u0259rd\u0259n dan\u0131\u015f\u0131r? B\u0259lk\u0259 bununla Q\u0259rb \u00f6z rolunu \u015fi\u015firtm\u0259k v\u0259 piar etm\u0259k ist\u0259yir?<\/strong><\/p>\n<p>\u201cSon g\u00fcnl\u0259r Avropa \u0130ttifaq\u0131 r\u0259smil\u0259rinin Az\u0259rbaycan-Erm\u0259nistan m\u00fcnasib\u0259tl\u0259rin\u0259 dair b\u0259yanatlar\u0131, x\u00fcsusil\u0259 d\u0259 komissar Marta Kosun \u00e7\u0131x\u0131\u015f\u0131 Br\u00fcsselin prosesd\u0259ki rolunu yenid\u0259n g\u00fcnd\u0259m\u0259 g\u0259tirib. Lakin bu yana\u015fma he\u00e7 d\u0259 birm\u0259nal\u0131 qar\u015f\u0131lanmal\u0131 deyil. \u00c7\u00fcnki A\u0130 r\u0259smisi s\u00fclh\u00fcn \u0259ld\u0259 olunaca\u011f\u0131na inam\u0131n\u0131 ifad\u0259 ets\u0259 d\u0259, reall\u0131q ondan ibar\u0259tdir ki, bu g\u00fcn iki \u00f6lk\u0259 aras\u0131nda apar\u0131lan dan\u0131\u015f\u0131qlar\u0131n \u0259sas h\u0259r\u0259k\u0259tverici q\u00fcvv\u0259si m\u0259hz Bak\u0131 v\u0259 \u0130r\u0259van\u0131n birba\u015fa siyasi irad\u0259sidir\u201d.<\/p>\n<p><img src=\"https:\/\/azertag.az\/files\/2022\/3\/1200x630\/16686936691931143022_1200x630.jpg\" alt=\"V\u00fcqar \u0130sk\u0259nd\u0259rov: Az\u0259rbaycan h\u0259r zaman quruculu\u011fa, inki\u015fafa hesablanan  siyas\u0259t h\u0259yata ke\u00e7irib - AZ\u018fRTAC\" \/><\/p>\n<p><strong>Bunu deputat V\u00fcqar \u0130sk\u0259nd\u0259rov deyib.<\/strong><\/p>\n<p>Onun s\u00f6zl\u0259rin\u0259 g\u00f6r\u0259, Avropa \u0130ttifaq\u0131 r\u0259smil\u0259rinin son b\u0259yanatlar\u0131, x\u00fcsusil\u0259 d\u0259 Marta Kosun a\u00e7\u0131qlamas\u0131 bir daha g\u00f6st\u0259rir ki, Br\u00fcssel h\u0259l\u0259 d\u0259 regiondak\u0131 prosesl\u0259rin real mahiyy\u0259tini anlamaqda \u00e7\u0259tinlik \u00e7\u0259kir: \u201cM\u0259n bu fikirl\u0259ri he\u00e7 d\u0259 t\u0259sad\u00fcf\u0259n demir\u0259m. M\u0259s\u0259l\u0259 buras\u0131ndad\u0131r ki, A\u0130 bu g\u00fcn s\u00fclhd\u0259n dan\u0131\u015f\u0131r, \u00f6z\u00fcn\u00fc &#8220;s\u00fclh m\u0259l\u0259yi&#8221; kimi t\u0259qdim edir, lakin 30 il\u0259 yax\u0131n m\u00fcdd\u0259td\u0259 n\u0259 i\u015f\u011fala qar\u015f\u0131 konkret m\u00f6vqe ortaya qoydu, n\u0259 d\u0259 Erm\u0259nistan\u0131 t\u0259cav\u00fcz\u0259 g\u00f6r\u0259 c\u0259zaland\u0131rmaq irad\u0259si g\u00f6st\u0259rdi. B\u0259li, reall\u0131q ondan ibar\u0259tdir ki, A\u0130 m\u00fcnaqi\u015f\u0259 d\u00f6vr\u00fcnd\u0259 tam passivlik n\u00fcmayi\u015f etdirdi. Az\u0259rbaycan torpaqlar\u0131n\u0131n i\u015f\u011fal\u0131, bir milyon insan\u0131n qa\u00e7q\u0131n v\u0259 m\u0259cburi k\u00f6\u00e7k\u00fcn v\u0259ziyy\u0259tin\u0259 d\u00fc\u015fm\u0259si Avropa \u0130ttifaq\u0131n\u0131n siyasi dair\u0259l\u0259ri \u00fc\u00e7\u00fcn he\u00e7 vaxt t\u0259cili m\u0259s\u0259l\u0259 olmad\u0131. Qeyd etdiyim kimi, A\u0130 n\u0259 Erm\u0259nistana t\u0259zyiq etdi, n\u0259 d\u0259 beyn\u0259lxalq h\u00fcququn b\u0259rpas\u0131 \u00fc\u00e7\u00fcn real add\u0131m atd\u0131. Bu g\u00fcn is\u0259 Br\u00fcssel sanki \u201cn\u0259 yo\u011furdum, n\u0259 yapd\u0131m, haz\u0131rca k\u00f6k\u0259 tapd\u0131m\u201d prinsipi il\u0259 h\u0259r\u0259k\u0259t ed\u0259r\u0259k s\u00fclh prosesin\u0259 sonradan qo\u015fulsa da \u00f6z\u00fcn\u00fc ba\u015f rola \u00e7\u0131xarmaq ist\u0259yir&#8221;.<\/p>\n<p>Deputat deyib ki, Az\u0259rbaycan v\u0259 Erm\u0259nistan s\u00fclh sazi\u015fini birba\u015fa dan\u0131\u015f\u0131qlar yolu il\u0259 imzalama\u011fa yax\u0131nd\u0131r: \u201cProsesin b\u00fct\u00fcn ir\u0259lil\u0259yi\u015fl\u0259ri m\u0259hz t\u0259r\u0259fl\u0259rin \u00f6z siyasi irad\u0259si il\u0259 realla\u015f\u0131b. A\u0130 is\u0259 indi ortaya \u00e7\u0131x\u0131b &#8220;m\u0259n d\u0259 varam&#8221; mesaj\u0131 verm\u0259y\u0259 \u00e7al\u0131\u015f\u0131r. Bu, sad\u0259c\u0259, nec\u0259 dey\u0259rl\u0259r, yalan\u00e7\u0131 q\u0259hr\u0259manl\u0131qd\u0131r. Ger\u00e7\u0259k q\u0259hr\u0259manl\u0131q o zaman olard\u0131 ki, Br\u00fcssel i\u015f\u011fal d\u00f6vr\u00fcnd\u0259 Erm\u0259nistana t\u0259zyiq g\u00f6st\u0259r\u0259r, i\u015f\u011fal\u00e7\u0131 il\u0259 i\u015f\u011fala m\u0259ruz qalan\u0131 eyni s\u0259viyy\u0259d\u0259 tutmazd\u0131&#8221;.<\/p>\n<p><strong>V.\u0130sk\u0259nd\u0259rov bildirib ki, \u0259slind\u0259 A\u0130-nin 30 il boyunca i\u015f\u011fal reall\u0131\u011f\u0131n\u0131 g\u00f6rm\u0259m\u0259zliy\u0259 vurub, indi s\u00fclh prosesind\u0259n siyasi dividentl\u0259r qazanmaq ist\u0259yi anla\u015f\u0131lmazl\u0131q yaratm\u0131r:<\/strong>\u00a0\u201cBu, Q\u0259rbin b\u0259zi dair\u0259l\u0259rinin regiona m\u00fcnasib\u0259td\u0259 uzun ill\u0259rdir davam ed\u0259n qeyri-obyektiv siyas\u0259tinin n\u00f6vb\u0259ti t\u0259zah\u00fcr\u00fcd\u00fcr. \u00dcst\u0259lik, A\u0130-nin bu m\u0259rh\u0259l\u0259d\u0259 s\u00fclh prosesin\u0259 mane olmayaca\u011f\u0131n\u0131n da z\u0259man\u0259ti yoxdur. \u00c7\u00fcnki bu qurum uzun ill\u0259r boyu i\u015f\u011fal\u00e7\u0131 il\u0259 i\u015f\u011fala m\u0259ruz qalan\u0131 eyni tutmaqla, \u0259slind\u0259 m\u00fcnaqi\u015f\u0259nin davam\u0131na \u015f\u0259rait yaradan m\u00f6vqe s\u0259rgil\u0259yib. Az\u0259rbaycan \u00fc\u00e7\u00fcn \u0259sas olan real s\u00fclh\u00fcn b\u0259rq\u0259rar olmas\u0131d\u0131r &#8211; A\u0130-nin siyasi piar c\u0259hdl\u0259ri yox. Y\u0259ni Br\u00fcsselin sonradan proses\u0259 qo\u015fularaq \u00f6z rolunu \u015fi\u015firtm\u0259si is\u0259 sad\u0259c\u0259 yeni bir geosiyasi hiyl\u0259 t\u0259\u0259ss\u00fcrat\u0131 yarad\u0131r\u201d.<\/p>\n<p><img src=\"https:\/\/hafta.az\/photos\/2025\/07\/resad-1752238744.jpg\" alt=\"R\u0259\u015fad Bayramov: \u201cBu dan\u0131\u015f\u0131qlar prosesi maraqlar\u0131m\u0131za cavab ver\u0259n add\u0131mlar\u0131  \u00f6z\u00fcnd\u0259 \u015f\u0259rtl\u0259ndirir\u201d | Hafta.az\" \/><\/p>\n<p><strong>R\u0259\u015fad Bayramov<\/strong><\/p>\n<p><strong>AM\u0130P Ali M\u0259clisinin s\u0259dri, politoloq R\u0259\u015fad Bayramov qeyd etdi ki, Avropa \u0130ttifaq\u0131n\u0131n geni\u015fl\u0259nm\u0259 \u00fczr\u0259 komissar\u0131 Marta Kosun Br\u00fcsseld\u0259 erm\u0259ni jurnalistl\u0259rl\u0259 g\u00f6r\u00fc\u015f\u00fcnd\u0259 verdiyi a\u00e7\u0131qlamalar h\u0259r n\u0259 q\u0259d\u0259r regionda dialoqu t\u0259\u015fviq ed\u0259n diplomatik mesaj kimi g\u00f6r\u00fcns\u0259 d\u0259, reall\u0131q odur ki, Az\u0259rbaycan v\u0259 Erm\u0259nistan aras\u0131ndak\u0131 s\u00fclh prosesind\u0259 A\u0130 art\u0131q h\u0259r hans\u0131 bir paya malik deyil:<\/strong>\u00a0\u201cKos Bak\u0131da Az\u0259rbaycan v\u0259 \u0130r\u0259vanda Erm\u0259nistan r\u0259hb\u0259rliyi il\u0259 ke\u00e7irdiyi g\u00f6r\u00fc\u015fl\u0259ri qeyd ed\u0259r\u0259k s\u00fclh prossesind\u0259 A\u0130-nin regional aktor kimi i\u015ftirak\u0131n\u0131 qabartma\u011fa c\u0259hd edir. Lakin fakt ondan ibar\u0259tdir ki, A\u0130-nin yekun s\u00fclh sazi\u015fi \u00fc\u00e7\u00fcn konkret t\u0259sir imkanlar\u0131 m\u0259hduddur. \u0130kincisi, Kosun qeyd etdiyi ekspert m\u00fcbadil\u0259si v\u0259 qar\u015f\u0131l\u0131ql\u0131 s\u0259f\u0259rl\u0259r vasit\u0259sil\u0259 etimad\u0131n b\u0259rpas\u0131 istiqam\u0259tind\u0259 at\u0131lan add\u0131mlar da A\u0130-nin t\u0259\u015f\u0259bb\u00fcs\u00fc il\u0259 ba\u015f ver\u0259n prosses deyil. V\u0259 \u00fcmumiyy\u0259tl\u0259, v\u0259t\u0259nda\u015f c\u0259miyy\u0259ti t\u0259msil\u00e7il\u0259rinin qar\u015f\u0131l\u0131ql\u0131 s\u0259f\u0259rl\u0259ri s\u00fclh prosesin\u0259 dolay\u0131s\u0131 il\u0259 d\u0259st\u0259k vers\u0259 d\u0259, yekun sazi\u015fin imzalanmas\u0131na birba\u015fa yol a\u00e7m\u0131r. Kosun a\u00e7\u0131qlamas\u0131ndan o da m\u0259lum olur ki, A\u0130 regional v\u0259 beyn\u0259lxalq aktorlarla koordinasiyan\u0131 g\u00fccl\u0259ndirm\u0259y\u0259 \u00e7al\u0131\u015f\u0131r. T\u00fcrkiy\u0259 v\u0259 AB\u015e-nin rolunun x\u00fcsusil\u0259 qeyd edilm\u0259si bunun \u0259yani s\u00fcbutudur.<\/p>\n<p><strong>Real v\u0259ziyy\u0259t g\u00f6st\u0259rir ki, A\u0130-nin t\u0259sir imkanlar\u0131 faktiki olaraq m\u0259hduddur. 8 avqust Va\u015finqton g\u00f6r\u00fc\u015f\u00fcnd\u0259 s\u00fclh sazi\u015finin m\u0259tni art\u0131q paraflan\u0131b v\u0259 yekun t\u0259sdiq \u00fc\u00e7\u00fcn Erm\u0259nistan\u0131n konstitusiyas\u0131nda d\u0259yi\u015fiklik etm\u0259si t\u0259l\u0259b olunur. Bu m\u0259rh\u0259l\u0259 is\u0259 A\u0130-nin t\u0259sirind\u0259n k\u0259nard\u0131r. \u00dcmumiyy\u0259tl\u0259 is\u0259 ke\u00e7mi\u015fd\u0259 \u015earl Mi\u015felin vasit\u0259\u00e7iliyi il\u0259 ke\u00e7iril\u0259n g\u00f6r\u00fc\u015fl\u0259r d\u0259 s\u00fclh\u00fcn \u0259ld\u0259 olunmas\u0131 \u00fc\u00e7\u00fcn yekun n\u0259tic\u0259 yaratmay\u0131b. \u018fld\u0259 olunan nailiyy\u0259tl\u0259r \u0259sas\u0259n ikit\u0259r\u0259fli dan\u0131\u015f\u0131qlar v\u0259 AB\u015e vasit\u0259\u00e7iliyi n\u0259tic\u0259sind\u0259 ba\u015f verib.<\/strong><\/p>\n<p>Odur ki, Kosun a\u00e7\u0131qlamas\u0131n\u0131n motivl\u0259ri bir ne\u00e7\u0259 aspektd\u0259n izah oluna bil\u0259r. Diplomatik bax\u0131mdan, A\u0130 rolunu qorumaq v\u0259 regiondak\u0131 aktorlarla dialoqu davam etdirm\u0259k ist\u0259yir. Eyni zamanda bel\u0259 a\u00e7\u0131qlamalar t\u0259r\u0259fl\u0259r\u0259 v\u0259 region ictimaiyy\u0259tin\u0259 mesaj verir ki, beyn\u0259lxalq d\u0259st\u0259k m\u00f6vcuddur v\u0259 proses yaln\u0131z ikit\u0259r\u0259fli deyil. Dig\u0259r t\u0259r\u0259fd\u0259n, bu, Q\u0259rbin geosiyasi rolunu \u015fi\u015fird\u0259n v\u0259 m\u00f6vqeyini g\u00fccl\u0259ndir\u0259n kommunikasiya strategiyas\u0131 kimi d\u0259 qiym\u0259tl\u0259ndiril\u0259 bil\u0259r.<\/p>\n<p>N\u0259tic\u0259d\u0259 Marta Kosun a\u00e7\u0131qlamalar\u0131 A\u0130-nin s\u00fclh prosesin\u0259 d\u0259st\u0259yi v\u0259 m\u00f6vqeyini n\u00fcmayi\u015f etdirm\u0259k bax\u0131m\u0131ndan m\u00fcsb\u0259t olsa da, yekun n\u0259tic\u0259l\u0259r daha \u00e7ox t\u0259r\u0259fl\u0259rin \u00f6z irad\u0259sin\u0259 v\u0259 AB\u015e-nin Erm\u0259nstan\u0131n g\u00f6t\u00fcrd\u00fcy\u00fc \u00f6hd\u0259likl\u0259ri yerin\u0259 yetirm\u0259si \u00fc\u00e7\u00fcn t\u0259zyiql\u0259rin\u0259 ba\u011fl\u0131d\u0131r&#8221;.<\/p>\n<p><strong>Cavan\u015fir ABBASLI,<\/strong><br \/>\n<strong>\u201cYeni M\u00fcsavat\u201d<\/strong><\/p>\n","protected":false},"excerpt":{"rendered":"<p>Avropa \u0130ttifaq\u0131 s\u00fclh prosesind\u0259 \u201cm\u0259n d\u0259 varam\u201d deyir &#8211; reaksiya \u201cErm\u0259nistan v\u0259 Az\u0259rbaycan aras\u0131nda s\u00fclh\u00fcn \u0259ld\u0259 olunaca\u011f\u0131na inan\u0131r\u0131q\u201d. Bu bar\u0259d\u0259 Avropa \u0130ttifaq\u0131n\u0131n (A\u0130) geni\u015fl\u0259nm\u0259 \u00fczr\u0259 komissar\u0131 Marta Kos Br\u00fcsseld\u0259 erm\u0259ni jurnalistl\u0259rl\u0259 g\u00f6r\u00fc\u015f\u00fc zaman\u0131 bildirib. Kos vur\u011fulay\u0131b ki, h\u0259m Bak\u0131da Az\u0259rbaycan Prezidenti il\u0259, h\u0259m d\u0259 \u0130r\u0259vanda Erm\u0259nistan r\u0259hb\u0259rliyi il\u0259 apard\u0131\u011f\u0131 dan\u0131\u015f\u0131qlarda m\u00fcsb\u0259t siqnallar al\u0131b: \u201cB\u0259li, Erm\u0259nistan v\u0259 Az\u0259rbaycan aras\u0131nda s\u00fclh\u00fcn \u0259ld\u0259 olunaca\u011f\u0131na inan\u0131r\u0131q. D\u00fc\u015f\u00fcn\u00fcr\u0259m ki, s\u00fclh m\u00fcmk\u00fcnd\u00fcr v\u0259 haz\u0131rda ba\u015f ver\u0259nl\u0259r art\u0131q m\u00fcsb\u0259t istiqam\u0259td\u0259 ir\u0259lil\u0259yi\u015fdir\u201d. A\u0130 r\u0259smisi son aylarda erm\u0259ni v\u0259 az\u0259rbaycanl\u0131 ekspertl\u0259rin qar\u015f\u0131l\u0131ql\u0131 s\u0259f\u0259rl\u0259rini d\u0259 m\u00fch\u00fcm add\u0131m kimi qiym\u0259tl\u0259ndirib v\u0259&hellip;<\/p>\n","protected":false},"author":2,"featured_media":835781,"comment_status":"closed","ping_status":"closed","sticky":false,"template":"","format":"standard","meta":{"om_disable_all_campaigns":false,"_monsterinsights_skip_tracking":false,"_monsterinsights_sitenote_active":false,"_monsterinsights_sitenote_note":"","_monsterinsights_sitenote_category":0},"categories":[19],"tags":[],"aioseo_notices":[],"gutentor_comment":0,"rttpg_featured_image_url":{"full":["https:\/\/arantv.az\/wp-content\/uploads\/2025\/12\/152b55ae3e0681dd1318d0720725fbd2.jpg",870,500,false],"landscape":["https:\/\/arantv.az\/wp-content\/uploads\/2025\/12\/152b55ae3e0681dd1318d0720725fbd2.jpg",870,500,false],"portraits":["https:\/\/arantv.az\/wp-content\/uploads\/2025\/12\/152b55ae3e0681dd1318d0720725fbd2.jpg",870,500,false],"thumbnail":["https:\/\/arantv.az\/wp-content\/uploads\/2025\/12\/152b55ae3e0681dd1318d0720725fbd2-500x280.jpg",500,280,true],"medium":["https:\/\/arantv.az\/wp-content\/uploads\/2025\/12\/152b55ae3e0681dd1318d0720725fbd2-635x365.jpg",635,365,true],"large":["https:\/\/arantv.az\/wp-content\/uploads\/2025\/12\/152b55ae3e0681dd1318d0720725fbd2-840x483.jpg",640,368,true],"1536x1536":["https:\/\/arantv.az\/wp-content\/uploads\/2025\/12\/152b55ae3e0681dd1318d0720725fbd2.jpg",870,500,false],"2048x2048":["https:\/\/arantv.az\/wp-content\/uploads\/2025\/12\/152b55ae3e0681dd1318d0720725fbd2.jpg",870,500,false],"post-thumbnail":["https:\/\/arantv.az\/wp-content\/uploads\/2025\/12\/152b55ae3e0681dd1318d0720725fbd2-240x172.jpg",240,172,true],"advps-thumb-one":["https:\/\/arantv.az\/wp-content\/uploads\/2025\/12\/152b55ae3e0681dd1318d0720725fbd2.jpg",870,500,false]},"rttpg_author":{"display_name":"V\u00fcsal Rafiqo\u011flu","author_link":"https:\/\/arantv.az\/?author=2"},"rttpg_comment":0,"rttpg_category":"<a href=\"https:\/\/arantv.az\/?cat=19\" rel=\"category\">G\u00fcnd\u0259m<\/a>","rttpg_excerpt":"Avropa \u0130ttifaq\u0131 s\u00fclh prosesind\u0259 \u201cm\u0259n d\u0259 varam\u201d deyir &#8211; reaksiya \u201cErm\u0259nistan v\u0259 Az\u0259rbaycan aras\u0131nda s\u00fclh\u00fcn \u0259ld\u0259 olunaca\u011f\u0131na inan\u0131r\u0131q\u201d. Bu bar\u0259d\u0259 Avropa \u0130ttifaq\u0131n\u0131n (A\u0130) geni\u015fl\u0259nm\u0259 \u00fczr\u0259 komissar\u0131 Marta Kos Br\u00fcsseld\u0259 erm\u0259ni jurnalistl\u0259rl\u0259 g\u00f6r\u00fc\u015f\u00fc zaman\u0131 bildirib. Kos vur\u011fulay\u0131b ki, h\u0259m Bak\u0131da Az\u0259rbaycan Prezidenti il\u0259, h\u0259m d\u0259 \u0130r\u0259vanda Erm\u0259nistan r\u0259hb\u0259rliyi il\u0259 apard\u0131\u011f\u0131 dan\u0131\u015f\u0131qlarda m\u00fcsb\u0259t siqnallar al\u0131b: \u201cB\u0259li, Erm\u0259nistan&hellip;","_links":{"self":[{"href":"https:\/\/arantv.az\/index.php?rest_route=\/wp\/v2\/posts\/835780"}],"collection":[{"href":"https:\/\/arantv.az\/index.php?rest_route=\/wp\/v2\/posts"}],"about":[{"href":"https:\/\/arantv.az\/index.php?rest_route=\/wp\/v2\/types\/post"}],"author":[{"embeddable":true,"href":"https:\/\/arantv.az\/index.php?rest_route=\/wp\/v2\/users\/2"}],"replies":[{"embeddable":true,"href":"https:\/\/arantv.az\/index.php?rest_route=%2Fwp%2Fv2%2Fcomments&post=835780"}],"version-history":[{"count":1,"href":"https:\/\/arantv.az\/index.php?rest_route=\/wp\/v2\/posts\/835780\/revisions"}],"predecessor-version":[{"id":835782,"href":"https:\/\/arantv.az\/index.php?rest_route=\/wp\/v2\/posts\/835780\/revisions\/835782"}],"wp:featuredmedia":[{"embeddable":true,"href":"https:\/\/arantv.az\/index.php?rest_route=\/wp\/v2\/media\/835781"}],"wp:attachment":[{"href":"https:\/\/arantv.az\/index.php?rest_route=%2Fwp%2Fv2%2Fmedia&parent=835780"}],"wp:term":[{"taxonomy":"category","embeddable":true,"href":"https:\/\/arantv.az\/index.php?rest_route=%2Fwp%2Fv2%2Fcategories&post=835780"},{"taxonomy":"post_tag","embeddable":true,"href":"https:\/\/arantv.az\/index.php?rest_route=%2Fwp%2Fv2%2Ftags&post=835780"}],"curies":[{"name":"wp","href":"https:\/\/api.w.org\/{rel}","templated":true}]}}