{"id":835783,"date":"2025-12-04T15:13:20","date_gmt":"2025-12-04T11:13:20","guid":{"rendered":"https:\/\/arantv.az\/?p=835783"},"modified":"2025-12-04T15:13:20","modified_gmt":"2025-12-04T11:13:20","slug":"pasinyan-3-sabiq-prezidenti-m%c9%99zara-gomur-revansistl%c9%99r-%c9%99ndis%c9%99d%c9%99","status":"publish","type":"post","link":"https:\/\/arantv.az\/?p=835783","title":{"rendered":"Pa\u015finyan 3 sabiq prezidenti \u201cm\u0259zara g\u00f6m\u00fcr\u201d &#8211; revan\u015fistl\u0259r \u0259ndi\u015f\u0259d\u0259&#8230;"},"content":{"rendered":"<div class=\"text-content\" data-id=\"\" data-url=\"\">\n<p><strong>Erm\u0259nistanda ba\u015f nazir Nikol Pa\u015finyan\u0131n Az\u0259rbaycan t\u0259r\u0259fin haz\u0131rlad\u0131\u011f\u0131 s\u00fclh sazi\u015fin\u0259 adekvat davranmas\u0131 \u00f6lk\u0259 daxilind\u0259 siyasi g\u0259rginliyi art\u0131rmaqdad\u0131r. Revan\u015fist q\u00fcvv\u0259l\u0259r v\u0259 onlar\u0131n xaricd\u0259ki havadarlar\u0131n\u0131n yuxular\u0131 \u0259r\u015f\u0259 \u00e7\u0259kilib. \u00c7\u00fcnki, g\u00f6r\u00fcrl\u0259r ki, erm\u0259ni c\u0259miyy\u0259ti d\u0259 s\u00fclh ist\u0259yir, onlar art\u0131q Az\u0259rbaycan v\u0259 T\u00fcrkiy\u0259 il\u0259 d\u00fc\u015fm\u0259n m\u00fcnasib\u0259tl\u0259rd\u0259 olduqlar\u0131, s\u0259rh\u0259dl\u0259r ba\u011fl\u0131 qald\u0131\u011f\u0131 s\u00fcr\u0259cd\u0259 \u00f6lk\u0259l\u0259rinin g\u0259l\u0259c\u0259k inki\u015faf\u0131n\u0131 g\u00f6rm\u00fcrl\u0259r.<\/strong><\/p>\n<p>Qeyd ed\u0259k ki, g\u0259l\u0259n ilin iyununda Erm\u0259nistanda parlament se\u00e7kil\u0259ri ke\u00e7iril\u0259c\u0259k. \u201cQaraba\u011f klan\u0131\u201dn\u0131n \u0259sas h\u0259d\u0259fi bu se\u00e7kil\u0259rd\u0259 Pa\u015finyan\u0131 iqtidardan devirm\u0259kdir. Amma bunun \u00fc\u00e7\u00fcn revan\u015fistl\u0259r \u00f6nc\u0259likl\u0259 erm\u0259ni ba\u015f naziri m\u0259\u011flub lider kimi ictimaiyy\u0259tin g\u00f6z\u00fcnd\u0259n salmal\u0131d\u0131rlar. Buna is\u0259 nail ola bilmirl\u0259r. Pa\u015finyan\u0131n &#8220;kapitulyant&#8221;, &#8220;x\u0259yan\u0259tkar&#8221; obraz\u0131n\u0131 g\u00fcnd\u0259md\u0259 saxlamaq c\u0259hdl\u0259ri he\u00e7 n\u0259tic\u0259 vermir.<\/p>\n<p>\u018fv\u0259zind\u0259 erm\u0259ni ba\u015f nazir m\u00fcharib\u0259d\u0259 \u00f6z\u00fcn\u00fcn deyil, el\u0259 h\u0259min revan\u015fistl\u0259rin-ke\u00e7mi\u015f prezidentl\u0259r Levon Ter-Petrosyan, Robert K\u00f6\u00e7\u0259ryan v\u0259 Serj S\u0259rkisyan\u0131n m\u0259\u011flub oldu\u011funu s\u00fcbut etm\u0259k \u00fc\u00e7\u00fcn ciddi s\u0259yl\u0259r g\u00f6st\u0259rir.<\/p>\n<p><strong>\u018fdal\u0259t, H\u00fcquq, Demokratiya (\u018fHD) Partiyas\u0131 \u0130dar\u0259 Hey\u0259tinin \u00fczv\u00fc, siyasi \u015f\u0259rh\u00e7i \u018fli Z\u00fclf\u00fcqaro\u011flu Musavat.com-a a\u00e7\u0131qlamas\u0131nda bildirib ki, Erm\u0259nistan ba\u015f nazirinin dan\u0131\u015f\u0131qlar prosesi il\u0259 ba\u011fl\u0131 s\u0259n\u0259dl\u0259ri a\u00e7\u0131qlamas\u0131 Erm\u0259nistan daxilind\u0259 revan\u015fistl\u0259r\u0259 z\u0259rb\u0259 vurulmas\u0131na hesablan\u0131b:<\/strong><\/p>\n<p><strong><img loading=\"lazy\" src=\"https:\/\/cdn.musavat.com\/news\/thumbnails\/40b4a2f0cbe15801d3b71676c97d0dc3.jpg\" alt=\"WhatsApp Image 2025-12-04 at 14.53.33.jpeg (70 KB)\" width=\"700\" height=\"455\" \/><\/strong><\/p>\n<p>\u201cSe\u00e7kil\u0259r yax\u0131nla\u015fd\u0131qca kils\u0259 v\u0259 revan\u015fist siyasi q\u00fcvv\u0259l\u0259r Rusiyan\u0131n g\u00f6st\u0259ri\u015fi il\u0259 h\u00f6kum\u0259ti g\u00f6zd\u0259n salma\u011fa y\u00f6n\u0259lik add\u0131mlar at\u0131r v\u0259 qara piar kampaniyas\u0131 apar\u0131rlar. \u018fn g\u00fccl\u00fc \u201carqumentl\u0259ri\u201d is\u0259 onlar\u0131n i\u015f\u011fal etdiyi Az\u0259rbaycan \u0259razil\u0259rinin Pa\u015finyan d\u00f6n\u0259mind\u0259 Az\u0259rbaycan ordusu t\u0259r\u0259find\u0259n i\u015f\u011faldan azad edilm\u0259sidir. Revan\u015fistl\u0259r Pa\u015finyan\u0131 d\u00f6vl\u0259t\u0259 x\u0259yan\u0259td\u0259 ittiham ed\u0259r\u0259k, Az\u0259rbaycana m\u0259\u011flubiyy\u0259t m\u0259s\u0259l\u0259sini qabard\u0131r v\u0259 bu faktor \u00fcz\u0259rind\u0259n ictimai d\u0259st\u0259k qazanma\u011fa \u00e7al\u0131\u015f\u0131rlar. T\u0259bii ki, Rusiyan\u0131n prosesd\u0259 p\u0259rd\u0259arxas\u0131 i\u015ftirak\u0131 il\u0259\u201d.<\/p>\n<p>Siyasi \u015f\u0259rh\u00e7i \u0259lav\u0259 edib ki, \u0259lb\u0259tt\u0259, s\u00fclh dan\u0131\u015f\u0131qlar\u0131 il\u0259 ba\u011fl\u0131 s\u0259n\u0259dl\u0259rin ictimail\u0259\u015fdirilm\u0259si diplomatik etiket qaydalar\u0131na zidd olsa da, Az\u0259rbaycan bundan he\u00e7 bir halda narahat ola bilm\u0259z: \u201cOna g\u00f6r\u0259 ki, dan\u0131\u015fqlar prosesind\u0259 Az\u0259rbaycan milli maraqlardan \u00e7\u0131x\u0131\u015f edib ki, bu da eyni zamanda beyn\u0259lxalq h\u00fcququn t\u0259l\u0259bl\u0259rin\u0259 cavab ver\u0259n v\u0259 \u0259dal\u0259ti \u00f6z\u00fcnd\u0259 ehtiva ed\u0259n yana\u015fmad\u0131r. \u018fsas m\u0259qam is\u0259 revan\u015fistl\u0259rin uzun ill\u0259r \u0259rzind\u0259 dan\u0131\u015f\u0131qlar prosesind\u0259 he\u00e7 bir \u00fcst\u00fcnl\u00fcy\u0259 malik olmamas\u0131 v\u0259 Az\u0259rbaycan\u0131n prinsipial m\u00f6vqeyinin h\u0259lledici olmas\u0131 il\u0259 ba\u011fl\u0131d\u0131r. Y\u0259ni, Pa\u015finyan s\u0259n\u0259dl\u0259ri yaymaqla c\u0259miyy\u0259t\u0259 g\u00f6st\u0259rm\u0259y\u0259 \u00e7al\u0131\u015f\u0131r ki, revan\u015fist q\u00fcvv\u0259l\u0259r bu ill\u0259r \u0259rzind\u0259 he\u00e7 bir diplomatik \u00fcst\u00fcnl\u00fck \u0259ld\u0259 ed\u0259 bilm\u0259yibl\u0259r v\u0259 b\u00fct\u00fcn diplomatik platformalarda m\u0259\u011flubiyy\u0259tl\u0259 \u00fczl\u0259\u015fibl\u0259r. Pa\u015finyan bununla da revan\u015fistl\u0259rin son kartlar\u0131n\u0131 da neytralla\u015fd\u0131rma\u011fa \u00e7al\u0131\u015f\u0131r\u201d.<\/p>\n<p>\u018fli Z\u00fclf\u00fcqaro\u011flu diqq\u0259t\u0259 \u00e7atd\u0131r\u0131b ki, Pa\u015finyan\u0131n arqumenti ona g\u00f6r\u0259 g\u00fccl\u00fcd\u00fcr ki, Erm\u0259nistan\u0131n r\u00fcsvay\u00e7\u0131 m\u0259\u011flubiyy\u0259tinin \u0259sl s\u0259b\u0259bkarlar\u0131n\u0131n revan\u015fistl\u0259r olmas\u0131 il\u0259 ba\u011fl\u0131 fikirl\u0259r h\u0259qiq\u0259t\u0259 s\u00f6yk\u0259nir: \u201c\u00c7\u00fcnki Erm\u0259nistan Az\u0259rbaycan torpaqlar\u0131n\u0131 i\u015f\u011fal etm\u0259kl\u0259 v\u0259 az\u0259rbaycanl\u0131lara qar\u015f\u0131 soyq\u0131r\u0131m akt\u0131 t\u00f6r\u0259tm\u0259kl\u0259 r\u00fcsvay\u00e7\u0131 m\u0259\u011flubiyy\u0259tl\u0259rinin \u0259sas\u0131n\u0131 qoymu\u015fdular. Bu g\u00fcn Erm\u0259nistan\u0131n Az\u0259rbaycan qar\u015f\u0131s\u0131nda diz \u00e7\u00f6km\u0259sinin s\u0259b\u0259bi ilk n\u00f6vb\u0259d\u0259 Az\u0259rbaycan torpaqlar\u0131n\u0131n i\u015f\u011fal\u0131n\u0131n m\u00fc\u0259llifl\u0259ri olan v\u0259 az\u0259rbaycanl\u0131lara qar\u015f\u0131 a\u011f\u0131r cinay\u0259tl\u0259r t\u00f6r\u0259d\u0259n revan\u015fistl\u0259rdir. Az\u0259rbaycan bu q\u00fcvv\u0259l\u0259r ba\u015fda olmaqla b\u00fct\u00f6vl\u00fckd\u0259 Erm\u0259nistan\u0131 v\u0259 onlar\u0131n d\u0259st\u0259k\u00e7il\u0259rini m\u0259\u011flub etdi. Pa\u015finyan is\u0259 Erm\u0259nistan\u0131 revan\u015fistl\u0259rin m\u00fc\u0259llifi oldu\u011fu da\u011f\u0131nt\u0131lardan xilas etm\u0259y\u0259 v\u0259 normal d\u00f6vl\u0259t\u0259 \u00e7evirm\u0259y\u0259 \u00e7al\u0131\u015f\u0131r. Onun ictimai d\u0259st\u0259k qazanmas\u0131 is\u0259 revan\u015fistl\u0259ri narahat edir. Ona g\u00f6r\u0259 d\u0259 Rusiyan\u0131n d\u0259st\u0259yi il\u0259 Erm\u0259nistan\u0131n d\u00f6vl\u0259t maraqlar\u0131n\u0131 qurban ver\u0259r\u0259k, \u00f6z hakimiyy\u0259tl\u0259rini formala\u015fd\u0131rma\u011fa \u00e7al\u0131\u015f\u0131rlar. Amma art\u0131q gecdir, b\u00f6lg\u0259d\u0259 Az\u0259rbaycan\u0131n yaratd\u0131\u011f\u0131 yeni geosiyasi reall\u0131qlar var. Pa\u015finyan da bunu d\u0259rk edir v\u0259 Az\u0259rbaycanla hesabla\u015faraq, T\u00fcrkiy\u0259 il\u0259 m\u00fcnasib\u0259tl\u0259rini d\u0259 normalla\u015fd\u0131rmaqla Avropa bazarlar\u0131na yol a\u00e7ma\u011fa \u00e7al\u0131\u015f\u0131r. Hesab edir\u0259m ki, revan\u015fistl\u0259r n\u00f6vb\u0259ti ild\u0259 d\u0259 a\u011f\u0131r m\u0259\u011flubiyy\u0259t\u0259 u\u011frayacaqlar\u201d.<\/p>\n<p><strong>Cavan\u015fir ABBASLI<\/strong><br \/>\n<strong>Musavat.com<\/strong><\/p>\n<\/div>\n<div><\/div>\n<div><\/div>\n<div class=\"inner-social-box\">\n<div class=\"subs-in-social subs-whatsapp\"><\/div>\n<\/div>\n","protected":false},"excerpt":{"rendered":"<p>Erm\u0259nistanda ba\u015f nazir Nikol Pa\u015finyan\u0131n Az\u0259rbaycan t\u0259r\u0259fin haz\u0131rlad\u0131\u011f\u0131 s\u00fclh sazi\u015fin\u0259 adekvat davranmas\u0131 \u00f6lk\u0259 daxilind\u0259 siyasi g\u0259rginliyi art\u0131rmaqdad\u0131r. Revan\u015fist q\u00fcvv\u0259l\u0259r v\u0259 onlar\u0131n xaricd\u0259ki havadarlar\u0131n\u0131n yuxular\u0131 \u0259r\u015f\u0259 \u00e7\u0259kilib. \u00c7\u00fcnki, g\u00f6r\u00fcrl\u0259r ki, erm\u0259ni c\u0259miyy\u0259ti d\u0259 s\u00fclh ist\u0259yir, onlar art\u0131q Az\u0259rbaycan v\u0259 T\u00fcrkiy\u0259 il\u0259 d\u00fc\u015fm\u0259n m\u00fcnasib\u0259tl\u0259rd\u0259 olduqlar\u0131, s\u0259rh\u0259dl\u0259r ba\u011fl\u0131 qald\u0131\u011f\u0131 s\u00fcr\u0259cd\u0259 \u00f6lk\u0259l\u0259rinin g\u0259l\u0259c\u0259k inki\u015faf\u0131n\u0131 g\u00f6rm\u00fcrl\u0259r. Qeyd ed\u0259k ki, g\u0259l\u0259n ilin iyununda Erm\u0259nistanda parlament se\u00e7kil\u0259ri ke\u00e7iril\u0259c\u0259k. \u201cQaraba\u011f klan\u0131\u201dn\u0131n \u0259sas h\u0259d\u0259fi bu se\u00e7kil\u0259rd\u0259 Pa\u015finyan\u0131 iqtidardan devirm\u0259kdir. Amma bunun \u00fc\u00e7\u00fcn revan\u015fistl\u0259r \u00f6nc\u0259likl\u0259 erm\u0259ni ba\u015f naziri m\u0259\u011flub lider kimi ictimaiyy\u0259tin g\u00f6z\u00fcnd\u0259n salmal\u0131d\u0131rlar. Buna is\u0259 nail ola bilmirl\u0259r. Pa\u015finyan\u0131n&hellip;<\/p>\n","protected":false},"author":2,"featured_media":835784,"comment_status":"closed","ping_status":"closed","sticky":false,"template":"","format":"standard","meta":{"om_disable_all_campaigns":false,"_monsterinsights_skip_tracking":false,"_monsterinsights_sitenote_active":false,"_monsterinsights_sitenote_note":"","_monsterinsights_sitenote_category":0},"categories":[4],"tags":[],"aioseo_notices":[],"gutentor_comment":0,"rttpg_featured_image_url":{"full":["https:\/\/arantv.az\/wp-content\/uploads\/2025\/12\/36d22d4d31024606705188aaa330bbce.jpg",850,500,false],"landscape":["https:\/\/arantv.az\/wp-content\/uploads\/2025\/12\/36d22d4d31024606705188aaa330bbce.jpg",850,500,false],"portraits":["https:\/\/arantv.az\/wp-content\/uploads\/2025\/12\/36d22d4d31024606705188aaa330bbce.jpg",850,500,false],"thumbnail":["https:\/\/arantv.az\/wp-content\/uploads\/2025\/12\/36d22d4d31024606705188aaa330bbce-500x280.jpg",500,280,true],"medium":["https:\/\/arantv.az\/wp-content\/uploads\/2025\/12\/36d22d4d31024606705188aaa330bbce-621x365.jpg",621,365,true],"large":["https:\/\/arantv.az\/wp-content\/uploads\/2025\/12\/36d22d4d31024606705188aaa330bbce-840x494.jpg",640,376,true],"1536x1536":["https:\/\/arantv.az\/wp-content\/uploads\/2025\/12\/36d22d4d31024606705188aaa330bbce.jpg",850,500,false],"2048x2048":["https:\/\/arantv.az\/wp-content\/uploads\/2025\/12\/36d22d4d31024606705188aaa330bbce.jpg",850,500,false],"post-thumbnail":["https:\/\/arantv.az\/wp-content\/uploads\/2025\/12\/36d22d4d31024606705188aaa330bbce-240x172.jpg",240,172,true],"advps-thumb-one":["https:\/\/arantv.az\/wp-content\/uploads\/2025\/12\/36d22d4d31024606705188aaa330bbce.jpg",850,500,false]},"rttpg_author":{"display_name":"V\u00fcsal Rafiqo\u011flu","author_link":"https:\/\/arantv.az\/?author=2"},"rttpg_comment":0,"rttpg_category":"<a href=\"https:\/\/arantv.az\/?cat=4\" rel=\"category\">Siyas\u0259t<\/a>","rttpg_excerpt":"Erm\u0259nistanda ba\u015f nazir Nikol Pa\u015finyan\u0131n Az\u0259rbaycan t\u0259r\u0259fin haz\u0131rlad\u0131\u011f\u0131 s\u00fclh sazi\u015fin\u0259 adekvat davranmas\u0131 \u00f6lk\u0259 daxilind\u0259 siyasi g\u0259rginliyi art\u0131rmaqdad\u0131r. Revan\u015fist q\u00fcvv\u0259l\u0259r v\u0259 onlar\u0131n xaricd\u0259ki havadarlar\u0131n\u0131n yuxular\u0131 \u0259r\u015f\u0259 \u00e7\u0259kilib. \u00c7\u00fcnki, g\u00f6r\u00fcrl\u0259r ki, erm\u0259ni c\u0259miyy\u0259ti d\u0259 s\u00fclh ist\u0259yir, onlar art\u0131q Az\u0259rbaycan v\u0259 T\u00fcrkiy\u0259 il\u0259 d\u00fc\u015fm\u0259n m\u00fcnasib\u0259tl\u0259rd\u0259 olduqlar\u0131, s\u0259rh\u0259dl\u0259r ba\u011fl\u0131 qald\u0131\u011f\u0131 s\u00fcr\u0259cd\u0259 \u00f6lk\u0259l\u0259rinin g\u0259l\u0259c\u0259k inki\u015faf\u0131n\u0131 g\u00f6rm\u00fcrl\u0259r. Qeyd ed\u0259k ki, g\u0259l\u0259n&hellip;","_links":{"self":[{"href":"https:\/\/arantv.az\/index.php?rest_route=\/wp\/v2\/posts\/835783"}],"collection":[{"href":"https:\/\/arantv.az\/index.php?rest_route=\/wp\/v2\/posts"}],"about":[{"href":"https:\/\/arantv.az\/index.php?rest_route=\/wp\/v2\/types\/post"}],"author":[{"embeddable":true,"href":"https:\/\/arantv.az\/index.php?rest_route=\/wp\/v2\/users\/2"}],"replies":[{"embeddable":true,"href":"https:\/\/arantv.az\/index.php?rest_route=%2Fwp%2Fv2%2Fcomments&post=835783"}],"version-history":[{"count":1,"href":"https:\/\/arantv.az\/index.php?rest_route=\/wp\/v2\/posts\/835783\/revisions"}],"predecessor-version":[{"id":835785,"href":"https:\/\/arantv.az\/index.php?rest_route=\/wp\/v2\/posts\/835783\/revisions\/835785"}],"wp:featuredmedia":[{"embeddable":true,"href":"https:\/\/arantv.az\/index.php?rest_route=\/wp\/v2\/media\/835784"}],"wp:attachment":[{"href":"https:\/\/arantv.az\/index.php?rest_route=%2Fwp%2Fv2%2Fmedia&parent=835783"}],"wp:term":[{"taxonomy":"category","embeddable":true,"href":"https:\/\/arantv.az\/index.php?rest_route=%2Fwp%2Fv2%2Fcategories&post=835783"},{"taxonomy":"post_tag","embeddable":true,"href":"https:\/\/arantv.az\/index.php?rest_route=%2Fwp%2Fv2%2Ftags&post=835783"}],"curies":[{"name":"wp","href":"https:\/\/api.w.org\/{rel}","templated":true}]}}