{"id":835787,"date":"2025-12-04T15:14:11","date_gmt":"2025-12-04T11:14:11","guid":{"rendered":"https:\/\/arantv.az\/?p=835787"},"modified":"2025-12-04T15:14:11","modified_gmt":"2025-12-04T11:14:11","slug":"pasinyandan-opponentl%c9%99rin%c9%99-solaxay-z%c9%99rb%c9%99","status":"publish","type":"post","link":"https:\/\/arantv.az\/?p=835787","title":{"rendered":"Pa\u015finyandan opponentl\u0259rin\u0259 solaxay z\u0259rb\u0259"},"content":{"rendered":"<p><strong>Erm\u0259ni ba\u015f nazirin a\u00e7\u0131qlad\u0131\u011f\u0131 s\u0259n\u0259dl\u0259r r\u0259qibl\u0259rini \u00e7\u0259tin v\u0259ziyy\u0259t\u0259 sal\u0131b<\/strong><\/p>\n<p>Az\u0259rbaycanla ke\u00e7mi\u015f Da\u011fl\u0131q Qaraba\u011f m\u00fcnaqi\u015f\u0259si \u00fczr\u0259 arxiv s\u0259n\u0259dl\u0259rini ictimaiyy\u0259t\u0259 a\u00e7maqla Nikol Pa\u015finyan \u00f6lk\u0259d\u0259 az qala siyasi z\u0259lz\u0259l\u0259 yarad\u0131b, Erm\u0259nistan daxilind\u0259 k\u0259skin reaksiyalara s\u0259b\u0259b olub.<\/p>\n<p>Ke\u00e7mi\u015f prezidentl\u0259rin komanda \u00fczvl\u0259ri iddia edirl\u0259r ki, t\u0259qdim olunan materiallar tam deyil, b\u0259zi m\u00fch\u00fcm s\u0259n\u0259dl\u0259r is\u0259 q\u0259sd\u0259n gizl\u0259dilib. Bel\u0259 ki, birinci prezident Levon Ter-Petrosyan\u0131n m\u00fcavini Levon Zurabyan bildirib ki, Pa\u015finyan 2019-cu ild\u0259 AT\u018fT-in Minsk Qrupunun t\u0259klifi il\u0259 ba\u011fl\u0131 Erm\u0259nistan\u0131n r\u0259smi cavab\u0131n\u0131 d\u0259rc etm\u0259yib. Onun s\u00f6zl\u0259rin\u0259 g\u00f6r\u0259, ya h\u00f6kum\u0259t, \u00fcmumiyy\u0259tl\u0259, cavab verm\u0259yib v\u0259 t\u0259klifl\u0259ri r\u0259dd edib, ya da cavab var, amma Pa\u015finyan onu bil\u0259r\u0259kd\u0259n gizl\u0259dir.<\/p>\n<p>Zurabyan\u0131n iddias\u0131na g\u00f6r\u0259, h\u0259min s\u0259n\u0259d q\u0259bul edils\u0259ydi, 44 g\u00fcnl\u00fck m\u00fcharib\u0259 olmazd\u0131, K\u0259lb\u0259c\u0259r v\u0259 La\u00e7\u0131n Erm\u0259nistan\u0131n n\u0259zar\u0259tind\u0259 saxlanar, Qaraba\u011f \u0259traf\u0131nda beyn\u0259lxalq s\u00fclhm\u0259raml\u0131lar yerl\u0259\u015fdiril\u0259rdi, Az\u0259rbaycana veril\u0259c\u0259k 5 rayona az\u0259rbaycanl\u0131 q\u00fcvv\u0259l\u0259rin giri\u015fi qada\u011fan olunard\u0131.<\/p>\n<p>Eks-prezident Robert K\u00f6\u00e7\u0259ryan\u0131n ofisi is\u0259 bildirib ki, Pa\u015finyan\u0131n d\u0259rc etdiyi s\u0259n\u0259dl\u0259r aras\u0131nda h\u00f6kum\u0259t\u0259 yax\u0131n \u201cAykakan Jamanak\u201d q\u0259zetinin material\u0131 da \u201cdan\u0131\u015f\u0131qlar plan\u0131\u201d kimi t\u0259qdim edilib.<\/p>\n<p>Erm\u0259nistan medias\u0131 yaz\u0131r ki, Pa\u015finyan\u0131n bu add\u0131m\u0131 \u00fcmumi \u201cl\u0259ngidici g\u00fccl\u0259rin\u201d, y\u0259ni m\u00fcnaqi\u015f\u0259ni Erm\u0259nistan \u00fcz\u0259rind\u0259 \u201cip\u201d kimi saxlamaq ist\u0259y\u0259n xarici v\u0259 daxili q\u00fcvv\u0259l\u0259rin planlar\u0131na son qoymaq \u00fc\u00e7\u00fcnd\u00fcr. Pa\u015finyan\u0131n \u00f6z\u00fc d\u0259 bu fikri ifad\u0259 edib. Onun fikrinc\u0259, \u00e7ox uzun ill\u0259r \u0259rzind\u0259 \u201cmitl\u0259r\u201d, y\u0259ni Qaraba\u011f m\u00fcnaqi\u015f\u0259sin\u0259 dair dominant r\u0259smi versiyalar Erm\u0259nistan\u0131n siyasi elitas\u0131 t\u0259r\u0259find\u0259n formala\u015fd\u0131r\u0131l\u0131b ki, bu da xalq\u0131n neytral v\u0259 ya t\u0259nqidi bax\u0131\u015f\u0131n\u0131 tabu hal\u0131na g\u0259tirib. \u0130ctimaiyy\u0259t\u0259 s\u0259n\u0259dl\u0259rin a\u00e7\u0131lmas\u0131 bu \u201cmitsizl\u0259\u015fdirm\u0259\u201d prosesini s\u00fcr\u0259tl\u0259ndir\u0259 bil\u0259r.<\/p>\n<p>Erm\u0259ni medias\u0131 h\u0259m\u00e7inin qeyd edir ki, Pa\u015finyan m\u0259xfi s\u0259n\u0259dl\u0259ri a\u00e7maqda davam ets\u0259, Erm\u0259nistan c\u0259miyy\u0259tind\u0259 m\u00f6vcud siyasi g\u0259rginliyi daha da art\u0131ra, h\u00f6kum\u0259tl\u0259 ke\u00e7mi\u015f hakimiyy\u0259t aras\u0131nda m\u00fcnaqi\u015f\u0259 d\u0259rinl\u0259\u015f\u0259 bil\u0259r.<\/p>\n<p><strong>Bu ehtimallar oldu\u011fu bir vaxtda Pa\u015finyan \u201csand\u0131\u011f\u0131\u201d a\u00e7maqla \u0259sas hans\u0131 h\u0259d\u0259fin\u0259 nail olmaq ist\u0259yir?<\/strong><\/p>\n<p><strong><img src=\"https:\/\/konkret.az\/cloud\/uploads\/2021\/04\/elxansahinoglu.jpg\" alt=\"Elxan \u015eahino\u011flu son \u00e7\u0131x\u0131\u015f\u0131 il\u0259 \u00f6z\u00fcn\u00fc v\u0259 \u201ca\u011falar\u0131n\u0131\u201d bel\u0259 \u0259l\u0259 verdi -  \u018fTRAFLI | KONKRET\" \/><\/strong><\/p>\n<p><strong>Elxan \u015eahino\u011flu\u00a0<\/strong><\/p>\n<p>Politoloq Elxan \u015eahino\u011flu \u201cYeni M\u00fcsavat\u201da bildirdi ki, Nikol Pa\u015finyan parlament se\u00e7kil\u0259rin\u0259 haz\u0131rla\u015f\u0131r v\u0259 r\u0259qibl\u0259ri il\u0259 m\u00fcbariz\u0259 apar\u0131r, s\u00f6z\u00fcged\u0259n s\u0259n\u0259dl\u0259ri d\u0259rc etdirm\u0259si d\u0259 bu m\u00fcbariz\u0259nin istiqam\u0259tl\u0259rind\u0259n biridir: \u201cPa\u015finyan\u0131n r\u0259qibl\u0259ri m\u00fcxt\u0259lifdir &#8211; ke\u00e7mi\u015f &#8220;Qaraba\u011f klan\u0131&#8221;, ke\u00e7mi\u015f prezidentl\u0259r, Rusiyan\u0131n d\u0259st\u0259kl\u0259diyi oliqarxlar v\u0259 kils\u0259. Bunlar\u0131n ham\u0131s\u0131 il\u0259 Pa\u015finyan m\u00fcbariz\u0259 aparmaq m\u0259cburiyy\u0259tind\u0259dir. O, bu m\u00fcbariz\u0259ni h\u0259l\u0259 ki u\u011furla apara bilir. Amma onu d\u00fc\u015f\u00fcn\u00fcr ki, bu q\u00fcvv\u0259l\u0259r birl\u0259\u015f\u0259 bil\u0259r, t\u0259xribatlara \u0259l atmalar\u0131 m\u00fcmk\u00fcnd\u00fcr. Pa\u015finyan qeyd etdiyimiz q\u00fcvv\u0259l\u0259ri daha da s\u0131radan \u00e7\u0131xarmaq v\u0259 n\u00fcfuzdan salmaq \u00fc\u00e7\u00fcn ke\u00e7mi\u015f prezidentl\u0259ri fa\u015f edir. \u0130ndiy\u0259 q\u0259d\u0259r sabiq prezidentl\u0259r b\u0259yan edirdil\u0259r ki, guya onlar\u0131n zaman\u0131nda masada m\u00fczakir\u0259 edil\u0259n s\u00fclh plan\u0131 Erm\u0259nistan \u00fc\u00e7\u00fcn daha m\u0259qbul idi. Pa\u015finyan is\u0259 dan\u0131\u015f\u0131qlarla ba\u011fl\u0131 s\u0259n\u0259dl\u0259ri, Putin\u0259 m\u0259ktubu a\u00e7maqla g\u00f6st\u0259rm\u0259k ist\u0259yir ki, ke\u00e7mi\u015f prezidentl\u0259r s\u00fclh raz\u0131la\u015fmas\u0131na getm\u0259m\u0259kl\u0259, radikal m\u00f6vqed\u0259 qalmaqla Erm\u0259nistan\u0131n m\u0259\u011flubiyy\u0259tinin \u0259sas\u0131n\u0131 qoyublar&#8221;.<\/p>\n<p><strong>Onun s\u00f6zl\u0259rin\u0259 g\u00f6r\u0259, a\u00e7\u0131lan s\u0259n\u0259dl\u0259r Az\u0259rbaycanda da diqq\u0259tl\u0259 \u00f6yr\u0259nilir, biz n\u0259l\u0259r ba\u015f verdiyini d\u0259qiqlikl\u0259 m\u00fc\u0259yy\u0259nl\u0259\u015fdir\u0259 bilirik:<\/strong>\u00a0\u201cB\u0259lli olur ki, Erm\u0259nistan\u0131n o zamank\u0131 r\u0259hb\u0259rl\u0259ri i\u015f\u011fal\u0131 r\u0259smil\u0259\u015fdirm\u0259y\u0259 \u00e7al\u0131\u015f\u0131rm\u0131\u015flar, Az\u0259rbaycanla s\u00fclh sazi\u015find\u0259n s\u00f6hb\u0259t bel\u0259 getmirmi\u015f. Nikol Pa\u015finyan h\u0259min s\u0259n\u0259dl\u0259ri d\u0259rc etdirm\u0259kl\u0259 revan\u015fist ke\u00e7mi\u015f prezident Serj S\u0259rkisyan\u0131 Erm\u0259nistan xalq\u0131n\u0131n g\u00f6z\u00fcnd\u0259n daha da salmaq, S\u0259rkisyana qar\u015f\u0131 xalqda q\u0259z\u0259b, nifr\u0259t yaratmaq ist\u0259yir.\u00a0 Pa\u015finyan bu niyy\u0259tini \u00f6z\u00fc d\u0259 dolay\u0131s\u0131 il\u0259 bu yax\u0131nlarda ifad\u0259 etmi\u015fdi. O demi\u015fdi ki, \u0259g\u0259r Serj S\u0259rkisyan Qaraba\u011f\u0131 Az\u0259rbaycan\u0131n bir hiss\u0259si kimi tan\u0131sayd\u0131 v\u0259 \u0259traf rayonlar\u0131 Az\u0259rbaycana qaytarsayd\u0131, 2020-ci ild\u0259 \u0130kinci Qaraba\u011f m\u00fcharib\u0259sind\u0259n yay\u0131nmaq olard\u0131. Pa\u015finyan 2018-2019-cu ill\u0259rd\u0259 bunu etm\u0259m\u0259kl\u0259 \u00f6z\u00fcn\u00fcn d\u0259 s\u0259hv\u0259 yol verdiyini etiraf edib. \u0130ndi erm\u0259nil\u0259r dan\u0131\u015f\u0131qlarla ba\u011fl\u0131 s\u0259n\u0259dl\u0259rl\u0259 tan\u0131\u015f olanda zaman\u0131nda Serj S\u0259rkisyan\u0131n nec\u0259 b\u00f6y\u00fck s\u0259hvl\u0259r\u0259 yol verdiyini v\u0259 n\u0259tic\u0259d\u0259 Erm\u0259nistan\u0131n ac\u0131 m\u0259\u011flubiyy\u0259tin\u0259 yol a\u00e7d\u0131\u011f\u0131n\u0131 g\u00f6r\u00fcrl\u0259r. Qaraba\u011f klan\u0131 c\u0259miyy\u0259tin g\u00f6z\u00fcnd\u0259n daha da d\u00fc\u015f\u0259c\u0259k. Art\u0131q erm\u0259ni medias\u0131 yaz\u0131r ki, ke\u00e7mi\u015f hakimiyy\u0259tl\u0259rin yanl\u0131\u015f m\u00f6vqeyi \u00fcz\u00fcnd\u0259n, ir\u0259li s\u00fcr\u00fcl\u0259n h\u0259ll variantlar\u0131ndan he\u00e7 birin\u0259 raz\u0131l\u0131q verm\u0259m\u0259si s\u0259b\u0259bind\u0259n Qaraba\u011f m\u0259s\u0259l\u0259si h\u0259ll olunmam\u0131\u015f qald\u0131 v\u0259 n\u0259tic\u0259d\u0259 Az\u0259rbaycan g\u00fcc yolu il\u0259 m\u0259s\u0259l\u0259ni tamamil\u0259 h\u0259ll etdi, Erm\u0259nistan tarixinin \u0259n ac\u0131 m\u0259\u011flubiyy\u0259tini ya\u015fad\u0131\u201d.<\/p>\n<p>Politoloq dedi ki, Pa\u015finyan r\u0259qibl\u0259rini \u00e7\u0259tin v\u0259ziyy\u0259t\u0259 sal\u0131b v\u0259 Erm\u0259nistan c\u0259miyy\u0259tind\u0259 onlara qar\u015f\u0131 m\u00fcnasib\u0259ti k\u0259skinl\u0259\u015fdirib.<\/p>\n<p><strong>Bu arada, Pa\u015finyan h\u00f6kum\u0259t t\u0259r\u0259find\u0259n yay\u0131mlanan Qaraba\u011f dan\u0131\u015f\u0131qlar\u0131na dair paketl\u0259 ba\u011fl\u0131 fikirl\u0259rini b\u00f6l\u00fc\u015f\u00fcb. \u201cDan\u0131\u015f\u0131qlar paketi yay\u0131mland\u0131, indi is\u0259 eyni, k\u00f6hn\u0259lmi\u015f narrativl\u0259r s\u0259sl\u0259nir. M\u0259n bir \u015feyi deyim: m\u00fcxalif\u0259t dan\u0131\u015f\u0131qlar prosesi bar\u0259d\u0259 n\u0259 deyir-desin, h\u00f6rm\u0259tli dostlar, 30 ild\u0259n art\u0131q hakimiyy\u0259td\u0259 olmu\u015fdunuz, bel\u0259 f\u00fcrs\u0259tl\u0259r var idis\u0259, niy\u0259 h\u0259ll etm\u0259diniz? H\u0259qiq\u0259t\u0259n d\u0259, m\u00fcxalif\u0259tin dediyi kimi, Erm\u0259nistan\u0131n maraqlar\u0131na uy\u011fun h\u0259ll imkan\u0131 var idis\u0259, niy\u0259 etm\u0259diniz?\u201d, &#8211; Pa\u015finyan vur\u011fulay\u0131b.<\/strong><\/p>\n<p>H\u0259m\u00e7inin ba\u015f nazir 2019-cu il s\u0259n\u0259din\u0259 toxunaraq qeyd edib: \u201c\u0130ndi bizi niy\u0259 x\u0259yan\u0259tkar adland\u0131r\u0131rs\u0131n\u0131z? Sizd\u0259n (Robert K\u00f6\u00e7\u0259ryan v\u0259 Serj S\u0259rkisyan) b\u00f6y\u00fck satq\u0131n yoxdur. B\u00fct\u00fcn bunlar, sad\u0259c\u0259, manipulyasiya idi. 2018-ci ild\u0259 ba\u015f nazir olark\u0259n ham\u0131n\u0131n qar\u015f\u0131s\u0131nda m\u0259s\u0259l\u0259 qoydum, dedim ki, m\u0259n ba\u015fa d\u00fc\u015fm\u00fcr\u0259m, bu s\u0259n\u0259dl\u0259rd\u0259n hans\u0131 indiki dan\u0131\u015f\u0131qlar prosesinin ba\u015flan\u011f\u0131c n\u00f6qt\u0259sidir, \u0259vv\u0259lki d\u00f6vr\u00fcn yekunu hans\u0131d\u0131r, hans\u0131 s\u0259n\u0259d q\u0131sa x\u00fclas\u0259dir? 2019-cu ilin iyun s\u0259n\u0259di bu idi, soru\u015fdum ki, \u0259vv\u0259lki d\u00f6vr\u00fcn q\u0131sa x\u00fclas\u0259si hans\u0131d\u0131r? Bunu \u0259vv\u0259lki d\u00f6vr\u00fcn dan\u0131\u015f\u0131qlar x\u00fclas\u0259si kimi t\u0259qdim etdil\u0259r v\u0259 bu kontekstd\u0259 d\u0259 m\u0259n sual verdim\u201d.<\/p>\n<p><strong>Erm\u0259nistan\u0131n ba\u015f naziri 2019-cu ilin iyununda t\u0259qdim edilmi\u015f t\u0259klif \u0259traf\u0131nda apar\u0131lan dan\u0131\u015f\u0131qlardan da b\u0259hs edib: \u201cBu kontekstd\u0259 sual verdim ki, sizin \u015f\u0259rhiniz m\u0259n\u0259 maraql\u0131d\u0131r, bu paketl\u0259 Qaraba\u011f Az\u0259rbaycan\u0131n t\u0259rkibind\u0259 olmaya bil\u0259rmi? \u00c7ox a\u00e7\u0131q cavab verildi ki, b\u0259li, \u0259g\u0259r Az\u0259rbaycan raz\u0131la\u015fsa\u201d.<\/strong><\/p>\n<p>Pa\u015finyan h\u0259m\u00e7inin \u0259lav\u0259 edib ki, art\u0131q Erm\u0259nistan\u0131n ke\u00e7mi\u015f prezidentl\u0259ri Levon Ter-Petrosyan, Robert K\u00f6\u00e7\u0259ryan v\u0259 Serj S\u0259rkisyan\u0131 debatlara d\u0259v\u0259t etmir: \u201cNiy\u0259 d\u0259v\u0259t edim? Art\u0131q debat \u00fc\u00e7\u00fcn he\u00e7 n\u0259 qalmay\u0131b, oxusunlar, dan\u0131\u015fs\u0131nlar, oxusunlar, dan\u0131\u015fs\u0131nlar\u201d.<\/p>\n<p>Pa\u015finyan vur\u011fulay\u0131b ki, o v\u0259 komandas\u0131 Erm\u0259nistan\u0131 t\u0259l\u0259 v\u0259 \u00e7\u0131x\u0131lmaz v\u0259ziyy\u0259td\u0259n \u00e7\u0131xar\u0131b: \u201cErm\u0259nistan\u0131 el\u0259 bir yerd\u0259n \u00e7\u0131xarm\u0131\u015f\u0131q ki, b\u00fct\u00fcn istiqam\u0259tl\u0259rd\u0259 \u00f6lk\u0259nin qar\u015f\u0131s\u0131nda perspektiv a\u00e7\u0131l\u0131b. Art\u0131q Erm\u0259nistan v\u0259 erm\u0259ni xalq\u0131 \u00f6z suveren irad\u0259si il\u0259 q\u0259rar ver\u0259 bil\u0259r ki, hans\u0131 istiqam\u0259td\u0259 inki\u015faf\u0131n hans\u0131 bax\u0131\u015f\u0131n\u0131 se\u00e7ir\u201d.<\/p>\n<p><strong>Etibar SEY\u0130DA\u011eA,<\/strong><br \/>\n<strong>\u201cYeni M\u00fcsavat\u201d<\/strong><\/p>\n<p><strong>\u00a0<\/strong><\/p>\n","protected":false},"excerpt":{"rendered":"<p>Erm\u0259ni ba\u015f nazirin a\u00e7\u0131qlad\u0131\u011f\u0131 s\u0259n\u0259dl\u0259r r\u0259qibl\u0259rini \u00e7\u0259tin v\u0259ziyy\u0259t\u0259 sal\u0131b Az\u0259rbaycanla ke\u00e7mi\u015f Da\u011fl\u0131q Qaraba\u011f m\u00fcnaqi\u015f\u0259si \u00fczr\u0259 arxiv s\u0259n\u0259dl\u0259rini ictimaiyy\u0259t\u0259 a\u00e7maqla Nikol Pa\u015finyan \u00f6lk\u0259d\u0259 az qala siyasi z\u0259lz\u0259l\u0259 yarad\u0131b, Erm\u0259nistan daxilind\u0259 k\u0259skin reaksiyalara s\u0259b\u0259b olub. Ke\u00e7mi\u015f prezidentl\u0259rin komanda \u00fczvl\u0259ri iddia edirl\u0259r ki, t\u0259qdim olunan materiallar tam deyil, b\u0259zi m\u00fch\u00fcm s\u0259n\u0259dl\u0259r is\u0259 q\u0259sd\u0259n gizl\u0259dilib. Bel\u0259 ki, birinci prezident Levon Ter-Petrosyan\u0131n m\u00fcavini Levon Zurabyan bildirib ki, Pa\u015finyan 2019-cu ild\u0259 AT\u018fT-in Minsk Qrupunun t\u0259klifi il\u0259 ba\u011fl\u0131 Erm\u0259nistan\u0131n r\u0259smi cavab\u0131n\u0131 d\u0259rc etm\u0259yib. Onun s\u00f6zl\u0259rin\u0259 g\u00f6r\u0259, ya h\u00f6kum\u0259t, \u00fcmumiyy\u0259tl\u0259, cavab verm\u0259yib v\u0259 t\u0259klifl\u0259ri r\u0259dd edib, ya da&hellip;<\/p>\n","protected":false},"author":2,"featured_media":835788,"comment_status":"closed","ping_status":"closed","sticky":false,"template":"","format":"standard","meta":{"om_disable_all_campaigns":false,"_monsterinsights_skip_tracking":false,"_monsterinsights_sitenote_active":false,"_monsterinsights_sitenote_note":"","_monsterinsights_sitenote_category":0},"categories":[4],"tags":[],"aioseo_notices":[],"gutentor_comment":0,"rttpg_featured_image_url":{"full":["https:\/\/arantv.az\/wp-content\/uploads\/2025\/12\/960c68566285639dd4f1a91104d3c017.jpg",700,394,false],"landscape":["https:\/\/arantv.az\/wp-content\/uploads\/2025\/12\/960c68566285639dd4f1a91104d3c017.jpg",700,394,false],"portraits":["https:\/\/arantv.az\/wp-content\/uploads\/2025\/12\/960c68566285639dd4f1a91104d3c017.jpg",700,394,false],"thumbnail":["https:\/\/arantv.az\/wp-content\/uploads\/2025\/12\/960c68566285639dd4f1a91104d3c017-500x280.jpg",500,280,true],"medium":["https:\/\/arantv.az\/wp-content\/uploads\/2025\/12\/960c68566285639dd4f1a91104d3c017-648x365.jpg",648,365,true],"large":["https:\/\/arantv.az\/wp-content\/uploads\/2025\/12\/960c68566285639dd4f1a91104d3c017.jpg",640,360,false],"1536x1536":["https:\/\/arantv.az\/wp-content\/uploads\/2025\/12\/960c68566285639dd4f1a91104d3c017.jpg",700,394,false],"2048x2048":["https:\/\/arantv.az\/wp-content\/uploads\/2025\/12\/960c68566285639dd4f1a91104d3c017.jpg",700,394,false],"post-thumbnail":["https:\/\/arantv.az\/wp-content\/uploads\/2025\/12\/960c68566285639dd4f1a91104d3c017-240x172.jpg",240,172,true],"advps-thumb-one":["https:\/\/arantv.az\/wp-content\/uploads\/2025\/12\/960c68566285639dd4f1a91104d3c017.jpg",700,394,false]},"rttpg_author":{"display_name":"V\u00fcsal Rafiqo\u011flu","author_link":"https:\/\/arantv.az\/?author=2"},"rttpg_comment":0,"rttpg_category":"<a href=\"https:\/\/arantv.az\/?cat=4\" rel=\"category\">Siyas\u0259t<\/a>","rttpg_excerpt":"Erm\u0259ni ba\u015f nazirin a\u00e7\u0131qlad\u0131\u011f\u0131 s\u0259n\u0259dl\u0259r r\u0259qibl\u0259rini \u00e7\u0259tin v\u0259ziyy\u0259t\u0259 sal\u0131b Az\u0259rbaycanla ke\u00e7mi\u015f Da\u011fl\u0131q Qaraba\u011f m\u00fcnaqi\u015f\u0259si \u00fczr\u0259 arxiv s\u0259n\u0259dl\u0259rini ictimaiyy\u0259t\u0259 a\u00e7maqla Nikol Pa\u015finyan \u00f6lk\u0259d\u0259 az qala siyasi z\u0259lz\u0259l\u0259 yarad\u0131b, Erm\u0259nistan daxilind\u0259 k\u0259skin reaksiyalara s\u0259b\u0259b olub. Ke\u00e7mi\u015f prezidentl\u0259rin komanda \u00fczvl\u0259ri iddia edirl\u0259r ki, t\u0259qdim olunan materiallar tam deyil, b\u0259zi m\u00fch\u00fcm s\u0259n\u0259dl\u0259r is\u0259 q\u0259sd\u0259n gizl\u0259dilib. Bel\u0259 ki, birinci prezident&hellip;","_links":{"self":[{"href":"https:\/\/arantv.az\/index.php?rest_route=\/wp\/v2\/posts\/835787"}],"collection":[{"href":"https:\/\/arantv.az\/index.php?rest_route=\/wp\/v2\/posts"}],"about":[{"href":"https:\/\/arantv.az\/index.php?rest_route=\/wp\/v2\/types\/post"}],"author":[{"embeddable":true,"href":"https:\/\/arantv.az\/index.php?rest_route=\/wp\/v2\/users\/2"}],"replies":[{"embeddable":true,"href":"https:\/\/arantv.az\/index.php?rest_route=%2Fwp%2Fv2%2Fcomments&post=835787"}],"version-history":[{"count":2,"href":"https:\/\/arantv.az\/index.php?rest_route=\/wp\/v2\/posts\/835787\/revisions"}],"predecessor-version":[{"id":835790,"href":"https:\/\/arantv.az\/index.php?rest_route=\/wp\/v2\/posts\/835787\/revisions\/835790"}],"wp:featuredmedia":[{"embeddable":true,"href":"https:\/\/arantv.az\/index.php?rest_route=\/wp\/v2\/media\/835788"}],"wp:attachment":[{"href":"https:\/\/arantv.az\/index.php?rest_route=%2Fwp%2Fv2%2Fmedia&parent=835787"}],"wp:term":[{"taxonomy":"category","embeddable":true,"href":"https:\/\/arantv.az\/index.php?rest_route=%2Fwp%2Fv2%2Fcategories&post=835787"},{"taxonomy":"post_tag","embeddable":true,"href":"https:\/\/arantv.az\/index.php?rest_route=%2Fwp%2Fv2%2Ftags&post=835787"}],"curies":[{"name":"wp","href":"https:\/\/api.w.org\/{rel}","templated":true}]}}