{"id":835800,"date":"2025-12-04T15:18:25","date_gmt":"2025-12-04T11:18:25","guid":{"rendered":"https:\/\/arantv.az\/?p=835800"},"modified":"2025-12-04T15:18:25","modified_gmt":"2025-12-04T11:18:25","slug":"bu-s%c9%99xsl%c9%99rin-maasi-artacaq","status":"publish","type":"post","link":"https:\/\/arantv.az\/?p=835800","title":{"rendered":"Bu \u015f\u0259xsl\u0259rin maa\u015f\u0131 artacaq"},"content":{"rendered":"<div class=\"text-content\" data-id=\"\" data-url=\"\">\n<p><strong>\u0130\u015f\u00e7il\u0259rin m\u0259zuniyy\u0259t\u0259 \u00e7\u0131xd\u0131qlar\u0131 d\u00f6vrd\u0259 \u0259m\u0259khaqq\u0131ndan az olmamaq \u015f\u0259rtil\u0259 m\u0259vacib almalar\u0131 il\u0259 ba\u011fl\u0131 yeni qaydalar layih\u0259si haz\u0131rlan\u0131b.<\/strong><\/p>\n<p>Liberal \u0130qtisad\u00e7\u0131lar M\u0259rk\u0259zinin s\u0259dri Akif N\u0259sirli Sfera.az-a bildirib ki, haz\u0131rda Az\u0259rbaycanda i\u015f\u00e7il\u0259rin m\u0259zuniyy\u0259t zaman\u0131 \u0259m\u0259khaqq\u0131 qaydas\u0131 m\u00fc\u0259yy\u0259n normativ aktlarla t\u0259nziml\u0259nir.<\/p>\n<p><strong>Onun s\u00f6zl\u0259rin\u0259 g\u00f6r\u0259, \u0259n\u0259n\u0259vi olaraq, m\u0259zuniyy\u0259t m\u00fcdd\u0259tind\u0259 i\u015f\u00e7i maa\u015f\u0131 orta \u0259m\u0259khaqq\u0131na uy\u011fun hesablan\u0131r, lakin b\u0259zi hallarda konkret ayl\u0131q maa\u015fdan a\u015fa\u011f\u0131 ola bil\u0259r:<\/strong><\/p>\n<p>\u201cBu, x\u00fcsusil\u0259 \u0259lav\u0259 \u00f6d\u0259ni\u015fl\u0259r, bonuslar v\u0259 dig\u0259r qeyri-sabit g\u0259lirl\u0259r daxil edilm\u0259dikd\u0259 m\u00fc\u015fahid\u0259 olunur. \u018fm\u0259khaqq\u0131ndan az olmamaqla m\u0259zuniyy\u0259t \u00f6d\u0259ni\u015fi t\u0259tbiq edildikd\u0259 i\u015f\u00e7il\u0259r \u00fc\u00e7\u00fcn maliyy\u0259 t\u0259hl\u00fck\u0259sizliyi artacaq. Onlar m\u0259zuniyy\u0259td\u0259 olduqlar\u0131 m\u00fcdd\u0259td\u0259 normal ya\u015fay\u0131\u015f s\u0259viyy\u0259sini qoruyacaq, g\u0259lir itkisind\u0259n narahat olmayacaqlar. Bu, i\u015f\u00e7i m\u0259mnuniyy\u0259tini v\u0259 motivasiyas\u0131n\u0131 art\u0131racaq, n\u0259tic\u0259d\u0259 i\u015f\u00e7il\u0259rin \u015firk\u0259td\u0259 qalma meyli y\u00fcks\u0259l\u0259c\u0259k v\u0259 i\u015f\u00e7i d\u00f6vriyy\u0259si azalacaq\u201d.<\/p>\n<p><strong>Ekspert qeyd edib ki, i\u015f\u0259g\u00f6t\u00fcr\u0259nl\u0259r \u00fc\u00e7\u00fcn is\u0259 maliyy\u0259 y\u00fck\u00fc m\u00fc\u0259yy\u0259n q\u0259d\u0259r arta bil\u0259r, \u00e7\u00fcnki m\u0259zuniyy\u0259t zaman\u0131 \u0259m\u0259khaqq\u0131n\u0131n tam \u00f6d\u0259nm\u0259si \u0259lav\u0259 x\u0259rcl\u0259r dem\u0259kdir:<\/strong><\/p>\n<p>\u201cX\u00fcsusil\u0259 b\u00f6y\u00fck kollektivl\u0259ri olan \u015firk\u0259tl\u0259r v\u0259 \u0259m\u0259khaqq\u0131 fondu y\u00fcks\u0259k t\u0259\u015fkilatlar \u00fc\u00e7\u00fcn bu y\u00fck n\u0259z\u0259r\u0259\u00e7arpacaq ola bil\u0259r. \u015eirk\u0259tl\u0259r b\u00fcdc\u0259 planlamas\u0131n\u0131 daha diqq\u0259tl\u0259 qurmal\u0131 v\u0259 m\u0259zuniyy\u0259t d\u00f6vrl\u0259rini n\u0259z\u0259r\u0259 alaraq likvidlikl\u0259rini t\u0259min etm\u0259lidirl\u0259r\u201d.<\/p>\n<p><strong>M\u00fcsahibimiz vur\u011fulay\u0131b ki, uzunm\u00fcdd\u0259tli perspektivd\u0259 bu d\u0259yi\u015fiklik \u0259m\u0259k m\u00fcnasib\u0259tl\u0259rin\u0259 m\u00fcsb\u0259t t\u0259sir g\u00f6st\u0259r\u0259 bil\u0259r:<\/strong><\/p>\n<p>\u201c\u0130\u015f\u00e7il\u0259rin sosial t\u0259minat\u0131 g\u00fccl\u0259ndiyi \u00fc\u00e7\u00fcn i\u015f bazar\u0131nda stabil \u0259m\u0259k m\u00fcnasib\u0259tl\u0259ri formala\u015fa bil\u0259r. \u0130\u015f\u00e7i motivasiyas\u0131 v\u0259 m\u0259hsuldarl\u0131q artacaq, n\u0259tic\u0259d\u0259 \u015firk\u0259tl\u0259rin f\u0259aliyy\u0259tinin effektivliyi y\u00fcks\u0259l\u0259c\u0259k. Eyni zamanda i\u015f\u00e7il\u0259r m\u0259zuniyy\u0259t h\u00fcquqlar\u0131n\u0131 tam h\u0259yata ke\u00e7ir\u0259 bil\u0259c\u0259kl\u0259ri \u00fc\u00e7\u00fcn sa\u011flaml\u0131q v\u0259 psixoloji v\u0259ziyy\u0259tl\u0259ri yax\u015f\u0131la\u015facaq, bu da i\u015f\u00e7i performans\u0131na birba\u015fa t\u0259sir ed\u0259c\u0259k\u201d.<\/p>\n<p><strong>A.N\u0259sirli bildirib ki, bu m\u0259hsuldarl\u0131\u011f\u0131n v\u0259 i\u015f\u00e7i-m\u0259mnuniyy\u0259tinin y\u00fcks\u0259lm\u0259sin\u0259 s\u0259b\u0259b olacaq:<\/strong><\/p>\n<p>\u201c\u0130\u015f\u00e7il\u0259rin m\u0259zuniyy\u0259t zaman\u0131 \u0259m\u0259khaqq\u0131ndan az olmamaqla \u00f6d\u0259ni\u015f almas\u0131 h\u0259m i\u015f\u00e7i rifah\u0131n\u0131, h\u0259m \u0259m\u0259k bazar\u0131n\u0131n dayan\u0131ql\u0131\u011f\u0131n\u0131 art\u0131racaq, h\u0259m d\u0259 uzunm\u00fcdd\u0259tli perspektivd\u0259 m\u0259hsuldarl\u0131\u011f\u0131n v\u0259 i\u015f\u00e7i-m\u0259mnuniyy\u0259tinin y\u00fcks\u0259lm\u0259sin\u0259 \u015f\u0259rait yaradacaq. \u0130\u015f\u0259g\u00f6t\u00fcr\u0259nl\u0259r \u00fc\u00e7\u00fcn is\u0259 bu d\u0259yi\u015fiklik planlama v\u0259 maliyy\u0259 resurslar\u0131n\u0131n idar\u0259 olunmas\u0131nda daha ciddi yana\u015fma t\u0259l\u0259b ed\u0259c\u0259k\u201d.<\/p>\n<\/div>\n<div><\/div>\n<div><\/div>\n<div class=\"inner-social-box\">\n<div class=\"subs-in-social subs-whatsapp\"><\/div>\n<\/div>\n","protected":false},"excerpt":{"rendered":"<p>\u0130\u015f\u00e7il\u0259rin m\u0259zuniyy\u0259t\u0259 \u00e7\u0131xd\u0131qlar\u0131 d\u00f6vrd\u0259 \u0259m\u0259khaqq\u0131ndan az olmamaq \u015f\u0259rtil\u0259 m\u0259vacib almalar\u0131 il\u0259 ba\u011fl\u0131 yeni qaydalar layih\u0259si haz\u0131rlan\u0131b. Liberal \u0130qtisad\u00e7\u0131lar M\u0259rk\u0259zinin s\u0259dri Akif N\u0259sirli Sfera.az-a bildirib ki, haz\u0131rda Az\u0259rbaycanda i\u015f\u00e7il\u0259rin m\u0259zuniyy\u0259t zaman\u0131 \u0259m\u0259khaqq\u0131 qaydas\u0131 m\u00fc\u0259yy\u0259n normativ aktlarla t\u0259nziml\u0259nir. Onun s\u00f6zl\u0259rin\u0259 g\u00f6r\u0259, \u0259n\u0259n\u0259vi olaraq, m\u0259zuniyy\u0259t m\u00fcdd\u0259tind\u0259 i\u015f\u00e7i maa\u015f\u0131 orta \u0259m\u0259khaqq\u0131na uy\u011fun hesablan\u0131r, lakin b\u0259zi hallarda konkret ayl\u0131q maa\u015fdan a\u015fa\u011f\u0131 ola bil\u0259r: \u201cBu, x\u00fcsusil\u0259 \u0259lav\u0259 \u00f6d\u0259ni\u015fl\u0259r, bonuslar v\u0259 dig\u0259r qeyri-sabit g\u0259lirl\u0259r daxil edilm\u0259dikd\u0259 m\u00fc\u015fahid\u0259 olunur. \u018fm\u0259khaqq\u0131ndan az olmamaqla m\u0259zuniyy\u0259t \u00f6d\u0259ni\u015fi t\u0259tbiq edildikd\u0259 i\u015f\u00e7il\u0259r \u00fc\u00e7\u00fcn maliyy\u0259 t\u0259hl\u00fck\u0259sizliyi artacaq. Onlar m\u0259zuniyy\u0259td\u0259 olduqlar\u0131 m\u00fcdd\u0259td\u0259 normal ya\u015fay\u0131\u015f s\u0259viyy\u0259sini&hellip;<\/p>\n","protected":false},"author":2,"featured_media":835801,"comment_status":"closed","ping_status":"closed","sticky":false,"template":"","format":"standard","meta":{"om_disable_all_campaigns":false,"_monsterinsights_skip_tracking":false,"_monsterinsights_sitenote_active":false,"_monsterinsights_sitenote_note":"","_monsterinsights_sitenote_category":0},"categories":[26],"tags":[],"aioseo_notices":[],"gutentor_comment":0,"rttpg_featured_image_url":{"full":["https:\/\/arantv.az\/wp-content\/uploads\/2025\/12\/067d34f28a99ac2b818df01fc8b63b0a.jpg",800,500,false],"landscape":["https:\/\/arantv.az\/wp-content\/uploads\/2025\/12\/067d34f28a99ac2b818df01fc8b63b0a.jpg",800,500,false],"portraits":["https:\/\/arantv.az\/wp-content\/uploads\/2025\/12\/067d34f28a99ac2b818df01fc8b63b0a.jpg",800,500,false],"thumbnail":["https:\/\/arantv.az\/wp-content\/uploads\/2025\/12\/067d34f28a99ac2b818df01fc8b63b0a-500x280.jpg",500,280,true],"medium":["https:\/\/arantv.az\/wp-content\/uploads\/2025\/12\/067d34f28a99ac2b818df01fc8b63b0a-584x365.jpg",584,365,true],"large":["https:\/\/arantv.az\/wp-content\/uploads\/2025\/12\/067d34f28a99ac2b818df01fc8b63b0a.jpg",640,400,false],"1536x1536":["https:\/\/arantv.az\/wp-content\/uploads\/2025\/12\/067d34f28a99ac2b818df01fc8b63b0a.jpg",800,500,false],"2048x2048":["https:\/\/arantv.az\/wp-content\/uploads\/2025\/12\/067d34f28a99ac2b818df01fc8b63b0a.jpg",800,500,false],"post-thumbnail":["https:\/\/arantv.az\/wp-content\/uploads\/2025\/12\/067d34f28a99ac2b818df01fc8b63b0a-240x172.jpg",240,172,true],"advps-thumb-one":["https:\/\/arantv.az\/wp-content\/uploads\/2025\/12\/067d34f28a99ac2b818df01fc8b63b0a.jpg",800,500,false]},"rttpg_author":{"display_name":"V\u00fcsal Rafiqo\u011flu","author_link":"https:\/\/arantv.az\/?author=2"},"rttpg_comment":0,"rttpg_category":"<a href=\"https:\/\/arantv.az\/?cat=26\" rel=\"category\">Sosial<\/a>","rttpg_excerpt":"\u0130\u015f\u00e7il\u0259rin m\u0259zuniyy\u0259t\u0259 \u00e7\u0131xd\u0131qlar\u0131 d\u00f6vrd\u0259 \u0259m\u0259khaqq\u0131ndan az olmamaq \u015f\u0259rtil\u0259 m\u0259vacib almalar\u0131 il\u0259 ba\u011fl\u0131 yeni qaydalar layih\u0259si haz\u0131rlan\u0131b. Liberal \u0130qtisad\u00e7\u0131lar M\u0259rk\u0259zinin s\u0259dri Akif N\u0259sirli Sfera.az-a bildirib ki, haz\u0131rda Az\u0259rbaycanda i\u015f\u00e7il\u0259rin m\u0259zuniyy\u0259t zaman\u0131 \u0259m\u0259khaqq\u0131 qaydas\u0131 m\u00fc\u0259yy\u0259n normativ aktlarla t\u0259nziml\u0259nir. Onun s\u00f6zl\u0259rin\u0259 g\u00f6r\u0259, \u0259n\u0259n\u0259vi olaraq, m\u0259zuniyy\u0259t m\u00fcdd\u0259tind\u0259 i\u015f\u00e7i maa\u015f\u0131 orta \u0259m\u0259khaqq\u0131na uy\u011fun hesablan\u0131r, lakin b\u0259zi hallarda konkret ayl\u0131q maa\u015fdan&hellip;","_links":{"self":[{"href":"https:\/\/arantv.az\/index.php?rest_route=\/wp\/v2\/posts\/835800"}],"collection":[{"href":"https:\/\/arantv.az\/index.php?rest_route=\/wp\/v2\/posts"}],"about":[{"href":"https:\/\/arantv.az\/index.php?rest_route=\/wp\/v2\/types\/post"}],"author":[{"embeddable":true,"href":"https:\/\/arantv.az\/index.php?rest_route=\/wp\/v2\/users\/2"}],"replies":[{"embeddable":true,"href":"https:\/\/arantv.az\/index.php?rest_route=%2Fwp%2Fv2%2Fcomments&post=835800"}],"version-history":[{"count":1,"href":"https:\/\/arantv.az\/index.php?rest_route=\/wp\/v2\/posts\/835800\/revisions"}],"predecessor-version":[{"id":835802,"href":"https:\/\/arantv.az\/index.php?rest_route=\/wp\/v2\/posts\/835800\/revisions\/835802"}],"wp:featuredmedia":[{"embeddable":true,"href":"https:\/\/arantv.az\/index.php?rest_route=\/wp\/v2\/media\/835801"}],"wp:attachment":[{"href":"https:\/\/arantv.az\/index.php?rest_route=%2Fwp%2Fv2%2Fmedia&parent=835800"}],"wp:term":[{"taxonomy":"category","embeddable":true,"href":"https:\/\/arantv.az\/index.php?rest_route=%2Fwp%2Fv2%2Fcategories&post=835800"},{"taxonomy":"post_tag","embeddable":true,"href":"https:\/\/arantv.az\/index.php?rest_route=%2Fwp%2Fv2%2Ftags&post=835800"}],"curies":[{"name":"wp","href":"https:\/\/api.w.org\/{rel}","templated":true}]}}