{"id":835806,"date":"2025-12-04T15:23:25","date_gmt":"2025-12-04T11:23:25","guid":{"rendered":"https:\/\/arantv.az\/?p=835806"},"modified":"2025-12-04T15:23:25","modified_gmt":"2025-12-04T11:23:25","slug":"b%c9%99zi-qurumlarda-is-gunl%c9%99rinin-yeri-d%c9%99yisdirildi-r%c9%99smi-q%c9%99rar-olmasa-da","status":"publish","type":"post","link":"https:\/\/arantv.az\/?p=835806","title":{"rendered":"B\u0259zi qurumlarda i\u015f g\u00fcnl\u0259rinin yeri d\u0259yi\u015fdirildi- R\u0259smi q\u0259rar olmasa da"},"content":{"rendered":"<p>Az\u0259rbaycanda bir s\u0131ra universitet v\u0259 kurslarda bayramla ba\u011fl\u0131 i\u015f g\u00fcnl\u0259rinin yerl\u0259ri d\u0259yi\u015fdirilib.<\/p>\n<p>\u201cQafqazinfo\u201d x\u0259b\u0259r verir ki, b\u0259zi t\u0259hsil m\u00fc\u0259ssis\u0259l\u0259ri dekabr\u0131n 27-28-i il\u0259 (\u015f\u0259nb\u0259-bazar) dekabr\u0131n 29-30-u tarixl\u0259rind\u0259 yerd\u0259yi\u015fm\u0259 edibl\u0259r.<\/p>\n<p>Yeni ild\u0259 i\u015f v\u0259 istirah\u0259t g\u00fcnl\u0259rinin yerinin d\u0259yi\u015fdirilm\u0259si il\u0259 \u0259laq\u0259dar h\u0259l\u0259 he\u00e7 bir r\u0259smi m\u0259lumat olmasa da, kurs i\u015ftirak\u00e7\u0131lar\u0131na v\u0259 t\u0259l\u0259b\u0259l\u0259r\u0259 bildirilib ki, onlar h\u0259ft\u0259sonu d\u0259rsl\u0259rd\u0259 i\u015ftirak etm\u0259lidirl\u0259r.<\/p>\n<p>M\u0259s\u0259l\u0259 il\u0259 ba\u011fl\u0131 Nazirl\u0259r Kabinetin\u0259 (NK) sor\u011fu \u00fcnvanlad\u0131q. Qurumdan sayt\u0131m\u0131za bir daha bildirildi ki, bununla ba\u011fl\u0131 haz\u0131rda m\u00fcvafiq q\u0259rar yoxdur.<\/p>\n<p>Xat\u0131rladaq ki, 2 h\u0259ft\u0259 \u0259vv\u0259l 31 Dekabr &#8211; D\u00fcnya Az\u0259rbaycanl\u0131lar\u0131n\u0131n H\u0259mr\u0259yliyi G\u00fcn\u00fc v\u0259 Yeni il bayram\u0131 il\u0259 \u0259laq\u0259dar \u00f6lk\u0259d\u0259 bir h\u0259ft\u0259lik t\u0259tilin olaca\u011f\u0131 il\u0259 ba\u011fl\u0131 m\u0259lumat yay\u0131lm\u0131\u015fd\u0131.<\/p>\n<p>Qeyd ed\u0259k ki, bir ne\u00e7\u0259 g\u00fcn \u00f6nc\u0259 NK 2026-c\u0131 il \u00fc\u00e7\u00fcn Novruz, Ramazan v\u0259 Qurban bayramlar\u0131 g\u00fcnl\u0259rini m\u00fc\u0259yy\u0259n edib.<\/p>\n","protected":false},"excerpt":{"rendered":"<p>Az\u0259rbaycanda bir s\u0131ra universitet v\u0259 kurslarda bayramla ba\u011fl\u0131 i\u015f g\u00fcnl\u0259rinin yerl\u0259ri d\u0259yi\u015fdirilib. \u201cQafqazinfo\u201d x\u0259b\u0259r verir ki, b\u0259zi t\u0259hsil m\u00fc\u0259ssis\u0259l\u0259ri dekabr\u0131n 27-28-i il\u0259 (\u015f\u0259nb\u0259-bazar) dekabr\u0131n 29-30-u tarixl\u0259rind\u0259 yerd\u0259yi\u015fm\u0259 edibl\u0259r. Yeni ild\u0259 i\u015f v\u0259 istirah\u0259t g\u00fcnl\u0259rinin yerinin d\u0259yi\u015fdirilm\u0259si il\u0259 \u0259laq\u0259dar h\u0259l\u0259 he\u00e7 bir r\u0259smi m\u0259lumat olmasa da, kurs i\u015ftirak\u00e7\u0131lar\u0131na v\u0259 t\u0259l\u0259b\u0259l\u0259r\u0259 bildirilib ki, onlar h\u0259ft\u0259sonu d\u0259rsl\u0259rd\u0259 i\u015ftirak etm\u0259lidirl\u0259r. M\u0259s\u0259l\u0259 il\u0259 ba\u011fl\u0131 Nazirl\u0259r Kabinetin\u0259 (NK) sor\u011fu \u00fcnvanlad\u0131q. Qurumdan sayt\u0131m\u0131za bir daha bildirildi ki, bununla ba\u011fl\u0131 haz\u0131rda m\u00fcvafiq q\u0259rar yoxdur. Xat\u0131rladaq ki, 2 h\u0259ft\u0259 \u0259vv\u0259l 31 Dekabr &#8211; D\u00fcnya Az\u0259rbaycanl\u0131lar\u0131n\u0131n H\u0259mr\u0259yliyi G\u00fcn\u00fc v\u0259 Yeni&hellip;<\/p>\n","protected":false},"author":2,"featured_media":835807,"comment_status":"closed","ping_status":"closed","sticky":false,"template":"","format":"standard","meta":{"om_disable_all_campaigns":false,"_monsterinsights_skip_tracking":false,"_monsterinsights_sitenote_active":false,"_monsterinsights_sitenote_note":"","_monsterinsights_sitenote_category":0},"categories":[19],"tags":[],"aioseo_notices":[],"gutentor_comment":0,"rttpg_featured_image_url":{"full":["https:\/\/arantv.az\/wp-content\/uploads\/2025\/12\/3e7993df007f594f74048ec75c69e174.jpg",624,416,false],"landscape":["https:\/\/arantv.az\/wp-content\/uploads\/2025\/12\/3e7993df007f594f74048ec75c69e174.jpg",624,416,false],"portraits":["https:\/\/arantv.az\/wp-content\/uploads\/2025\/12\/3e7993df007f594f74048ec75c69e174.jpg",624,416,false],"thumbnail":["https:\/\/arantv.az\/wp-content\/uploads\/2025\/12\/3e7993df007f594f74048ec75c69e174-500x280.jpg",500,280,true],"medium":["https:\/\/arantv.az\/wp-content\/uploads\/2025\/12\/3e7993df007f594f74048ec75c69e174-548x365.jpg",548,365,true],"large":["https:\/\/arantv.az\/wp-content\/uploads\/2025\/12\/3e7993df007f594f74048ec75c69e174.jpg",624,416,false],"1536x1536":["https:\/\/arantv.az\/wp-content\/uploads\/2025\/12\/3e7993df007f594f74048ec75c69e174.jpg",624,416,false],"2048x2048":["https:\/\/arantv.az\/wp-content\/uploads\/2025\/12\/3e7993df007f594f74048ec75c69e174.jpg",624,416,false],"post-thumbnail":["https:\/\/arantv.az\/wp-content\/uploads\/2025\/12\/3e7993df007f594f74048ec75c69e174-240x172.jpg",240,172,true],"advps-thumb-one":["https:\/\/arantv.az\/wp-content\/uploads\/2025\/12\/3e7993df007f594f74048ec75c69e174.jpg",624,416,false]},"rttpg_author":{"display_name":"V\u00fcsal Rafiqo\u011flu","author_link":"https:\/\/arantv.az\/?author=2"},"rttpg_comment":0,"rttpg_category":"<a href=\"https:\/\/arantv.az\/?cat=19\" rel=\"category\">G\u00fcnd\u0259m<\/a>","rttpg_excerpt":"Az\u0259rbaycanda bir s\u0131ra universitet v\u0259 kurslarda bayramla ba\u011fl\u0131 i\u015f g\u00fcnl\u0259rinin yerl\u0259ri d\u0259yi\u015fdirilib. \u201cQafqazinfo\u201d x\u0259b\u0259r verir ki, b\u0259zi t\u0259hsil m\u00fc\u0259ssis\u0259l\u0259ri dekabr\u0131n 27-28-i il\u0259 (\u015f\u0259nb\u0259-bazar) dekabr\u0131n 29-30-u tarixl\u0259rind\u0259 yerd\u0259yi\u015fm\u0259 edibl\u0259r. Yeni ild\u0259 i\u015f v\u0259 istirah\u0259t g\u00fcnl\u0259rinin yerinin d\u0259yi\u015fdirilm\u0259si il\u0259 \u0259laq\u0259dar h\u0259l\u0259 he\u00e7 bir r\u0259smi m\u0259lumat olmasa da, kurs i\u015ftirak\u00e7\u0131lar\u0131na v\u0259 t\u0259l\u0259b\u0259l\u0259r\u0259 bildirilib ki, onlar h\u0259ft\u0259sonu d\u0259rsl\u0259rd\u0259 i\u015ftirak&hellip;","_links":{"self":[{"href":"https:\/\/arantv.az\/index.php?rest_route=\/wp\/v2\/posts\/835806"}],"collection":[{"href":"https:\/\/arantv.az\/index.php?rest_route=\/wp\/v2\/posts"}],"about":[{"href":"https:\/\/arantv.az\/index.php?rest_route=\/wp\/v2\/types\/post"}],"author":[{"embeddable":true,"href":"https:\/\/arantv.az\/index.php?rest_route=\/wp\/v2\/users\/2"}],"replies":[{"embeddable":true,"href":"https:\/\/arantv.az\/index.php?rest_route=%2Fwp%2Fv2%2Fcomments&post=835806"}],"version-history":[{"count":1,"href":"https:\/\/arantv.az\/index.php?rest_route=\/wp\/v2\/posts\/835806\/revisions"}],"predecessor-version":[{"id":835808,"href":"https:\/\/arantv.az\/index.php?rest_route=\/wp\/v2\/posts\/835806\/revisions\/835808"}],"wp:featuredmedia":[{"embeddable":true,"href":"https:\/\/arantv.az\/index.php?rest_route=\/wp\/v2\/media\/835807"}],"wp:attachment":[{"href":"https:\/\/arantv.az\/index.php?rest_route=%2Fwp%2Fv2%2Fmedia&parent=835806"}],"wp:term":[{"taxonomy":"category","embeddable":true,"href":"https:\/\/arantv.az\/index.php?rest_route=%2Fwp%2Fv2%2Fcategories&post=835806"},{"taxonomy":"post_tag","embeddable":true,"href":"https:\/\/arantv.az\/index.php?rest_route=%2Fwp%2Fv2%2Ftags&post=835806"}],"curies":[{"name":"wp","href":"https:\/\/api.w.org\/{rel}","templated":true}]}}