{"id":835814,"date":"2025-12-04T15:28:04","date_gmt":"2025-12-04T11:28:04","guid":{"rendered":"https:\/\/arantv.az\/?p=835814"},"modified":"2025-12-04T15:28:04","modified_gmt":"2025-12-04T11:28:04","slug":"ilham-%c9%99liyev-birl%c9%99smis-kralligin-mudafi%c9%99-uzr%c9%99-dovl%c9%99t-nazirini-q%c9%99bul-edib","status":"publish","type":"post","link":"https:\/\/arantv.az\/?p=835814","title":{"rendered":"\u0130lham \u018fliyev Birl\u0259\u015fmi\u015f Krall\u0131\u011f\u0131n m\u00fcdafi\u0259 \u00fczr\u0259 d\u00f6vl\u0259t nazirini q\u0259bul edib"},"content":{"rendered":"<div class=\"text-content\" data-id=\"\" data-url=\"\">\n<p><strong>Az\u0259rbaycan Respublikas\u0131n\u0131n Prezidenti \u0130lham \u018fliyev dekabr\u0131n 4-d\u0259 B\u00f6y\u00fck Britaniya v\u0259 \u015eimali \u0130rlandiya Birl\u0259\u015fmi\u015f Krall\u0131\u011f\u0131n\u0131n m\u00fcdafi\u0259 \u00fczr\u0259 d\u00f6vl\u0259t naziri Lord Vernon Koakeri q\u0259bul edib.<\/strong><\/p>\n<p><strong>Musavat.com<\/strong>\u00a0x\u0259b\u0259r verir ki, Az\u0259rbaycan Prezidenti il\u0259 g\u00f6r\u00fc\u015fd\u0259n m\u0259mnunlu\u011funu bildir\u0259n qonaq ilk n\u00f6vb\u0259d\u0259 B\u00f6y\u00fck Britaniya v\u0259 \u015eimali \u0130rlandiya Birl\u0259\u015fmi\u015f Krall\u0131\u011f\u0131n\u0131n Ba\u015f naziri Kir Starmerin salamlar\u0131n\u0131 d\u00f6vl\u0259t ba\u015f\u00e7\u0131s\u0131na \u00e7atd\u0131r\u0131b.<\/p>\n<p>Lord Vernon Koaker iki \u00f6lk\u0259 aras\u0131nda dostluq v\u0259 etimada \u0259saslanan m\u00fcnasib\u0259tl\u0259ri qeyd ed\u0259r\u0259k \u0259laq\u0259l\u0259rin strateji t\u0259r\u0259fda\u015fl\u0131q m\u00fcst\u0259visind\u0259 inki\u015faf etdirilm\u0259sind\u0259 maraql\u0131 olduqlar\u0131n\u0131 vur\u011fulay\u0131b.<\/p>\n<p>D\u00f6vl\u0259t ba\u015f\u00e7\u0131s\u0131 salamlara g\u00f6r\u0259 minn\u0259tdarl\u0131\u011f\u0131n\u0131 bildirib, onun da salamlar\u0131n\u0131 B\u00f6y\u00fck Britaniya v\u0259 \u015eimali \u0130rlandiya Birl\u0259\u015fmi\u015f Krall\u0131\u011f\u0131n\u0131n Ba\u015f nazirin\u0259 \u00e7atd\u0131rma\u011f\u0131 xahi\u015f edib. Prezident \u0130lham \u018fliyev Kir Starmerin COP29-da i\u015ftirak\u0131n\u0131 v\u0259 onunla g\u00f6r\u00fc\u015f\u00fcn\u00fc m\u0259mnunluqla xat\u0131rlad\u0131b.<\/p>\n<p>\u0130kit\u0259r\u0259fli m\u00fcnasib\u0259tl\u0259rin z\u0259ngin tarixinin oldu\u011funu dey\u0259n d\u00f6vl\u0259t ba\u015f\u00e7\u0131s\u0131 iki \u00f6lk\u0259 aras\u0131nda \u0259m\u0259kda\u015fl\u0131\u011f\u0131n enerji sektorundan ba\u015flad\u0131\u011f\u0131n\u0131 v\u0259 daha sonra bir \u00e7ox sah\u0259l\u0259ri \u0259hat\u0259 etdiyini vur\u011fulad\u0131. Prezident \u0130lham \u018fliyev ticar\u0259t, investisiya v\u0259 dig\u0259r sah\u0259l\u0259rd\u0259 \u0259m\u0259kda\u015fl\u0131\u011f\u0131 daha da geni\u015fl\u0259ndirm\u0259k \u00fc\u00e7\u00fcn yax\u015f\u0131 imkanlar\u0131n oldu\u011funu dedi. D\u00f6vl\u0259timizin ba\u015f\u00e7\u0131s\u0131 haz\u0131rda \u00f6lk\u0259l\u0259rimiz aras\u0131nda m\u00fcdafi\u0259 s\u0259nayesi sah\u0259sind\u0259 \u0259m\u0259kda\u015fl\u0131qla ba\u011fl\u0131 yeni s\u0259hif\u0259nin a\u00e7\u0131lmas\u0131na toxunaraq, bunu qar\u015f\u0131l\u0131ql\u0131 etimad\u0131n g\u00f6st\u0259ricisi kimi qiym\u0259tl\u0259ndirdi.<\/p>\n<p>Qonaq Az\u0259rbaycanla Erm\u0259nistan aras\u0131nda m\u00fcnasib\u0259tl\u0259rin normalla\u015fmas\u0131 v\u0259 s\u00fclh g\u00fcnd\u0259liyinin ir\u0259li apar\u0131lmas\u0131 istiqam\u0259tind\u0259 bu ilin avqustunda Va\u015finqtonda \u0259ld\u0259 edilmi\u015f n\u0259tic\u0259l\u0259r m\u00fcnasib\u0259til\u0259 d\u00f6vl\u0259timizin ba\u015f\u00e7\u0131s\u0131n\u0131 t\u0259brik etdi.<\/p>\n<p>Prezident \u0130lham \u018fliyev t\u0259brikl\u0259r\u0259 g\u00f6r\u0259 t\u0259\u015f\u0259kk\u00fcr\u00fcn\u00fc bildir\u0259r\u0259k, b\u00fct\u00fcn bunlar\u0131n tarixi \u0259h\u0259miyy\u0259t da\u015f\u0131d\u0131\u011f\u0131n\u0131 vur\u011fulad\u0131 v\u0259 bu m\u0259s\u0259l\u0259d\u0259 AB\u015e Prezidenti Donald Tramp\u0131n x\u00fcsusi roluna toxundu. D\u00f6vl\u0259timizin ba\u015f\u00e7\u0131s\u0131 s\u00fclh g\u00fcnd\u0259liyinin t\u0259\u015f\u0259bb\u00fcskar\u0131n\u0131n m\u0259hz Az\u0259rbaycan oldu\u011funu dedi v\u0259 onun ir\u0259li apar\u0131lmas\u0131 \u00fc\u00e7\u00fcn \u00f6lk\u0259mizin bundan sonra da s\u0259yl\u0259rini davam etdir\u0259c\u0259yini vur\u011fulad\u0131.<\/p>\n<p>S\u00f6hb\u0259t zaman\u0131 qar\u015f\u0131l\u0131ql\u0131 maraq do\u011furan m\u0259s\u0259l\u0259l\u0259r \u0259traf\u0131nda fikir m\u00fcbadil\u0259si apar\u0131ld\u0131.<\/p>\n<\/div>\n<div>\n<div class=\"form-group\"><img class=\"img-responsive\" src=\"https:\/\/cdn.musavat.com\/news\/images\/Gulnar11\/gyy\/fkGqVg6SVIS4Pk9a1P4bSGdVa83jz3kiz7EChIn8_1200.jpg\" \/><\/div>\n<div class=\"form-group\"><img class=\"img-responsive\" src=\"https:\/\/cdn.musavat.com\/news\/images\/Gulnar11\/gyy\/sy3qhNTjWsRTgLMFV2HAwRatH2kE8eifbmXoI9Rs_1200.jpg\" \/><\/div>\n<\/div>\n","protected":false},"excerpt":{"rendered":"<p>Az\u0259rbaycan Respublikas\u0131n\u0131n Prezidenti \u0130lham \u018fliyev dekabr\u0131n 4-d\u0259 B\u00f6y\u00fck Britaniya v\u0259 \u015eimali \u0130rlandiya Birl\u0259\u015fmi\u015f Krall\u0131\u011f\u0131n\u0131n m\u00fcdafi\u0259 \u00fczr\u0259 d\u00f6vl\u0259t naziri Lord Vernon Koakeri q\u0259bul edib. Musavat.com\u00a0x\u0259b\u0259r verir ki, Az\u0259rbaycan Prezidenti il\u0259 g\u00f6r\u00fc\u015fd\u0259n m\u0259mnunlu\u011funu bildir\u0259n qonaq ilk n\u00f6vb\u0259d\u0259 B\u00f6y\u00fck Britaniya v\u0259 \u015eimali \u0130rlandiya Birl\u0259\u015fmi\u015f Krall\u0131\u011f\u0131n\u0131n Ba\u015f naziri Kir Starmerin salamlar\u0131n\u0131 d\u00f6vl\u0259t ba\u015f\u00e7\u0131s\u0131na \u00e7atd\u0131r\u0131b. Lord Vernon Koaker iki \u00f6lk\u0259 aras\u0131nda dostluq v\u0259 etimada \u0259saslanan m\u00fcnasib\u0259tl\u0259ri qeyd ed\u0259r\u0259k \u0259laq\u0259l\u0259rin strateji t\u0259r\u0259fda\u015fl\u0131q m\u00fcst\u0259visind\u0259 inki\u015faf etdirilm\u0259sind\u0259 maraql\u0131 olduqlar\u0131n\u0131 vur\u011fulay\u0131b. D\u00f6vl\u0259t ba\u015f\u00e7\u0131s\u0131 salamlara g\u00f6r\u0259 minn\u0259tdarl\u0131\u011f\u0131n\u0131 bildirib, onun da salamlar\u0131n\u0131 B\u00f6y\u00fck Britaniya v\u0259 \u015eimali \u0130rlandiya Birl\u0259\u015fmi\u015f Krall\u0131\u011f\u0131n\u0131n Ba\u015f nazirin\u0259&hellip;<\/p>\n","protected":false},"author":2,"featured_media":835815,"comment_status":"closed","ping_status":"closed","sticky":false,"template":"","format":"standard","meta":{"om_disable_all_campaigns":false,"_monsterinsights_skip_tracking":false,"_monsterinsights_sitenote_active":false,"_monsterinsights_sitenote_note":"","_monsterinsights_sitenote_category":0},"categories":[4],"tags":[],"aioseo_notices":[],"gutentor_comment":0,"rttpg_featured_image_url":{"full":["https:\/\/arantv.az\/wp-content\/uploads\/2025\/12\/3df4880ff7db3c7346f46ce23f28cf82.jpg",824,500,false],"landscape":["https:\/\/arantv.az\/wp-content\/uploads\/2025\/12\/3df4880ff7db3c7346f46ce23f28cf82.jpg",824,500,false],"portraits":["https:\/\/arantv.az\/wp-content\/uploads\/2025\/12\/3df4880ff7db3c7346f46ce23f28cf82.jpg",824,500,false],"thumbnail":["https:\/\/arantv.az\/wp-content\/uploads\/2025\/12\/3df4880ff7db3c7346f46ce23f28cf82-500x280.jpg",500,280,true],"medium":["https:\/\/arantv.az\/wp-content\/uploads\/2025\/12\/3df4880ff7db3c7346f46ce23f28cf82-602x365.jpg",602,365,true],"large":["https:\/\/arantv.az\/wp-content\/uploads\/2025\/12\/3df4880ff7db3c7346f46ce23f28cf82.jpg",640,388,false],"1536x1536":["https:\/\/arantv.az\/wp-content\/uploads\/2025\/12\/3df4880ff7db3c7346f46ce23f28cf82.jpg",824,500,false],"2048x2048":["https:\/\/arantv.az\/wp-content\/uploads\/2025\/12\/3df4880ff7db3c7346f46ce23f28cf82.jpg",824,500,false],"post-thumbnail":["https:\/\/arantv.az\/wp-content\/uploads\/2025\/12\/3df4880ff7db3c7346f46ce23f28cf82-240x172.jpg",240,172,true],"advps-thumb-one":["https:\/\/arantv.az\/wp-content\/uploads\/2025\/12\/3df4880ff7db3c7346f46ce23f28cf82.jpg",824,500,false]},"rttpg_author":{"display_name":"V\u00fcsal Rafiqo\u011flu","author_link":"https:\/\/arantv.az\/?author=2"},"rttpg_comment":0,"rttpg_category":"<a href=\"https:\/\/arantv.az\/?cat=4\" rel=\"category\">Siyas\u0259t<\/a>","rttpg_excerpt":"Az\u0259rbaycan Respublikas\u0131n\u0131n Prezidenti \u0130lham \u018fliyev dekabr\u0131n 4-d\u0259 B\u00f6y\u00fck Britaniya v\u0259 \u015eimali \u0130rlandiya Birl\u0259\u015fmi\u015f Krall\u0131\u011f\u0131n\u0131n m\u00fcdafi\u0259 \u00fczr\u0259 d\u00f6vl\u0259t naziri Lord Vernon Koakeri q\u0259bul edib. Musavat.com\u00a0x\u0259b\u0259r verir ki, Az\u0259rbaycan Prezidenti il\u0259 g\u00f6r\u00fc\u015fd\u0259n m\u0259mnunlu\u011funu bildir\u0259n qonaq ilk n\u00f6vb\u0259d\u0259 B\u00f6y\u00fck Britaniya v\u0259 \u015eimali \u0130rlandiya Birl\u0259\u015fmi\u015f Krall\u0131\u011f\u0131n\u0131n Ba\u015f naziri Kir Starmerin salamlar\u0131n\u0131 d\u00f6vl\u0259t ba\u015f\u00e7\u0131s\u0131na \u00e7atd\u0131r\u0131b. Lord Vernon Koaker iki \u00f6lk\u0259&hellip;","_links":{"self":[{"href":"https:\/\/arantv.az\/index.php?rest_route=\/wp\/v2\/posts\/835814"}],"collection":[{"href":"https:\/\/arantv.az\/index.php?rest_route=\/wp\/v2\/posts"}],"about":[{"href":"https:\/\/arantv.az\/index.php?rest_route=\/wp\/v2\/types\/post"}],"author":[{"embeddable":true,"href":"https:\/\/arantv.az\/index.php?rest_route=\/wp\/v2\/users\/2"}],"replies":[{"embeddable":true,"href":"https:\/\/arantv.az\/index.php?rest_route=%2Fwp%2Fv2%2Fcomments&post=835814"}],"version-history":[{"count":1,"href":"https:\/\/arantv.az\/index.php?rest_route=\/wp\/v2\/posts\/835814\/revisions"}],"predecessor-version":[{"id":835816,"href":"https:\/\/arantv.az\/index.php?rest_route=\/wp\/v2\/posts\/835814\/revisions\/835816"}],"wp:featuredmedia":[{"embeddable":true,"href":"https:\/\/arantv.az\/index.php?rest_route=\/wp\/v2\/media\/835815"}],"wp:attachment":[{"href":"https:\/\/arantv.az\/index.php?rest_route=%2Fwp%2Fv2%2Fmedia&parent=835814"}],"wp:term":[{"taxonomy":"category","embeddable":true,"href":"https:\/\/arantv.az\/index.php?rest_route=%2Fwp%2Fv2%2Fcategories&post=835814"},{"taxonomy":"post_tag","embeddable":true,"href":"https:\/\/arantv.az\/index.php?rest_route=%2Fwp%2Fv2%2Ftags&post=835814"}],"curies":[{"name":"wp","href":"https:\/\/api.w.org\/{rel}","templated":true}]}}